{"id":1140,"date":"2016-06-19T21:27:12","date_gmt":"2016-06-19T20:27:12","guid":{"rendered":"http:\/\/blog.craftine.com\/?p=1140"},"modified":"2019-03-04T14:31:33","modified_gmt":"2019-03-04T13:31:33","slug":"craftine-box-la-box-du-mois-de-juin-est-arrivee","status":"publish","type":"post","link":"https:\/\/wp.craftine.cargo-webproject.com\/craftine-box-la-box-du-mois-de-juin-est-arrivee\/","title":{"rendered":"Craftine box : La box du mois de juin est arriv\u00e9e"},"content":{"rendered":"<p>Voil\u00e0 l&rsquo;\u00e9t\u00e9 qui pointe le bout de son nez et\u00a0c&rsquo;est aussi\u00a0l&rsquo;arriv\u00e9e de votre box du mois de juin ! Avec le retour de l&rsquo;\u00e9t\u00e9, des vacances, de la chaleur, du farniente, cette nouvelle box se pare de l\u00e9g\u00e8ret\u00e9, de\u00a0mati\u00e8res adapt\u00e9es \u00e0 la\u00a0chaleur\u00a0et de\u00a0couleurs gaies. C&rsquo;est le moment de vivre \u00e0 l&rsquo;heure espagnole, un verre de th\u00e9 glac\u00e9 \u00e0 la main.<!--more--><\/p>\n<p>Cette nouvelle box r\u00e9pond toujours au m\u00eame concept :<\/p>\n<blockquote><p>Un concentr\u00e9 de plaisir, de surprises pour faire parler votre cr\u00e9ativit\u00e9 !<\/p><\/blockquote>\n<p>Nous levons le suspens, voici\u00a0ce que vous allez d\u00e9couvrir\u00a0dans votre jolie boite couture (\u00e0 r\u00e9utiliser pour y ranger coupons de tissus, rubans, bobines&#8230;) :<\/p>\n<p><img loading=\"lazy\" decoding=\"async\" class=\"alignnone size-large wp-image-1233\" src=\"https:\/\/www.craftine.com\/wp\/wp-content\/uploads\/2016\/06\/contenu-1-1024x791.jpg\" alt=\"contenu\" width=\"1024\" height=\"791\" srcset=\"https:\/\/wp.craftine.cargo-webproject.com\/wp-content\/uploads\/2016\/06\/contenu-1-1024x791.jpg 1024w, https:\/\/wp.craftine.cargo-webproject.com\/wp-content\/uploads\/2016\/06\/contenu-1-300x232.jpg 300w, https:\/\/wp.craftine.cargo-webproject.com\/wp-content\/uploads\/2016\/06\/contenu-1-768x593.jpg 768w, https:\/\/wp.craftine.cargo-webproject.com\/wp-content\/uploads\/2016\/06\/contenu-1-696x537.jpg 696w, https:\/\/wp.craftine.cargo-webproject.com\/wp-content\/uploads\/2016\/06\/contenu-1-1068x824.jpg 1068w, https:\/\/wp.craftine.cargo-webproject.com\/wp-content\/uploads\/2016\/06\/contenu-1-544x420.jpg 544w, https:\/\/wp.craftine.cargo-webproject.com\/wp-content\/uploads\/2016\/06\/contenu-1.jpg 1500w\" sizes=\"auto, (max-width: 1024px) 100vw, 1024px\" \/><\/p>\n<p>La box du mois contient :<\/p>\n<ul>\n<li>Tissu Viscose imprim\u00e9 :\u00a0150\u00d7150 cm<\/li>\n<li>Tissu Lin \u00e9cru : 50\u00d7140 cm<\/li>\n<li>Passepoil orange\u00a0: 150 cm<\/li>\n<li>Bobine de fil \u00e9crue : 1<\/li>\n<li>Un th\u00e9 glac\u00e9 : voir son mode de pr\u00e9paration en bas de l&rsquo;article<\/li>\n<\/ul>\n<p>Nous avons choisi de r\u00e9aliser chez Craftine avec ce contenu, la robe Malo de Anne\u00a0Kerdil\u00e8s\u00a0Couture, un mod\u00e8le simple et efficace, aux lignes \u00e9pur\u00e9es avec de jolis mancherons passepoil\u00e9s qui apportent une touche de sophistication. Cette robe sera id\u00e9ale \u00e0 porter aussi bien en vacances qu&rsquo;au bureau.<\/p>\n<p><img loading=\"lazy\" decoding=\"async\" class=\"alignnone wp-image-3205 size-full\" src=\"https:\/\/www.craftine.com\/blog\/wp-content\/uploads\/2016\/06\/recto_carte_postale_box_juin.jpg\" alt=\"\" width=\"1068\" height=\"758\" srcset=\"https:\/\/wp.craftine.cargo-webproject.com\/wp-content\/uploads\/2016\/06\/recto_carte_postale_box_juin.jpg 1068w, https:\/\/wp.craftine.cargo-webproject.com\/wp-content\/uploads\/2016\/06\/recto_carte_postale_box_juin-300x213.jpg 300w, https:\/\/wp.craftine.cargo-webproject.com\/wp-content\/uploads\/2016\/06\/recto_carte_postale_box_juin-768x545.jpg 768w, https:\/\/wp.craftine.cargo-webproject.com\/wp-content\/uploads\/2016\/06\/recto_carte_postale_box_juin-1024x727.jpg 1024w, https:\/\/wp.craftine.cargo-webproject.com\/wp-content\/uploads\/2016\/06\/recto_carte_postale_box_juin-100x70.jpg 100w, https:\/\/wp.craftine.cargo-webproject.com\/wp-content\/uploads\/2016\/06\/recto_carte_postale_box_juin-696x494.jpg 696w, https:\/\/wp.craftine.cargo-webproject.com\/wp-content\/uploads\/2016\/06\/recto_carte_postale_box_juin-592x420.jpg 592w\" sizes=\"auto, (max-width: 1068px) 100vw, 1068px\" \/><\/p>\n<p>Le patron est disponible au format PDF sur la boutique de <a href=\"https:\/\/www.annekerdilescouture.com\/fr\/produit\/patrons-pdf\/robe-malo-pdf\/\" target=\"_blank\" rel=\"noopener noreferrer\"><strong>AnneKerdil\u00e8sCouture<\/strong><\/a>. Pour l&rsquo;occasion, AnneKerdil\u00e8sCouture propose \u00e0 tous les abonn\u00e9s de la box, une ristourne de -20% sur le patron PDF en utilisant le code de remise mentionn\u00e9 sur la carte postale que vous trouverez dans votre box.<\/p>\n<p>Nous vous proposons \u00e9galement de r\u00e9aliser un sac\u00a0estival\u00a0assorti, \u00e0 la fois d\u00e9contract\u00e9 et chic \u00e0 utiliser dans toutes les circonstances. Vous trouverez le tuto <a href=\"http:\/\/blog.craftine.com\/cousons-ensemble-tuto-sac-estival\/\" target=\"_blank\" rel=\"noopener noreferrer\">ici<\/a>.<\/p>\n<p>Et vous, qu&rsquo;allez-vous cr\u00e9er ce mois-ci ? Laisserez-vous tenter par ces propositions ou avez-vous une toute autre id\u00e9e en t\u00eate ?<\/p>\n<p>N&rsquo;oubliez-pas de partager avec les autres abonn\u00e9s vos jolies cr\u00e9ations sur notre <a href=\"https:\/\/www.facebook.com\/craftine\" target=\"_blank\" rel=\"noopener noreferrer\">page facebook<\/a>. Nous ne manquerons pas d&rsquo;enrichir l&rsquo;album des cr\u00e9ations du mois. Voici celui regroupant les <a href=\"https:\/\/business.facebook.com\/media\/set\/?set=a.1107538872600877.1073741831.789503784404389&amp;type=1&amp;l=837b444ac6\" target=\"_blank\" rel=\"noopener noreferrer\">cr\u00e9ations r\u00e9alis\u00e9es avec la box printani\u00e8re du mois d&rsquo;avril<\/a>.<\/p>\n<p>Si vous souhaitez vous inscrire pour recevoir la prochaine box, c\u2019est par <a href=\"http:\/\/box.craftine.com\/s-abonner\/\">ici<\/a>.<\/p>\n<p>Si vous souhaitez d\u00e9couvrir d\u2019autres tissus dans notre boutique en ligne, c\u2019est par\u00a0<a href=\"http:\/\/www.craftine.com\/\">ici<\/a>.<\/p>\n<p>Toute l\u2019\u00e9quipe de Craftine vous souhaite de belles cr\u00e9ations et un bon \u00e9t\u00e9.<\/p>\n<p>On vous dit \u00e0 tr\u00e8s vite.<\/p>\n<p>*******************************************************************************<\/p>\n<p>Mode de pr\u00e9paration du th\u00e9 glac\u00e9 :\u00a0Sachet pour\u00a0une tasse de 25 cl<\/p>\n<p>Laissez infuser votre th\u00e9 glac\u00e9 dans l\u2019eau \u00e0 temp\u00e9rature ambiante pendant 30 minutes ou si vous pr\u00e9f\u00e9rez une boisson aux parfums plus intenses, prolongez l&rsquo;infusion jusqu&rsquo;\u00e0 une heure.<br \/>\nVous pouvez aussi infuser le th\u00e9 glac\u00e9 \u00e0 chaud en suivant\u00a0les instructions du sachet.<br \/>\nEt pour plus de gourmandise, accompagnez votre th\u00e9 glac\u00e9 de fruits d&rsquo;\u00e9t\u00e9 : une rondelle d&rsquo;orange, de citron vert ou jaune, des quartiers de p\u00eache, de quelques framboises ou feuilles de menthe\u2026<br \/>\nBonne d\u00e9gustation\u00a0!<\/p>\n","protected":false},"excerpt":{"rendered":"<p>Voil\u00e0 l&rsquo;\u00e9t\u00e9 qui pointe le bout de son nez et\u00a0c&rsquo;est aussi\u00a0l&rsquo;arriv\u00e9e de votre box du mois de juin ! Avec le retour de l&rsquo;\u00e9t\u00e9, des vacances, de la chaleur, du farniente, cette nouvelle box se pare de l\u00e9g\u00e8ret\u00e9, de\u00a0mati\u00e8res adapt\u00e9es \u00e0 la\u00a0chaleur\u00a0et de\u00a0couleurs gaies. C&rsquo;est le moment de vivre \u00e0 l&rsquo;heure espagnole, un verre de [&hellip;]<\/p>\n","protected":false},"author":1,"featured_media":1231,"comment_status":"open","ping_status":"open","sticky":false,"template":"","format":"standard","meta":{"footnotes":""},"categories":[17],"tags":[],"class_list":{"0":"post-1140","1":"post","2":"type-post","3":"status-publish","4":"format-standard","5":"has-post-thumbnail","7":"category-box"},"_links":{"self":[{"href":"https:\/\/wp.craftine.cargo-webproject.com\/wp-json\/wp\/v2\/posts\/1140","targetHints":{"allow":["GET"]}}],"collection":[{"href":"https:\/\/wp.craftine.cargo-webproject.com\/wp-json\/wp\/v2\/posts"}],"about":[{"href":"https:\/\/wp.craftine.cargo-webproject.com\/wp-json\/wp\/v2\/types\/post"}],"author":[{"embeddable":true,"href":"https:\/\/wp.craftine.cargo-webproject.com\/wp-json\/wp\/v2\/users\/1"}],"replies":[{"embeddable":true,"href":"https:\/\/wp.craftine.cargo-webproject.com\/wp-json\/wp\/v2\/comments?post=1140"}],"version-history":[{"count":2,"href":"https:\/\/wp.craftine.cargo-webproject.com\/wp-json\/wp\/v2\/posts\/1140\/revisions"}],"predecessor-version":[{"id":3206,"href":"https:\/\/wp.craftine.cargo-webproject.com\/wp-json\/wp\/v2\/posts\/1140\/revisions\/3206"}],"wp:featuredmedia":[{"embeddable":true,"href":"https:\/\/wp.craftine.cargo-webproject.com\/wp-json\/wp\/v2\/media\/1231"}],"wp:attachment":[{"href":"https:\/\/wp.craftine.cargo-webproject.com\/wp-json\/wp\/v2\/media?parent=1140"}],"wp:term":[{"taxonomy":"category","embeddable":true,"href":"https:\/\/wp.craftine.cargo-webproject.com\/wp-json\/wp\/v2\/categories?post=1140"},{"taxonomy":"post_tag","embeddable":true,"href":"https:\/\/wp.craftine.cargo-webproject.com\/wp-json\/wp\/v2\/tags?post=1140"}],"curies":[{"name":"wp","href":"https:\/\/api.w.org\/{rel}","templated":true}]}}