{"id":1153,"date":"2016-06-19T21:02:58","date_gmt":"2016-06-19T20:02:58","guid":{"rendered":"http:\/\/blog.craftine.com\/?p=1153"},"modified":"2023-08-16T16:13:04","modified_gmt":"2023-08-16T14:13:04","slug":"cousons-ensemble-tuto-sac-estival","status":"publish","type":"post","link":"https:\/\/wp.craftine.cargo-webproject.com\/cousons-ensemble-tuto-sac-estival\/","title":{"rendered":"Cousons ensemble : Tuto Sac estival"},"content":{"rendered":"<p>Vous cherchez un joli sac fourre tout \u00e0 la fois pratique et chic ? Voici le sac qu&rsquo;il vous faut. Un sac estival qui vous accompagnera dans toutes les circonstances, autant en ville, \u00e0 la campagne ou \u00e0 la plage.<!--more--><\/p>\n<h3>Les fournitures dont vous avez besoin :<\/h3>\n<ul>\n<li><a href=\"https:\/\/www.craftine.com\/tissu-lin-ecru.html\">Tissu lin \u00e9cru<\/a> : 50\u00d7150 cm<\/li>\n<li><a href=\"https:\/\/www.craftine.com\/catalogsearch\/result\/?q=Tissu%20viscose%20imprim%C3%A9%20triangles\">Tissu viscose imprim\u00e9 triangles<\/a> : chutes (ou pas)<\/li>\n<li><a href=\"https:\/\/www.craftine.com\/mercerie\/rubanerie\/passepoil.html\">Passepoil\u00a0orange<\/a> : 80 cm<\/li>\n<li><a href=\"https:\/\/www.craftine.com\/blog\/wp-content\/uploads\/2016\/06\/gabarit-sac-2-1.pdf\" target=\"_blank\" rel=\"noopener noreferrer\">Patron sac<\/a><\/li>\n<\/ul>\n<p>Toutes ces fournitures sont disponibles dans la <a href=\"https:\/\/www.craftine.com\/box-couture.html\">Craftine Box<\/a>\u00a0du mois de juin.<\/p>\n<h3>La r\u00e9alisation pas \u00e0 pas :<\/h3>\n<p><img loading=\"lazy\" decoding=\"async\" class=\"alignnone size-large wp-image-1202\" src=\"https:\/\/www.craftine.com\/blog\/wp-content\/uploads\/2016\/06\/tuto-1-989x1024.jpg\" alt=\"tuto\" width=\"989\" height=\"1024\" srcset=\"https:\/\/wp.craftine.cargo-webproject.com\/wp-content\/uploads\/2016\/06\/tuto-1-989x1024.jpg 989w, https:\/\/wp.craftine.cargo-webproject.com\/wp-content\/uploads\/2016\/06\/tuto-1-290x300.jpg 290w, https:\/\/wp.craftine.cargo-webproject.com\/wp-content\/uploads\/2016\/06\/tuto-1-768x795.jpg 768w, https:\/\/wp.craftine.cargo-webproject.com\/wp-content\/uploads\/2016\/06\/tuto-1-696x720.jpg 696w, https:\/\/wp.craftine.cargo-webproject.com\/wp-content\/uploads\/2016\/06\/tuto-1-1068x1105.jpg 1068w, https:\/\/wp.craftine.cargo-webproject.com\/wp-content\/uploads\/2016\/06\/tuto-1-406x420.jpg 406w, https:\/\/wp.craftine.cargo-webproject.com\/wp-content\/uploads\/2016\/06\/tuto-1.jpg 1880w\" sizes=\"auto, (max-width: 989px) 100vw, 989px\" \/><\/p>\n<p>1. D\u00e9couper dans le lin et la viscose\u00a0les pi\u00e8ces\u00a0dont vous avez besoin (photo 1).<\/p>\n<p>2. \u00c9pingler le passepoil sur un des c\u00f4t\u00e9s larges de chaque coupon rectangulaire de lin (photo 2) et le coudre \u00e0 l&rsquo;aide du pied pour fermeture \u00e9clair (photo 3). Pour plus de d\u00e9tail sur la technique de pose du passepoil, suivre <a href=\"https:\/\/www.craftine.com\/blog\/astuces-couture-box-du-mois-d-octobre-creer-son-biais-et-son-passepoil\/\" rel=\"noopener noreferrer\">ce lien<\/a>.<\/p>\n<p>3. Positionner et \u00e9pingler endroit contre endroit chaque coupon de lin passepoil\u00e9 avec un\u00a0coupon de viscose (photo 4). Coudre au plus pr\u00e8s du passepoil toujours avec le pied pour fermeture \u00e9clair.<\/p>\n<p>4. Effectuer deux rentr\u00e9s successifs sur le haut de la poche de 1,5 cm (photo 5), le repasser puis le coudre pour le maintenir. Centrer la poche sur un des ouvrages obtenus et \u00e9pingler tout le tour (photo 6) et coudre la poche.<\/p>\n<p>5. Superposer les deux ouvrages endroit contre endroit et \u00e9pingler les c\u00f4t\u00e9s (photo 7) avant de les coudre \u00e0 1 cm du bord. Retourner sur l&rsquo;endroit et aplatir les c\u00f4t\u00e9s au fer.<\/p>\n<p>6. R\u00e9aliser des soufflets en effectuant un rentr\u00e9 de 3 cm comme sur la photo au bas du sac sur chacun des c\u00f4t\u00e9s (photo 8). Maintenir les deux rentr\u00e9s \u00e0 l&rsquo;aide d&rsquo;une \u00e9pingle et coudre le bas du sac sur l&rsquo;endroit au plus pr\u00e8s du bord. Cela permettra de maintenir les rentr\u00e9s. Retourner sur l&rsquo;endroit.<\/p>\n<p>7. D\u00e9gager les angles, rabattre les c\u00f4t\u00e9s sur le dos du sac et \u00e9pingler (photo 9). Coudre alors le fond du sac \u00e0 1 cm du bord. Retourner sur l&rsquo;endroit et repasser.<\/p>\n<p>8. Repartir des \u00e9tapes 7 \u00e0 9 pour r\u00e9aliser la doublure.<\/p>\n<p>9. Ins\u00e9rer l&rsquo;ext\u00e9rieur du sac dans l&rsquo;int\u00e9rieur du sac endroit contre endroit.<\/p>\n<p>10. \u00c9pingler les anses au niveau du milieu du sac en forme de U (photo 10) et coudre. Cranter les arrondis (photo 11) et retourner le sac sur l&rsquo;endroit. \u00c9craser les coutures au fer.<\/p>\n<p>11. Ouvrir le haut des anses, \u00e9pingler (photo 12) et coudre endroit contre endroit. \u00c9carter les coutures au fer et retourner sur l&rsquo;endroit (photo 13).<\/p>\n<p>12. Marquer au fer un rentr\u00e9 de 1 cm sur tout le tour des c\u00f4t\u00e9s des anses non cousus (photo 14) et \u00e9pingler l&rsquo;ext\u00e9rieur avec l&rsquo;int\u00e9rieur (photo 15). Coudre \u00e0 la machine ou \u00e0 la main pour un point plus discret.<\/p>\n<p>Votre sac estival est termin\u00e9 !<\/p>\n","protected":false},"excerpt":{"rendered":"<p>Vous cherchez un joli sac fourre tout \u00e0 la fois pratique et chic ? Voici le sac qu&rsquo;il vous faut. Un sac estival qui vous accompagnera dans toutes les circonstances, autant en ville, \u00e0 la campagne ou \u00e0 la plage.<\/p>\n","protected":false},"author":1,"featured_media":1226,"comment_status":"open","ping_status":"open","sticky":false,"template":"","format":"standard","meta":{"footnotes":""},"categories":[17,20],"tags":[],"class_list":{"0":"post-1153","1":"post","2":"type-post","3":"status-publish","4":"format-standard","5":"has-post-thumbnail","7":"category-box","8":"category-tutos"},"_links":{"self":[{"href":"https:\/\/wp.craftine.cargo-webproject.com\/wp-json\/wp\/v2\/posts\/1153","targetHints":{"allow":["GET"]}}],"collection":[{"href":"https:\/\/wp.craftine.cargo-webproject.com\/wp-json\/wp\/v2\/posts"}],"about":[{"href":"https:\/\/wp.craftine.cargo-webproject.com\/wp-json\/wp\/v2\/types\/post"}],"author":[{"embeddable":true,"href":"https:\/\/wp.craftine.cargo-webproject.com\/wp-json\/wp\/v2\/users\/1"}],"replies":[{"embeddable":true,"href":"https:\/\/wp.craftine.cargo-webproject.com\/wp-json\/wp\/v2\/comments?post=1153"}],"version-history":[{"count":7,"href":"https:\/\/wp.craftine.cargo-webproject.com\/wp-json\/wp\/v2\/posts\/1153\/revisions"}],"predecessor-version":[{"id":5687,"href":"https:\/\/wp.craftine.cargo-webproject.com\/wp-json\/wp\/v2\/posts\/1153\/revisions\/5687"}],"wp:featuredmedia":[{"embeddable":true,"href":"https:\/\/wp.craftine.cargo-webproject.com\/wp-json\/wp\/v2\/media\/1226"}],"wp:attachment":[{"href":"https:\/\/wp.craftine.cargo-webproject.com\/wp-json\/wp\/v2\/media?parent=1153"}],"wp:term":[{"taxonomy":"category","embeddable":true,"href":"https:\/\/wp.craftine.cargo-webproject.com\/wp-json\/wp\/v2\/categories?post=1153"},{"taxonomy":"post_tag","embeddable":true,"href":"https:\/\/wp.craftine.cargo-webproject.com\/wp-json\/wp\/v2\/tags?post=1153"}],"curies":[{"name":"wp","href":"https:\/\/api.w.org\/{rel}","templated":true}]}}