{"id":1277,"date":"2016-08-25T08:25:29","date_gmt":"2016-08-25T07:25:29","guid":{"rendered":"http:\/\/blog.craftine.com\/?p=1277"},"modified":"2019-02-18T15:49:06","modified_gmt":"2019-02-18T14:49:06","slug":"craftine-box-la-box-du-mois-d-aout-2016-est-arrivee","status":"publish","type":"post","link":"https:\/\/wp.craftine.cargo-webproject.com\/craftine-box-la-box-du-mois-d-aout-2016-est-arrivee\/","title":{"rendered":"Craftine box : La box du mois d&rsquo;ao\u00fbt est arriv\u00e9e"},"content":{"rendered":"<p>La rentr\u00e9e approche \u00e0 grand pas ! C&rsquo;est la fin des vacances, un brin de nostalgie s&#8217;empare de vous, mais pour affronter cette transition, nous vous avons concoct\u00e9 une box avec une belle\u00a0nouveaut\u00e9 !<br \/>\nComme nous vous l&rsquo;avions annonc\u00e9 la semaine pass\u00e9e sur les r\u00e9seaux sociaux, cette nouvelle box contient\u00a0une nouveaut\u00e9 qui sera d\u00e9sormais pr\u00e9sente dans toutes les futures box.<br \/>\nVous voulez tout savoir ? Allez, fini le suspens.<!--more--><\/p>\n<p>L&rsquo;\u00e9quipe de Craftine vous remercie \u00e0 tous pour l&rsquo;enthousiasme toujours grandissant que vous t\u00e9moignez pour\u00a0nos box et leurs contenus. Chaque mois vous \u00eates de plus en plus nombreux \u00e0 rejoindre l&rsquo;aventure de la Craftine Box. Nous cherchons sans cesse \u00e0 vous \u00e9pater, vous surprendre, vous \u00e9merveiller et vous chouchouter encore plus !\u00a0C&rsquo;est pourquoi, nous avons d\u00e9cid\u00e9 dor\u00e9navant de vous mettre \u00e0 disposition avec chaque box un patron PDF t\u00e9l\u00e9chargeable gratuitement pour les abonn\u00e9s.<\/p>\n<p>Le\u00a0concept de la Craftine Box reste cependant toujours le m\u00eame : un concentr\u00e9 de plaisir, de surprises pour faire parler votre cr\u00e9ativit\u00e9 ! <strong>Donc comme auparavant libre \u00e0 vous de r\u00e9aliser la cr\u00e9ation de votre choix ou de r\u00e9aliser la suggestion d\u00e9sormais gratuite<\/strong>. Le plus important est de vous\u00a0faire plaisir et de suivre vos envies et besoins.<\/p>\n<p>Pour en revenir \u00e0 la box de ce mois d&rsquo;ao\u00fbt, quel est le contenu de la boite couture r\u00e9utilisable pour y ranger vos fournitures\u00a0? (Pensez \u00e0 la personnaliser en inscrivant le contenu sur les encarts imprim\u00e9s sur le c\u00f4t\u00e9 et devant)<\/p>\n<p><img loading=\"lazy\" decoding=\"async\" class=\"alignnone size-large wp-image-1308\" src=\"https:\/\/www.craftine.com\/wp\/wp-content\/uploads\/2016\/08\/visuel_contenu-1-1024x656.jpg\" alt=\"visuel_contenu\" width=\"1024\" height=\"656\" srcset=\"https:\/\/wp.craftine.cargo-webproject.com\/wp-content\/uploads\/2016\/08\/visuel_contenu-1-1024x656.jpg 1024w, https:\/\/wp.craftine.cargo-webproject.com\/wp-content\/uploads\/2016\/08\/visuel_contenu-1-300x192.jpg 300w, https:\/\/wp.craftine.cargo-webproject.com\/wp-content\/uploads\/2016\/08\/visuel_contenu-1-768x492.jpg 768w, https:\/\/wp.craftine.cargo-webproject.com\/wp-content\/uploads\/2016\/08\/visuel_contenu-1-696x446.jpg 696w, https:\/\/wp.craftine.cargo-webproject.com\/wp-content\/uploads\/2016\/08\/visuel_contenu-1-1068x684.jpg 1068w, https:\/\/wp.craftine.cargo-webproject.com\/wp-content\/uploads\/2016\/08\/visuel_contenu-1-655x420.jpg 655w, https:\/\/wp.craftine.cargo-webproject.com\/wp-content\/uploads\/2016\/08\/visuel_contenu-1.jpg 1679w\" sizes=\"auto, (max-width: 1024px) 100vw, 1024px\" \/><\/p>\n<p>Voici le contenu :<\/p>\n<ul>\n<li>Tissu Cr\u00eape marine :\u00a0120\u00d7150 cm<\/li>\n<li>Tissu Coton Satin imprim\u00e9 oiseaux :\u00a0100\u00d7148 cm<\/li>\n<li>Biais satin : 150\u00a0cm<\/li>\n<li>Bobine de fil marine : 1<\/li>\n<\/ul>\n<p>Nous vous proposons de r\u00e9aliser la blouse Cerise, une jolie blouse \u00e0 empi\u00e8cement, l\u00e9g\u00e8rement \u00e9vas\u00e9e et fronc\u00e9e sur les milieux devant et dos. Un rendu chic pour cette blouse qui sera\u00a0la pi\u00e8ce id\u00e9ale pour vous accompagner \u00e0 la rentr\u00e9e, \u00e0 associer avec\u00a0un pantalon, un jean ou une jupe.<\/p>\n<p><img loading=\"lazy\" decoding=\"async\" class=\"alignnone size-large wp-image-1299\" src=\"https:\/\/www.craftine.com\/wp\/wp-content\/uploads\/2016\/08\/recto_carte_postale-1-1024x728.png\" alt=\"recto_carte_postale\" width=\"1024\" height=\"728\" srcset=\"https:\/\/wp.craftine.cargo-webproject.com\/wp-content\/uploads\/2016\/08\/recto_carte_postale-1-1024x728.png 1024w, https:\/\/wp.craftine.cargo-webproject.com\/wp-content\/uploads\/2016\/08\/recto_carte_postale-1-300x213.png 300w, https:\/\/wp.craftine.cargo-webproject.com\/wp-content\/uploads\/2016\/08\/recto_carte_postale-1-768x546.png 768w, https:\/\/wp.craftine.cargo-webproject.com\/wp-content\/uploads\/2016\/08\/recto_carte_postale-1-100x70.png 100w, https:\/\/wp.craftine.cargo-webproject.com\/wp-content\/uploads\/2016\/08\/recto_carte_postale-1-696x495.png 696w, https:\/\/wp.craftine.cargo-webproject.com\/wp-content\/uploads\/2016\/08\/recto_carte_postale-1-1068x759.png 1068w, https:\/\/wp.craftine.cargo-webproject.com\/wp-content\/uploads\/2016\/08\/recto_carte_postale-1-591x420.png 591w, https:\/\/wp.craftine.cargo-webproject.com\/wp-content\/uploads\/2016\/08\/recto_carte_postale-1.png 1750w\" sizes=\"auto, (max-width: 1024px) 100vw, 1024px\" \/><\/p>\n<p>Vous trouverez <strong>votre\u00a0lien de t\u00e9l\u00e9chargement du patron sur la carte postale gliss\u00e9e dans votre box<\/strong>. Le patron est disponible de la taille <strong>34 \u00e0 48<\/strong>.<\/p>\n<p>Pour accompagner votre blouse, nous vous avons \u00e9galement concoct\u00e9 le <a href=\"http:\/\/blog.craftine.com\/cousons-ensemble-tuto-echarpe-pompons\/\">tuto de l&rsquo;\u00e9charpe \u00e0 pompons assortie<\/a>.<\/p>\n<p>Nous sommes impatients de voir vos cr\u00e9ations! Allez-vous vous laisser tenter par ces suggestions, ou avez-vous d&rsquo;autres envies \u00a0? Fa\u00eetes parler votre cr\u00e9ativit\u00e9 et partagez avec la communaut\u00e9 vos r\u00e9alisations\u00a0sur notre <a href=\"https:\/\/www.facebook.com\/craftine\" target=\"_blank\" rel=\"noopener\">page facebook<\/a>\u00a0afin que nous enrichissions l&rsquo;album des cr\u00e9ations du mois comme celui du mois de juin disponible <a href=\"https:\/\/www.facebook.com\/craftine\/photos\/?tab=album&amp;album_id=1140366702651427\" target=\"_blank\" rel=\"noopener\">ici<\/a>.<\/p>\n<p>Si vous souhaitez vous inscrire pour recevoir la prochaine box, c\u2019est par <a href=\"http:\/\/box.craftine.com\/s-abonner\/\">ici<\/a>.<\/p>\n<p>Si vous souhaitez d\u00e9couvrir d\u2019autres tissus dans notre boutique en ligne, c\u2019est par\u00a0<a href=\"http:\/\/www.craftine.com\/\">ici<\/a>.<\/p>\n<p>Toute l\u2019\u00e9quipe de Craftine\u00a0reste \u00e0 votre enti\u00e8re disposition et vous souhaite un joli moment couture avec cette nouvelle box.<\/p>\n<p>A tr\u00e8s bient\u00f4t !<\/p>\n","protected":false},"excerpt":{"rendered":"<p>La rentr\u00e9e approche \u00e0 grand pas ! C&rsquo;est la fin des vacances, un brin de nostalgie s&#8217;empare de vous, mais pour affronter cette transition, nous vous avons concoct\u00e9 une box avec une belle\u00a0nouveaut\u00e9 ! Comme nous vous l&rsquo;avions annonc\u00e9 la semaine pass\u00e9e sur les r\u00e9seaux sociaux, cette nouvelle box contient\u00a0une nouveaut\u00e9 qui sera d\u00e9sormais pr\u00e9sente [&hellip;]<\/p>\n","protected":false},"author":1,"featured_media":1307,"comment_status":"open","ping_status":"open","sticky":false,"template":"","format":"standard","meta":{"footnotes":""},"categories":[17],"tags":[],"class_list":{"0":"post-1277","1":"post","2":"type-post","3":"status-publish","4":"format-standard","5":"has-post-thumbnail","7":"category-box"},"_links":{"self":[{"href":"https:\/\/wp.craftine.cargo-webproject.com\/wp-json\/wp\/v2\/posts\/1277","targetHints":{"allow":["GET"]}}],"collection":[{"href":"https:\/\/wp.craftine.cargo-webproject.com\/wp-json\/wp\/v2\/posts"}],"about":[{"href":"https:\/\/wp.craftine.cargo-webproject.com\/wp-json\/wp\/v2\/types\/post"}],"author":[{"embeddable":true,"href":"https:\/\/wp.craftine.cargo-webproject.com\/wp-json\/wp\/v2\/users\/1"}],"replies":[{"embeddable":true,"href":"https:\/\/wp.craftine.cargo-webproject.com\/wp-json\/wp\/v2\/comments?post=1277"}],"version-history":[{"count":1,"href":"https:\/\/wp.craftine.cargo-webproject.com\/wp-json\/wp\/v2\/posts\/1277\/revisions"}],"predecessor-version":[{"id":2796,"href":"https:\/\/wp.craftine.cargo-webproject.com\/wp-json\/wp\/v2\/posts\/1277\/revisions\/2796"}],"wp:featuredmedia":[{"embeddable":true,"href":"https:\/\/wp.craftine.cargo-webproject.com\/wp-json\/wp\/v2\/media\/1307"}],"wp:attachment":[{"href":"https:\/\/wp.craftine.cargo-webproject.com\/wp-json\/wp\/v2\/media?parent=1277"}],"wp:term":[{"taxonomy":"category","embeddable":true,"href":"https:\/\/wp.craftine.cargo-webproject.com\/wp-json\/wp\/v2\/categories?post=1277"},{"taxonomy":"post_tag","embeddable":true,"href":"https:\/\/wp.craftine.cargo-webproject.com\/wp-json\/wp\/v2\/tags?post=1277"}],"curies":[{"name":"wp","href":"https:\/\/api.w.org\/{rel}","templated":true}]}}