{"id":1341,"date":"2016-10-21T22:11:55","date_gmt":"2016-10-21T21:11:55","guid":{"rendered":"http:\/\/blog.craftine.com\/?p=1341"},"modified":"2025-01-29T13:40:30","modified_gmt":"2025-01-29T12:40:30","slug":"craftine-box-la-box-du-mois-d-octobre-2016-est-arrivee","status":"publish","type":"post","link":"https:\/\/wp.craftine.cargo-webproject.com\/craftine-box-la-box-du-mois-d-octobre-2016-est-arrivee\/","title":{"rendered":"Craftine box : La box du mois d&rsquo;octobre est arriv\u00e9e"},"content":{"rendered":"<p>\u00c7a y est la voil\u00e0, votre craftine box du mois d&rsquo;octobre arrive dans vos bo\u00eetes aux lettres. Au travers de vos messages, nous avons compris que vous \u00e9tiez impatients\u00a0de la recevoir ! Nous aussi, toute l&rsquo;\u00e9quipe avait h\u00e2te de vous la pr\u00e9senter.\u00a0C&rsquo;est pour nous toujours un m\u00e9lange d&rsquo;excitation et d&rsquo;appr\u00e9hension ! D\u00e8s sa sortie, nous guettons vos r\u00e9actions sur les r\u00e9seaux sociaux en esp\u00e9rant avoir atteint notre objectif : vous surprendre, vous satisfaire, vous mettre des \u00e9toiles pleins les yeux et vous rendre heureux !<!--more--><\/p>\n<p>Cette nouvelle box se veut chicissime et\u00a0pleine\u00a0de peps pour affronter l&rsquo;automne et ses journ\u00e9es plus courtes et plus pluvieuses. C&rsquo;est aussi un contenu original puisqu&rsquo;elle renferme tout le mat\u00e9riel n\u00e9cessaire pour r\u00e9aliser son propre biais et passepoil !<\/p>\n<p>\ud83d\udca1 <strong><a href=\"https:\/\/www.craftine.com\/tissus\/shopby\/tissus-automne.html\">Tissus aux motifs automne<\/a><\/strong><\/p>\n<p>Quel est alors le contenu exact de cette nouvelle box toujours plac\u00e9e sous le signe\u00a0du\u00a0plaisir, de surprises pour faire parler votre cr\u00e9ativit\u00e9 ?<\/p>\n<p><img loading=\"lazy\" decoding=\"async\" class=\"alignnone wp-image-1399 size-large\" src=\"https:\/\/www.craftine.com\/blog\/wp-content\/uploads\/2016\/10\/contenu-1-1024x758.jpg\" alt=\"contenu\" width=\"696\" height=\"515\" srcset=\"https:\/\/wp.craftine.cargo-webproject.com\/wp-content\/uploads\/2016\/10\/contenu-1-1024x758.jpg 1024w, https:\/\/wp.craftine.cargo-webproject.com\/wp-content\/uploads\/2016\/10\/contenu-1-300x222.jpg 300w, https:\/\/wp.craftine.cargo-webproject.com\/wp-content\/uploads\/2016\/10\/contenu-1-768x569.jpg 768w, https:\/\/wp.craftine.cargo-webproject.com\/wp-content\/uploads\/2016\/10\/contenu-1-80x60.jpg 80w, https:\/\/wp.craftine.cargo-webproject.com\/wp-content\/uploads\/2016\/10\/contenu-1-485x360.jpg 485w, https:\/\/wp.craftine.cargo-webproject.com\/wp-content\/uploads\/2016\/10\/contenu-1-696x515.jpg 696w, https:\/\/wp.craftine.cargo-webproject.com\/wp-content\/uploads\/2016\/10\/contenu-1-1068x791.jpg 1068w, https:\/\/wp.craftine.cargo-webproject.com\/wp-content\/uploads\/2016\/10\/contenu-1-567x420.jpg 567w, https:\/\/wp.craftine.cargo-webproject.com\/wp-content\/uploads\/2016\/10\/contenu-1.jpg 1765w\" sizes=\"auto, (max-width: 696px) 100vw, 696px\" \/><\/p>\n<p>La box contient :<\/p>\n<ul>\n<li>Tissu Jacquard Lurex r\u00e9versible :\u00a0120\u00d7145 cm<\/li>\n<li>Tissu Popeline fuchsia : 70\u00d7145 cm<\/li>\n<li>Appareil \u00e0 biais : 1<\/li>\n<li>Boutons 22 mm : 2<\/li>\n<li>Bourrelet pour passepoil\u00a0: 150 cm<\/li>\n<\/ul>\n<p>En plus d&rsquo;\u00eatre d&rsquo;une qualit\u00e9 incroyable, ce\u00a0tissu Jacquard est r\u00e9versible ! Vous pouvez l&rsquo;utiliser sur l&rsquo;endroit ou l&rsquo;envers\u00a0! Le tissu comporte des fils de lurex argent\u00e9s tr\u00e8s visibles sur le c\u00f4t\u00e9 le plus clair (c\u00f4t\u00e9 \u00ab\u00a0blanc\u00a0\u00bb) et moins visibles\u00a0sur le c\u00f4t\u00e9 le plus fonc\u00e9 (c\u00f4t\u00e9 \u00ab\u00a0noir\u00a0\u00bb). Chez Craftine, nous avons choisi le c\u00f4t\u00e9 \u00ab\u00a0noir\u00a0\u00bb comme endroit. Et vous, quel va \u00eatre votre choix ?<\/p>\n<p><img loading=\"lazy\" decoding=\"async\" class=\"alignnone wp-image-1368 size-large\" src=\"https:\/\/www.craftine.com\/blog\/wp-content\/uploads\/2016\/10\/recto_carte_postale_V2-1-1024x728.jpg\" alt=\"recto_carte_postale_v2\" width=\"696\" height=\"495\" srcset=\"https:\/\/wp.craftine.cargo-webproject.com\/wp-content\/uploads\/2016\/10\/recto_carte_postale_V2-1-1024x728.jpg 1024w, https:\/\/wp.craftine.cargo-webproject.com\/wp-content\/uploads\/2016\/10\/recto_carte_postale_V2-1-300x213.jpg 300w, https:\/\/wp.craftine.cargo-webproject.com\/wp-content\/uploads\/2016\/10\/recto_carte_postale_V2-1-768x546.jpg 768w, https:\/\/wp.craftine.cargo-webproject.com\/wp-content\/uploads\/2016\/10\/recto_carte_postale_V2-1-100x70.jpg 100w, https:\/\/wp.craftine.cargo-webproject.com\/wp-content\/uploads\/2016\/10\/recto_carte_postale_V2-1-696x495.jpg 696w, https:\/\/wp.craftine.cargo-webproject.com\/wp-content\/uploads\/2016\/10\/recto_carte_postale_V2-1-1068x760.jpg 1068w, https:\/\/wp.craftine.cargo-webproject.com\/wp-content\/uploads\/2016\/10\/recto_carte_postale_V2-1-590x420.jpg 590w, https:\/\/wp.craftine.cargo-webproject.com\/wp-content\/uploads\/2016\/10\/recto_carte_postale_V2-1.jpg 1753w\" sizes=\"auto, (max-width: 696px) 100vw, 696px\" \/><\/p>\n<p>Comme nous vous l&rsquo;avions annonc\u00e9 lors de la pr\u00e9c\u00e9dente box, un patron PDF est d\u00e9sormais propos\u00e9 au t\u00e9l\u00e9chargement gratuitement avec chaque box. Libre \u00e0 vous de r\u00e9aliser cette suggestion ou de r\u00e9aliser un autre v\u00eatement, ou comme nous l&rsquo;avons vu sur\u00a0les r\u00e9seaux sociaux d&rsquo;utiliser le patron pour d&rsquo;autres tissus que ceux de la box&#8230;<\/p>\n<p>Ce mois-ci nous vous proposons de r\u00e9aliser la veste Myrtille, une veste courte aux formes arrondies avec des d\u00e9coupes passepoil\u00e9es et ferm\u00e9e par deux boutons. L&rsquo;int\u00e9rieur de la veste est fini par une parementure agr\u00e9ment\u00e9e de biais. Vous trouverez <strong>votre\u00a0lien de t\u00e9l\u00e9chargement du patron sur la carte postale gliss\u00e9e dans votre box<\/strong>. Le patron est disponible de la taille <strong>34 \u00e0 48<\/strong>.<\/p>\n<p><img loading=\"lazy\" decoding=\"async\" class=\"alignnone wp-image-1391 size-large\" src=\"https:\/\/www.craftine.com\/blog\/wp-content\/uploads\/2016\/10\/veste2-1-1024x858.jpg\" alt=\"veste2\" width=\"696\" height=\"583\" srcset=\"https:\/\/wp.craftine.cargo-webproject.com\/wp-content\/uploads\/2016\/10\/veste2-1-1024x858.jpg 1024w, https:\/\/wp.craftine.cargo-webproject.com\/wp-content\/uploads\/2016\/10\/veste2-1-300x251.jpg 300w, https:\/\/wp.craftine.cargo-webproject.com\/wp-content\/uploads\/2016\/10\/veste2-1-768x644.jpg 768w, https:\/\/wp.craftine.cargo-webproject.com\/wp-content\/uploads\/2016\/10\/veste2-1-696x583.jpg 696w, https:\/\/wp.craftine.cargo-webproject.com\/wp-content\/uploads\/2016\/10\/veste2-1-1068x895.jpg 1068w, https:\/\/wp.craftine.cargo-webproject.com\/wp-content\/uploads\/2016\/10\/veste2-1-501x420.jpg 501w, https:\/\/wp.craftine.cargo-webproject.com\/wp-content\/uploads\/2016\/10\/veste2-1.jpg 1371w\" sizes=\"auto, (max-width: 696px) 100vw, 696px\" \/><\/p>\n<p>Ce mois-ci, nous avons voulu vous faire d\u00e9couvrir un dr\u00f4le d&rsquo;outil que nous avons gliss\u00e9 dans votre box. Il s&rsquo;agit d&rsquo;un appareil \u00e0 biais pour r\u00e9aliser soit m\u00eame son propre biais ! Vous pourrez ainsi r\u00e9aliser du biais avec la popeline fuchsia de la box et l&rsquo;utiliser, si vous choisissez de r\u00e9aliser la veste Myrtille, pour habiller l&rsquo;int\u00e9rieur de la veste.<\/p>\n<p>Pour tout savoir sur ce petit outil pratique et astucieux, suivez <a href=\"http:\/\/blog.craftine.com\/astuces-couture-box-du-mois-d-octobre-creer-son-biais-et-son-passepoil\/\" target=\"_blank\" rel=\"noopener\">ce lien<\/a>, on vous dit tout sur son utilit\u00e9 et son mode d&rsquo;utilisation. Vous y trouverez \u00e9galement la technique pour r\u00e9aliser votre passepoil. Vous pourrez l&rsquo;utiliser si vous le souhaitez pour agr\u00e9menter les d\u00e9coupes devant et dos de la veste Myrtille.<\/p>\n<p>Et enfin, (que de travail nous vous sugg\u00e9rons ce mois-ci !), avec les chutes, vous pourrez r\u00e9aliser gr\u00e2ce \u00e0 <a href=\"http:\/\/blog.craftine.com\/cousons-ensemble-tuto-pochette-chic\/\" target=\"_blank\" rel=\"noopener\">ce tuto<\/a> une jolie pochette assortie \u00e0 la veste pour donner une touche encore plus chic \u00e0 votre tenue.<\/p>\n<p>A vous de jouer maintenant,\u00a0que ce soit pour r\u00e9aliser nos propositions ou comme vous savez si bien le faire, laisser parler votre imagination. Voici l&rsquo;<a href=\"https:\/\/www.facebook.com\/craftine\/photos\/\" target=\"_blank\" rel=\"noopener\">album facebook des cr\u00e9ations de la box du mois d&rsquo;ao\u00fbt<\/a>. Nous attendons avec impatience vos futures cr\u00e9ations pour cr\u00e9er l&rsquo;album de la box d&rsquo;octobre.<\/p>\n<p>Si vous souhaitez vous inscrire pour recevoir la prochaine box, c\u2019est par <a href=\"https:\/\/www.craftine.com\/box\">ici<\/a>.<\/p>\n<p>Si vous souhaitez d\u00e9couvrir d\u2019autres tissus dans notre mercerie\u00a0en ligne, c\u2019est par\u00a0<a href=\"https:\/\/www.craftine.com\/\">ici<\/a>.<\/p>\n<p>Toute l&rsquo;\u00e9quipe reste \u00e0 votre disposition pour r\u00e9pondre \u00e0 vos interrogations et suggestions. Nous vous souhaitons d&rsquo;agr\u00e9ables moments de couture et soyez fi\u00e8res de porter ce que vous cousez \ud83d\ude42<\/p>\n<p>A tr\u00e8s bient\u00f4t.<\/p>\n","protected":false},"excerpt":{"rendered":"<p>\u00c7a y est la voil\u00e0, votre craftine box du mois d&rsquo;octobre arrive dans vos bo\u00eetes aux lettres. Au travers de vos messages, nous avons compris que vous \u00e9tiez impatients\u00a0de la recevoir ! Nous aussi, toute l&rsquo;\u00e9quipe avait h\u00e2te de vous la pr\u00e9senter.\u00a0C&rsquo;est pour nous toujours un m\u00e9lange d&rsquo;excitation et d&rsquo;appr\u00e9hension ! D\u00e8s sa sortie, nous [&hellip;]<\/p>\n","protected":false},"author":1,"featured_media":1401,"comment_status":"open","ping_status":"open","sticky":false,"template":"","format":"standard","meta":{"footnotes":""},"categories":[17],"tags":[],"class_list":{"0":"post-1341","1":"post","2":"type-post","3":"status-publish","4":"format-standard","5":"has-post-thumbnail","7":"category-box"},"_links":{"self":[{"href":"https:\/\/wp.craftine.cargo-webproject.com\/wp-json\/wp\/v2\/posts\/1341","targetHints":{"allow":["GET"]}}],"collection":[{"href":"https:\/\/wp.craftine.cargo-webproject.com\/wp-json\/wp\/v2\/posts"}],"about":[{"href":"https:\/\/wp.craftine.cargo-webproject.com\/wp-json\/wp\/v2\/types\/post"}],"author":[{"embeddable":true,"href":"https:\/\/wp.craftine.cargo-webproject.com\/wp-json\/wp\/v2\/users\/1"}],"replies":[{"embeddable":true,"href":"https:\/\/wp.craftine.cargo-webproject.com\/wp-json\/wp\/v2\/comments?post=1341"}],"version-history":[{"count":6,"href":"https:\/\/wp.craftine.cargo-webproject.com\/wp-json\/wp\/v2\/posts\/1341\/revisions"}],"predecessor-version":[{"id":6650,"href":"https:\/\/wp.craftine.cargo-webproject.com\/wp-json\/wp\/v2\/posts\/1341\/revisions\/6650"}],"wp:featuredmedia":[{"embeddable":true,"href":"https:\/\/wp.craftine.cargo-webproject.com\/wp-json\/wp\/v2\/media\/1401"}],"wp:attachment":[{"href":"https:\/\/wp.craftine.cargo-webproject.com\/wp-json\/wp\/v2\/media?parent=1341"}],"wp:term":[{"taxonomy":"category","embeddable":true,"href":"https:\/\/wp.craftine.cargo-webproject.com\/wp-json\/wp\/v2\/categories?post=1341"},{"taxonomy":"post_tag","embeddable":true,"href":"https:\/\/wp.craftine.cargo-webproject.com\/wp-json\/wp\/v2\/tags?post=1341"}],"curies":[{"name":"wp","href":"https:\/\/api.w.org\/{rel}","templated":true}]}}