{"id":1493,"date":"2016-12-23T15:27:24","date_gmt":"2016-12-23T14:27:24","guid":{"rendered":"http:\/\/blog.craftine.com\/?p=1493"},"modified":"2024-09-17T09:05:47","modified_gmt":"2024-09-17T07:05:47","slug":"actualite-craftine-partenaire-officiel-emission-cousu-main-m6","status":"publish","type":"post","link":"https:\/\/wp.craftine.cargo-webproject.com\/actualite-craftine-partenaire-officiel-emission-cousu-main-m6\/","title":{"rendered":"Craftine partenaire officiel de l&rsquo;\u00e9mission Cousu Main sur M6"},"content":{"rendered":"\n<p>Dans quelques heures la nouvelle saison de l&rsquo;\u00e9mission Cousu Main va donner son coup d&rsquo;envoi.<br>Une saison qui d\u00e9bute avec deux \u00e9missions \u00ab\u00a0sp\u00e9ciales f\u00eates\u00a0\u00bb \u00e0 partir du 24 d\u00e9cembre \u00e0 18h05 sur M6.<\/p>\n\n\n\n<p>Au rendez-vous, la splendide Cristina Cordula qui sera entour\u00e9e de&nbsp;Julien Scavini et Tanya Sayer.<\/p>\n\n\n\n<p>Pour cette nouvelle saison, <strong>Craftine a \u00e9t\u00e9 choisi pour \u00eatre le partenaire officiel de l&rsquo;\u00e9mission<\/strong> ! Vous pourrez alors retrouver nos <a href=\"http:\/\/www.craftine.com\/tissus.html\">tissus<\/a>&nbsp;travaill\u00e9s par les candidats tout au long de la saison. Lors du tournage, Cristina Cordula les a trouv\u00e9s \u00ab\u00a0magnifaiiiques\u00a0\u00bb !!!<\/p>\n\n\n\n<!--more-->\n\n\n\n<figure class=\"wp-block-image\"><img loading=\"lazy\" decoding=\"async\" width=\"1581\" height=\"1081\" src=\"https:\/\/www.craftine.com\/blog\/wp-content\/uploads\/2016\/12\/Image2-1.jpg\" alt=\"image2\" class=\"wp-image-1499\" srcset=\"https:\/\/wp.craftine.cargo-webproject.com\/wp-content\/uploads\/2016\/12\/Image2-1.jpg 1581w, https:\/\/wp.craftine.cargo-webproject.com\/wp-content\/uploads\/2016\/12\/Image2-1-300x205.jpg 300w, https:\/\/wp.craftine.cargo-webproject.com\/wp-content\/uploads\/2016\/12\/Image2-1-768x525.jpg 768w, https:\/\/wp.craftine.cargo-webproject.com\/wp-content\/uploads\/2016\/12\/Image2-1-1024x700.jpg 1024w, https:\/\/wp.craftine.cargo-webproject.com\/wp-content\/uploads\/2016\/12\/Image2-1-218x150.jpg 218w, https:\/\/wp.craftine.cargo-webproject.com\/wp-content\/uploads\/2016\/12\/Image2-1-696x476.jpg 696w, https:\/\/wp.craftine.cargo-webproject.com\/wp-content\/uploads\/2016\/12\/Image2-1-1068x730.jpg 1068w, https:\/\/wp.craftine.cargo-webproject.com\/wp-content\/uploads\/2016\/12\/Image2-1-614x420.jpg 614w\" sizes=\"auto, (max-width: 1581px) 100vw, 1581px\" \/><\/figure>\n\n\n\n<p>Les candidats feront leur choix parmi nos dentelles, tissus paillettes &amp; sequins, lainages, jean, coton&#8230;. au fil des \u00e9missions. Mais suspens, vous aurez bient\u00f4t l&rsquo;occasion de les d\u00e9couvrir.<\/p>\n\n\n\n<p>Suivez toute notre actualit\u00e9 sur notre <a href=\"https:\/\/www.facebook.com\/craftine\/\">page facebook<\/a>, nous vous en dirons plus au fil des \u00e9missions.<\/p>\n\n\n\n<p>Alors \u00ab\u00a0A vos fils, \u00e0 vos aiguilles, cousez !\u00a0\u00bb<\/p>\n","protected":false},"excerpt":{"rendered":"<p>Dans quelques heures la nouvelle saison de l&rsquo;\u00e9mission Cousu Main va donner son coup d&rsquo;envoi.Une saison qui d\u00e9bute avec deux \u00e9missions \u00ab\u00a0sp\u00e9ciales f\u00eates\u00a0\u00bb \u00e0 partir du 24 d\u00e9cembre \u00e0 18h05 sur M6. Au rendez-vous, la splendide Cristina Cordula qui sera entour\u00e9e de&nbsp;Julien Scavini et Tanya Sayer. Pour cette nouvelle saison, Craftine a \u00e9t\u00e9 choisi pour [&hellip;]<\/p>\n","protected":false},"author":1,"featured_media":1496,"comment_status":"open","ping_status":"open","sticky":false,"template":"","format":"standard","meta":{"footnotes":""},"categories":[15],"tags":[],"class_list":{"0":"post-1493","1":"post","2":"type-post","3":"status-publish","4":"format-standard","5":"has-post-thumbnail","7":"category-actus"},"_links":{"self":[{"href":"https:\/\/wp.craftine.cargo-webproject.com\/wp-json\/wp\/v2\/posts\/1493","targetHints":{"allow":["GET"]}}],"collection":[{"href":"https:\/\/wp.craftine.cargo-webproject.com\/wp-json\/wp\/v2\/posts"}],"about":[{"href":"https:\/\/wp.craftine.cargo-webproject.com\/wp-json\/wp\/v2\/types\/post"}],"author":[{"embeddable":true,"href":"https:\/\/wp.craftine.cargo-webproject.com\/wp-json\/wp\/v2\/users\/1"}],"replies":[{"embeddable":true,"href":"https:\/\/wp.craftine.cargo-webproject.com\/wp-json\/wp\/v2\/comments?post=1493"}],"version-history":[{"count":3,"href":"https:\/\/wp.craftine.cargo-webproject.com\/wp-json\/wp\/v2\/posts\/1493\/revisions"}],"predecessor-version":[{"id":6445,"href":"https:\/\/wp.craftine.cargo-webproject.com\/wp-json\/wp\/v2\/posts\/1493\/revisions\/6445"}],"wp:featuredmedia":[{"embeddable":true,"href":"https:\/\/wp.craftine.cargo-webproject.com\/wp-json\/wp\/v2\/media\/1496"}],"wp:attachment":[{"href":"https:\/\/wp.craftine.cargo-webproject.com\/wp-json\/wp\/v2\/media?parent=1493"}],"wp:term":[{"taxonomy":"category","embeddable":true,"href":"https:\/\/wp.craftine.cargo-webproject.com\/wp-json\/wp\/v2\/categories?post=1493"},{"taxonomy":"post_tag","embeddable":true,"href":"https:\/\/wp.craftine.cargo-webproject.com\/wp-json\/wp\/v2\/tags?post=1493"}],"curies":[{"name":"wp","href":"https:\/\/api.w.org\/{rel}","templated":true}]}}