{"id":1773,"date":"2017-08-22T20:36:03","date_gmt":"2017-08-22T19:36:03","guid":{"rendered":"http:\/\/blog.craftine.com\/?p=1773"},"modified":"2019-02-18T14:55:22","modified_gmt":"2019-02-18T13:55:22","slug":"craftine-box-la-box-du-mois-d-aout-est-arrivee","status":"publish","type":"post","link":"https:\/\/wp.craftine.cargo-webproject.com\/craftine-box-la-box-du-mois-d-aout-est-arrivee\/","title":{"rendered":"Craftine Box : La box du mois d&rsquo;ao\u00fbt est arriv\u00e9e !"},"content":{"rendered":"<p>Chez Craftine, ces derniers jours c&rsquo;\u00e9tait l\u2019effervescence avec la pr\u00e9paration de vos box ! Apr\u00e8s l&rsquo;\u00e9norme succ\u00e8s que vous nous avez t\u00e9moign\u00e9 pour la\u00a0box du mois de juin, nous \u00e9tions tr\u00e8s impatients de vous pr\u00e9senter cette nouvelle Craftine Box !<br \/>\nNous vous avons concoct\u00e9 une box sp\u00e9ciale rentr\u00e9e\u00a0qui suit les tendances vues sur les podiums \u00e0 tous les niveaux : couleur, motifs, mati\u00e8re, forme&#8230; Votre rentr\u00e9e va \u00eatre plac\u00e9e sous le signe de l&rsquo;\u00e9l\u00e9gance et de la mode !<!--more--><\/p>\n<p>S&rsquo;il n&rsquo;y avait qu&rsquo;une couleur tendance \u00e0 retenir pour\u00a0cette rentr\u00e9e, c&rsquo;est r\u00e9solument\u00a0le rose sous toutes ses nuances rose poudr\u00e9, nude, rose p\u00e2le&#8230; Le rose s&rsquo;impose comme la couleur de pr\u00e9dilection de cette prochaine saison.<\/p>\n<p>Au niveau des imprim\u00e9s, les motifs fleuris vont s&rsquo;imposer dans notre vestiaire. C&rsquo;est un bouquet de fleurs d\u00e9su\u00e8tes auquel nous allons succomber.<\/p>\n<p>Voici donc le contenu de cette box qui reprend tous ces codes tendances :<\/p>\n<p><a href=\"http:\/\/blog.craftine.com\/craftine-box-la-box-du-mois-d-aout-est-arrivee\/visuel_contenu-5\/\" rel=\"attachment wp-att-1794\"><img loading=\"lazy\" decoding=\"async\" class=\"alignnone size-large wp-image-1794\" src=\"https:\/\/www.craftine.com\/wp\/wp-content\/uploads\/2017\/08\/visuel_contenu-1-1024x775.jpg\" alt=\"visuel_contenu\" width=\"1024\" height=\"775\" srcset=\"https:\/\/wp.craftine.cargo-webproject.com\/wp-content\/uploads\/2017\/08\/visuel_contenu-1-1024x775.jpg 1024w, https:\/\/wp.craftine.cargo-webproject.com\/wp-content\/uploads\/2017\/08\/visuel_contenu-1-300x227.jpg 300w, https:\/\/wp.craftine.cargo-webproject.com\/wp-content\/uploads\/2017\/08\/visuel_contenu-1-768x581.jpg 768w, https:\/\/wp.craftine.cargo-webproject.com\/wp-content\/uploads\/2017\/08\/visuel_contenu-1-80x60.jpg 80w, https:\/\/wp.craftine.cargo-webproject.com\/wp-content\/uploads\/2017\/08\/visuel_contenu-1-696x527.jpg 696w, https:\/\/wp.craftine.cargo-webproject.com\/wp-content\/uploads\/2017\/08\/visuel_contenu-1-1068x808.jpg 1068w, https:\/\/wp.craftine.cargo-webproject.com\/wp-content\/uploads\/2017\/08\/visuel_contenu-1-555x420.jpg 555w, https:\/\/wp.craftine.cargo-webproject.com\/wp-content\/uploads\/2017\/08\/visuel_contenu-1.jpg 1540w\" sizes=\"auto, (max-width: 1024px) 100vw, 1024px\" \/><\/a><\/p>\n<ul>\n<li>Tissu Cr\u00eape Rose poudr\u00e9 :\u00a0\u00a0145 x 140 cm<\/li>\n<li>Tissu Viscose imprim\u00e9 Fleuri :\u00a0\u00a050 x 140 cm<\/li>\n<li>\u00c9lastique plat : 1 m<\/li>\n<li>Bobine de fil : 1<\/li>\n<li>Patron PDF\u00a0\u00e0 t\u00e9l\u00e9charger : 1<\/li>\n<\/ul>\n<p><a href=\"http:\/\/blog.craftine.com\/craftine-box-la-box-du-mois-d-aout-est-arrivee\/recto_carte_postale_blog\/\" rel=\"attachment wp-att-1785\"><img loading=\"lazy\" decoding=\"async\" class=\"wp-image-1785 aligncenter\" src=\"https:\/\/www.craftine.com\/wp\/wp-content\/uploads\/2017\/08\/recto_carte_postale_blog-1-717x1024.jpg\" alt=\"recto_carte_postale_blog\" width=\"500\" height=\"715\" srcset=\"https:\/\/wp.craftine.cargo-webproject.com\/wp-content\/uploads\/2017\/08\/recto_carte_postale_blog-1-717x1024.jpg 717w, https:\/\/wp.craftine.cargo-webproject.com\/wp-content\/uploads\/2017\/08\/recto_carte_postale_blog-1-210x300.jpg 210w, https:\/\/wp.craftine.cargo-webproject.com\/wp-content\/uploads\/2017\/08\/recto_carte_postale_blog-1-768x1097.jpg 768w, https:\/\/wp.craftine.cargo-webproject.com\/wp-content\/uploads\/2017\/08\/recto_carte_postale_blog-1-696x995.jpg 696w, https:\/\/wp.craftine.cargo-webproject.com\/wp-content\/uploads\/2017\/08\/recto_carte_postale_blog-1-1068x1526.jpg 1068w, https:\/\/wp.craftine.cargo-webproject.com\/wp-content\/uploads\/2017\/08\/recto_carte_postale_blog-1-294x420.jpg 294w, https:\/\/wp.craftine.cargo-webproject.com\/wp-content\/uploads\/2017\/08\/recto_carte_postale_blog-1.jpg 1240w\" sizes=\"auto, (max-width: 500px) 100vw, 500px\" \/><\/a><\/p>\n<p>Avec le contenu de la box, nous\u00a0vous proposons ce mois-ci de r\u00e9aliser une pi\u00e8ce qui tout comme le contenu de la box est pile dans l&rsquo;air du temps. Il s&rsquo;agit de la robe Margose, une robe tr\u00e8s \u00e9l\u00e9gante sublim\u00e9e par ces nombreux d\u00e9tails qui la rendent tr\u00e8s f\u00e9minine : col lavalli\u00e8re, hauts de manches fronc\u00e9s et taille resserr\u00e9e. Elle sublimera toutes les silhouettes tout en restant agr\u00e9able \u00e0 porter. Elle a tout pour vous faire succomber !<\/p>\n<p><a href=\"http:\/\/blog.craftine.com\/craftine-box-la-box-du-mois-d-aout-est-arrivee\/visuel_robe_blog\/\" rel=\"attachment wp-att-1787\"><img loading=\"lazy\" decoding=\"async\" class=\"alignnone size-large wp-image-1787\" src=\"https:\/\/www.craftine.com\/wp\/wp-content\/uploads\/2017\/08\/visuel_robe_blog-1-1024x493.jpg\" alt=\"visuel_robe_blog\" width=\"1024\" height=\"493\" srcset=\"https:\/\/wp.craftine.cargo-webproject.com\/wp-content\/uploads\/2017\/08\/visuel_robe_blog-1-1024x493.jpg 1024w, https:\/\/wp.craftine.cargo-webproject.com\/wp-content\/uploads\/2017\/08\/visuel_robe_blog-1-300x144.jpg 300w, https:\/\/wp.craftine.cargo-webproject.com\/wp-content\/uploads\/2017\/08\/visuel_robe_blog-1-768x370.jpg 768w, https:\/\/wp.craftine.cargo-webproject.com\/wp-content\/uploads\/2017\/08\/visuel_robe_blog-1-696x335.jpg 696w, https:\/\/wp.craftine.cargo-webproject.com\/wp-content\/uploads\/2017\/08\/visuel_robe_blog-1-1068x514.jpg 1068w, https:\/\/wp.craftine.cargo-webproject.com\/wp-content\/uploads\/2017\/08\/visuel_robe_blog-1-873x420.jpg 873w, https:\/\/wp.craftine.cargo-webproject.com\/wp-content\/uploads\/2017\/08\/visuel_robe_blog-1-1920x924.jpg 1920w\" sizes=\"auto, (max-width: 1024px) 100vw, 1024px\" \/><\/a><\/p>\n<p>Afin de t\u00e9l\u00e9charger le patron de la robe Margose, munissez-vous de la carte postale gliss\u00e9e dans votre box, vous y trouverez votre lien de t\u00e9l\u00e9chargement. Le patron est disponible de la taille 34 \u00e0 48 et accompagn\u00e9 d&rsquo;un cahier technique tr\u00e8s d\u00e9taill\u00e9 avec un pas \u00e0 pas en images qui le rend accessible aux d\u00e9butantes.<\/p>\n<p><em>Nous vous rappelons si vous rencontrez des probl\u00e8mes de t\u00e9l\u00e9chargement des patrons, qu\u2019un\u00a0<a href=\"http:\/\/blog.craftine.com\/abonnees-box-comment-telecharger-les-patrons-pdf\/\">pas \u00e0 pas en image est disponible ici pour vous aider<\/a>.<\/em><\/p>\n<p><a href=\"http:\/\/blog.craftine.com\/craftine-box-la-box-du-mois-d-aout-est-arrivee\/visuel_lavalliere_blog\/\" rel=\"attachment wp-att-1786\"><img loading=\"lazy\" decoding=\"async\" class=\"alignnone size-large wp-image-1786\" src=\"https:\/\/www.craftine.com\/wp\/wp-content\/uploads\/2017\/08\/visuel_lavalli\u00e8re_blog-1-1024x481.jpg\" alt=\"visuel_lavalli\u00e8re_blog\" width=\"1024\" height=\"481\" srcset=\"https:\/\/wp.craftine.cargo-webproject.com\/wp-content\/uploads\/2017\/08\/visuel_lavalli\u00e8re_blog-1-1024x481.jpg 1024w, https:\/\/wp.craftine.cargo-webproject.com\/wp-content\/uploads\/2017\/08\/visuel_lavalli\u00e8re_blog-1-300x141.jpg 300w, https:\/\/wp.craftine.cargo-webproject.com\/wp-content\/uploads\/2017\/08\/visuel_lavalli\u00e8re_blog-1-768x361.jpg 768w, https:\/\/wp.craftine.cargo-webproject.com\/wp-content\/uploads\/2017\/08\/visuel_lavalli\u00e8re_blog-1-696x327.jpg 696w, https:\/\/wp.craftine.cargo-webproject.com\/wp-content\/uploads\/2017\/08\/visuel_lavalli\u00e8re_blog-1-1068x501.jpg 1068w, https:\/\/wp.craftine.cargo-webproject.com\/wp-content\/uploads\/2017\/08\/visuel_lavalli\u00e8re_blog-1-895x420.jpg 895w, https:\/\/wp.craftine.cargo-webproject.com\/wp-content\/uploads\/2017\/08\/visuel_lavalli\u00e8re_blog-1-1920x902.jpg 1920w\" sizes=\"auto, (max-width: 1024px) 100vw, 1024px\" \/><\/a><\/p>\n<p>Et voici le <a href=\"http:\/\/blog.craftine.com\/cousons-ensemble-tuto-sac-rond\/\">tuto pour r\u00e9aliser le sac rond assorti<\/a>.<\/p>\n<p>Nous sommes impatients de conna\u00eetre vos avis et envies de cr\u00e9ations pour cette nouvelle box !<br \/>\nN&rsquo;oubliez pas\u00a0de participer \u00e0 notre nouveau jeu concours pour \u00e9lire les 3 meilleures cr\u00e9ations avec le contenu de la box !<br \/>\nEn jeu, un cadeau surprise dans la prochaine box des 3 gagnantes et un ch\u00e8que cadeau d\u2019une valeur de 30 euros sur le site Craftine Box pour les 5 participantes au vote tir\u00e9es au sort.<\/p>\n<p>Pour partager vos cr\u00e9ations, \u00e9changez vos id\u00e9es, partager des conseils, des astuces avec la communaut\u00e9, rendez-vous sur notre page facebook.<\/p>\n<p>Pour recevoir la Craftine Box,\u00a0<a href=\"https:\/\/box.craftine.com\/s-abonner\/\"><strong>inscrivez-vous ici<\/strong><\/a>.<br \/>\nPour\u00a0d\u00e9couvrir d\u2019autres tissus, visitez notre\u00a0<a href=\"https:\/\/www.craftine.com\/\">mercerie\u00a0en ligne<\/a>.<\/p>\n<p>Belles coutures \u00e0 toutes !<\/p>\n","protected":false},"excerpt":{"rendered":"<p>Chez Craftine, ces derniers jours c&rsquo;\u00e9tait l\u2019effervescence avec la pr\u00e9paration de vos box ! Apr\u00e8s l&rsquo;\u00e9norme succ\u00e8s que vous nous avez t\u00e9moign\u00e9 pour la\u00a0box du mois de juin, nous \u00e9tions tr\u00e8s impatients de vous pr\u00e9senter cette nouvelle Craftine Box ! Nous vous avons concoct\u00e9 une box sp\u00e9ciale rentr\u00e9e\u00a0qui suit les tendances vues sur les podiums [&hellip;]<\/p>\n","protected":false},"author":1,"featured_media":1793,"comment_status":"open","ping_status":"open","sticky":false,"template":"","format":"standard","meta":{"footnotes":""},"categories":[17],"tags":[],"class_list":{"0":"post-1773","1":"post","2":"type-post","3":"status-publish","4":"format-standard","5":"has-post-thumbnail","7":"category-box"},"_links":{"self":[{"href":"https:\/\/wp.craftine.cargo-webproject.com\/wp-json\/wp\/v2\/posts\/1773","targetHints":{"allow":["GET"]}}],"collection":[{"href":"https:\/\/wp.craftine.cargo-webproject.com\/wp-json\/wp\/v2\/posts"}],"about":[{"href":"https:\/\/wp.craftine.cargo-webproject.com\/wp-json\/wp\/v2\/types\/post"}],"author":[{"embeddable":true,"href":"https:\/\/wp.craftine.cargo-webproject.com\/wp-json\/wp\/v2\/users\/1"}],"replies":[{"embeddable":true,"href":"https:\/\/wp.craftine.cargo-webproject.com\/wp-json\/wp\/v2\/comments?post=1773"}],"version-history":[{"count":1,"href":"https:\/\/wp.craftine.cargo-webproject.com\/wp-json\/wp\/v2\/posts\/1773\/revisions"}],"predecessor-version":[{"id":2749,"href":"https:\/\/wp.craftine.cargo-webproject.com\/wp-json\/wp\/v2\/posts\/1773\/revisions\/2749"}],"wp:featuredmedia":[{"embeddable":true,"href":"https:\/\/wp.craftine.cargo-webproject.com\/wp-json\/wp\/v2\/media\/1793"}],"wp:attachment":[{"href":"https:\/\/wp.craftine.cargo-webproject.com\/wp-json\/wp\/v2\/media?parent=1773"}],"wp:term":[{"taxonomy":"category","embeddable":true,"href":"https:\/\/wp.craftine.cargo-webproject.com\/wp-json\/wp\/v2\/categories?post=1773"},{"taxonomy":"post_tag","embeddable":true,"href":"https:\/\/wp.craftine.cargo-webproject.com\/wp-json\/wp\/v2\/tags?post=1773"}],"curies":[{"name":"wp","href":"https:\/\/api.w.org\/{rel}","templated":true}]}}