{"id":1931,"date":"2018-02-24T12:17:01","date_gmt":"2018-02-24T11:17:01","guid":{"rendered":"http:\/\/blog.craftine.com\/?p=1931"},"modified":"2019-02-18T14:41:27","modified_gmt":"2019-02-18T13:41:27","slug":"craftine-box-la-box-du-mois-de-fevrier-2018-est-arrivee","status":"publish","type":"post","link":"https:\/\/wp.craftine.cargo-webproject.com\/craftine-box-la-box-du-mois-de-fevrier-2018-est-arrivee\/","title":{"rendered":"Craftine box : La box du mois de f\u00e9vrier est arriv\u00e9e !"},"content":{"rendered":"<p>Voici la toute derni\u00e8re Craftine Box, celle du mois de f\u00e9vrier. Cette nouvelle box\u00a0est l\u00e0 pour vous donner la p\u00eache et dynamiser l&rsquo;hiver. Un contenu au top avec des couleurs, des motifs et des mati\u00e8res tendances. Avec cette box, oubliez les classiques et confectionnez-vous un look tr\u00e8s mode.<!--more--><\/p>\n<p>D\u00e9couvrez\u00a0son contenu :<\/p>\n<p><a href=\"http:\/\/blog.craftine.com\/craftine-box-la-box-du-mois-de-fevrier-2018-est-arrivee\/visuel_contenuv3-01\/\" rel=\"attachment wp-att-1946\"><img loading=\"lazy\" decoding=\"async\" class=\"alignnone size-large wp-image-1946\" src=\"https:\/\/www.craftine.com\/wp\/wp-content\/uploads\/2018\/02\/visuel_contenuv3-01-1-1024x737.jpg\" alt=\"visuel_contenuv3-01\" width=\"1024\" height=\"737\" srcset=\"https:\/\/wp.craftine.cargo-webproject.com\/wp-content\/uploads\/2018\/02\/visuel_contenuv3-01-1-1024x737.jpg 1024w, https:\/\/wp.craftine.cargo-webproject.com\/wp-content\/uploads\/2018\/02\/visuel_contenuv3-01-1-300x216.jpg 300w, https:\/\/wp.craftine.cargo-webproject.com\/wp-content\/uploads\/2018\/02\/visuel_contenuv3-01-1-768x553.jpg 768w, https:\/\/wp.craftine.cargo-webproject.com\/wp-content\/uploads\/2018\/02\/visuel_contenuv3-01-1-696x501.jpg 696w, https:\/\/wp.craftine.cargo-webproject.com\/wp-content\/uploads\/2018\/02\/visuel_contenuv3-01-1-1068x769.jpg 1068w, https:\/\/wp.craftine.cargo-webproject.com\/wp-content\/uploads\/2018\/02\/visuel_contenuv3-01-1-583x420.jpg 583w, https:\/\/wp.craftine.cargo-webproject.com\/wp-content\/uploads\/2018\/02\/visuel_contenuv3-01-1-1920x1383.jpg 1920w\" sizes=\"auto, (max-width: 1024px) 100vw, 1024px\" \/><\/a><\/p>\n<ul>\n<li>Tissu\u00a0Maille Milano Bleu : 130 x 145 cm<\/li>\n<li>Tissu Maille Milano \u00e0 pois velours :\u00a0 60 x\u00a0145 cm<\/li>\n<li>Jeu d&rsquo;aiguilles sp\u00e9cial jersey\u00a0: 1<\/li>\n<li>Bobine de fil assorti : 1<\/li>\n<li>Patron PDF\u00a0\u00e0 t\u00e9l\u00e9charger : 1<\/li>\n<\/ul>\n<p>Avec cette nouvelle box, nous avons voulu vous faire d\u00e9couvrir\u00a0une mati\u00e8re : le jersey, mati\u00e8re qui a la particularit\u00e9 d&rsquo;\u00eatre extensible et qui offre la possibilit\u00e9 de\u00a0nouvelles r\u00e9alisations (sweat, legging, jupe et robe stretch&#8230;). Pour en savoir plus sur le jersey, rendez-vous <a href=\"http:\/\/blog.craftine.com\/astuces-couture-le-jersey\/\">ici<\/a>.<\/p>\n<p><a href=\"http:\/\/blog.craftine.com\/craftine-box-la-box-du-mois-de-fevrier-2018-est-arrivee\/depliant_box_30x15-ouvert-10x15-ferme-recto_v12-2\/\" rel=\"attachment wp-att-1962\"><img loading=\"lazy\" decoding=\"async\" class=\"alignnone size-full wp-image-1962\" src=\"https:\/\/www.craftine.com\/wp\/wp-content\/uploads\/2018\/02\/carte_postale_rvb-qualit\u00e9-01-1-1.jpg\" alt=\"depliant_box_30x15 ouvert - 10x15 ferm\u00e9 RECTO_V12\" width=\"290\" height=\"428\" srcset=\"https:\/\/wp.craftine.cargo-webproject.com\/wp-content\/uploads\/2018\/02\/carte_postale_rvb-qualit\u00e9-01-1-1.jpg 290w, https:\/\/wp.craftine.cargo-webproject.com\/wp-content\/uploads\/2018\/02\/carte_postale_rvb-qualit\u00e9-01-1-1-203x300.jpg 203w, https:\/\/wp.craftine.cargo-webproject.com\/wp-content\/uploads\/2018\/02\/carte_postale_rvb-qualit\u00e9-01-1-1-285x420.jpg 285w\" sizes=\"auto, (max-width: 290px) 100vw, 290px\" \/><\/a><\/p>\n<p>La suggestion de cr\u00e9ation du mois est le sweat Bergamote. C&rsquo;est une pi\u00e8ce incontournable, jouant sur la tendance oversize. Ses longues manches bouffantes et sa d\u00e9coupe oblique le rendent unique et original.<br \/>\nSon plus, les plis plats bas de manche pour la touche en plus chic. Un c\u00f4t\u00e9 sportswear \u00e0 d\u00e9tourner et \u00e0 porter sans limite sur une jupe, un legging ou un pantalon.<\/p>\n<p>Ce mois-ci en bonus, l&rsquo;accessoire \u00e0 r\u00e9aliser est un Headband nou\u00e9. C&rsquo;est l&rsquo;accessoire id\u00e9al pour une coiffure tendance. Vous trouverez le tutoriel <a href=\"http:\/\/blog.craftine.com\/cousons-ensemble-tuto-headband-noue\/\">ici<\/a>.<\/p>\n<p><a href=\"http:\/\/blog.craftine.com\/craftine-box-la-box-du-mois-de-fevrier-2018-est-arrivee\/visuel_sweat_bergamotev3-01\/\" rel=\"attachment wp-att-1948\"><img loading=\"lazy\" decoding=\"async\" class=\"alignnone size-large wp-image-1948\" src=\"https:\/\/www.craftine.com\/wp\/wp-content\/uploads\/2018\/02\/visuel_sweat_bergamotev3-01-1-1024x819.jpg\" alt=\"visuel_sweat_bergamotev3-01\" width=\"1024\" height=\"819\" srcset=\"https:\/\/wp.craftine.cargo-webproject.com\/wp-content\/uploads\/2018\/02\/visuel_sweat_bergamotev3-01-1-1024x819.jpg 1024w, https:\/\/wp.craftine.cargo-webproject.com\/wp-content\/uploads\/2018\/02\/visuel_sweat_bergamotev3-01-1-300x240.jpg 300w, https:\/\/wp.craftine.cargo-webproject.com\/wp-content\/uploads\/2018\/02\/visuel_sweat_bergamotev3-01-1-768x614.jpg 768w, https:\/\/wp.craftine.cargo-webproject.com\/wp-content\/uploads\/2018\/02\/visuel_sweat_bergamotev3-01-1-696x557.jpg 696w, https:\/\/wp.craftine.cargo-webproject.com\/wp-content\/uploads\/2018\/02\/visuel_sweat_bergamotev3-01-1-1068x854.jpg 1068w, https:\/\/wp.craftine.cargo-webproject.com\/wp-content\/uploads\/2018\/02\/visuel_sweat_bergamotev3-01-1-525x420.jpg 525w, https:\/\/wp.craftine.cargo-webproject.com\/wp-content\/uploads\/2018\/02\/visuel_sweat_bergamotev3-01-1.jpg 1500w\" sizes=\"auto, (max-width: 1024px) 100vw, 1024px\" \/><\/a><\/p>\n<p>Le patron du sweat Bergamote est disponible de la taille 34 \u00e0 48. Les instructions de montage ainsi que le patron PDF sont disponibles via le\u00a0lien de t\u00e9l\u00e9chargement se trouvant sur le d\u00e9pliant gliss\u00e9 dans votre box. Saisissez ce lien directement dans la barre d&rsquo;adresse de votre navigateur\u00a0et vous pourrez r\u00e9cup\u00e9rer\u00a0les fichiers.<\/p>\n<p>Nous restons \u00e0 votre enti\u00e8re disposition si vous avez besoin de conseils et d&rsquo;aide lors de vos cr\u00e9ations couture.<\/p>\n<p>Une fois vos r\u00e9alisations termin\u00e9es, n&rsquo;h\u00e9sitez pas \u00e0 les partager sur le mur de notre <a href=\"https:\/\/www.facebook.com\/craftine\" target=\"_blank\" rel=\"noopener\">page Facebook<\/a>. Vous pourrez \u00e9galement y faire le plein d&rsquo;id\u00e9es, de conseils\u00a0en \u00e9changeant avec le reste de la communaut\u00e9.<\/p>\n<p>Pour recevoir la Craftine Box,\u00a0<a href=\"https:\/\/box.craftine.com\/s-abonner\/\"><strong>inscrivez-vous ici<\/strong><\/a>.<br \/>\nPour\u00a0d\u00e9couvrir d\u2019autres tissus, visitez notre\u00a0<a href=\"https:\/\/www.craftine.com\/\">mercerie\u00a0en ligne<\/a>.<\/p>\n<p>Tr\u00e8s belle couture \u00e0 toutes.<\/p>\n","protected":false},"excerpt":{"rendered":"<p>Voici la toute derni\u00e8re Craftine Box, celle du mois de f\u00e9vrier. Cette nouvelle box\u00a0est l\u00e0 pour vous donner la p\u00eache et dynamiser l&rsquo;hiver. Un contenu au top avec des couleurs, des motifs et des mati\u00e8res tendances. Avec cette box, oubliez les classiques et confectionnez-vous un look tr\u00e8s mode.<\/p>\n","protected":false},"author":1,"featured_media":1945,"comment_status":"open","ping_status":"open","sticky":false,"template":"","format":"standard","meta":{"footnotes":""},"categories":[17],"tags":[],"class_list":{"0":"post-1931","1":"post","2":"type-post","3":"status-publish","4":"format-standard","5":"has-post-thumbnail","7":"category-box"},"_links":{"self":[{"href":"https:\/\/wp.craftine.cargo-webproject.com\/wp-json\/wp\/v2\/posts\/1931","targetHints":{"allow":["GET"]}}],"collection":[{"href":"https:\/\/wp.craftine.cargo-webproject.com\/wp-json\/wp\/v2\/posts"}],"about":[{"href":"https:\/\/wp.craftine.cargo-webproject.com\/wp-json\/wp\/v2\/types\/post"}],"author":[{"embeddable":true,"href":"https:\/\/wp.craftine.cargo-webproject.com\/wp-json\/wp\/v2\/users\/1"}],"replies":[{"embeddable":true,"href":"https:\/\/wp.craftine.cargo-webproject.com\/wp-json\/wp\/v2\/comments?post=1931"}],"version-history":[{"count":1,"href":"https:\/\/wp.craftine.cargo-webproject.com\/wp-json\/wp\/v2\/posts\/1931\/revisions"}],"predecessor-version":[{"id":2738,"href":"https:\/\/wp.craftine.cargo-webproject.com\/wp-json\/wp\/v2\/posts\/1931\/revisions\/2738"}],"wp:featuredmedia":[{"embeddable":true,"href":"https:\/\/wp.craftine.cargo-webproject.com\/wp-json\/wp\/v2\/media\/1945"}],"wp:attachment":[{"href":"https:\/\/wp.craftine.cargo-webproject.com\/wp-json\/wp\/v2\/media?parent=1931"}],"wp:term":[{"taxonomy":"category","embeddable":true,"href":"https:\/\/wp.craftine.cargo-webproject.com\/wp-json\/wp\/v2\/categories?post=1931"},{"taxonomy":"post_tag","embeddable":true,"href":"https:\/\/wp.craftine.cargo-webproject.com\/wp-json\/wp\/v2\/tags?post=1931"}],"curies":[{"name":"wp","href":"https:\/\/api.w.org\/{rel}","templated":true}]}}