{"id":2043,"date":"2018-06-22T17:45:38","date_gmt":"2018-06-22T16:45:38","guid":{"rendered":"https:\/\/blog.craftine.com\/?p=2043"},"modified":"2019-02-18T09:00:05","modified_gmt":"2019-02-18T08:00:05","slug":"craftine-box-la-box-ete-est-arrivee","status":"publish","type":"post","link":"https:\/\/wp.craftine.cargo-webproject.com\/craftine-box-la-box-ete-est-arrivee\/","title":{"rendered":"Craftine box : La Box \u00e9t\u00e9 est arriv\u00e9e !"},"content":{"rendered":"<p>Voici la nouvelle et tant attendue Craftine Box d&rsquo;\u00e9t\u00e9 !! Nous avions h\u00e2te de vous la pr\u00e9senter. Comme nous vous l&rsquo;avions annonc\u00e9, cette box comporte un grande nouveaut\u00e9 : elle contient d\u00e9sormais non\u00a0plus 1 mais 2 suggestions de cr\u00e9ations. Pour en savoir plus sur cette nouveaut\u00e9, c&rsquo;est par <a href=\"https:\/\/blog.craftine.com\/nouveaute-craftine-box-2-patrons-avec-votre-box\/\" target=\"_blank\" rel=\"noopener\">ici<\/a>.<\/p>\n<p>Cette nouvelle box est un rayon de soleil, sortez les lunettes de soleil, vous risquez d&rsquo;\u00eatre \u00e9blouie \u00e0 son ouverture \ud83d\ude42 Elle renferme de belles couleurs et de somptueuses mati\u00e8res. Une box qui donne envie de coudre de toute urgence de jolies tenues d&rsquo;\u00e9t\u00e9 et de profiter du soleil, de la plage, des longues soir\u00e9es d&rsquo;\u00e9t\u00e9&#8230;<!--more--><\/p>\n<p>Voici donc le contenu estival de cette box :<\/p>\n<p><a href=\"https:\/\/blog.craftine.com\/craftine-box-la-box-ete-est-arrivee\/201806-visuel_contenu-01\/\" rel=\"attachment wp-att-2078\"><img loading=\"lazy\" decoding=\"async\" class=\"alignnone size-large wp-image-2078\" src=\"https:\/\/www.craftine.com\/wp\/wp-content\/uploads\/2018\/06\/201806.visuel_contenu-01-1-1024x726.jpg\" alt=\"201806.visuel_contenu-01\" width=\"1024\" height=\"726\" srcset=\"https:\/\/wp.craftine.cargo-webproject.com\/wp-content\/uploads\/2018\/06\/201806.visuel_contenu-01-1-1024x726.jpg 1024w, https:\/\/wp.craftine.cargo-webproject.com\/wp-content\/uploads\/2018\/06\/201806.visuel_contenu-01-1-300x213.jpg 300w, https:\/\/wp.craftine.cargo-webproject.com\/wp-content\/uploads\/2018\/06\/201806.visuel_contenu-01-1-768x545.jpg 768w, https:\/\/wp.craftine.cargo-webproject.com\/wp-content\/uploads\/2018\/06\/201806.visuel_contenu-01-1-100x70.jpg 100w, https:\/\/wp.craftine.cargo-webproject.com\/wp-content\/uploads\/2018\/06\/201806.visuel_contenu-01-1-696x494.jpg 696w, https:\/\/wp.craftine.cargo-webproject.com\/wp-content\/uploads\/2018\/06\/201806.visuel_contenu-01-1-1068x757.jpg 1068w, https:\/\/wp.craftine.cargo-webproject.com\/wp-content\/uploads\/2018\/06\/201806.visuel_contenu-01-1-592x420.jpg 592w, https:\/\/wp.craftine.cargo-webproject.com\/wp-content\/uploads\/2018\/06\/201806.visuel_contenu-01-1-1920x1361.jpg 1920w\" sizes=\"auto, (max-width: 1024px) 100vw, 1024px\" \/><\/a><\/p>\n<p>Nous avons travaill\u00e9 en partenariat avec 2 stylistes qui vous proposent, avec ce contenu,\u00a0de r\u00e9aliser 2 tenues compl\u00e8tement diff\u00e9rentes.<br \/>\nEt la belle surprise suppl\u00e9mentaire qui est accompagne cette box : <strong>1 patron bonus suppl\u00e9mentaire<\/strong>. Ce n&rsquo;est donc pas 2 mais 3 patrons inclus dans la box de ce mois-ci \ud83d\ude42<\/p>\n<p><a href=\"https:\/\/blog.craftine.com\/craftine-box-la-box-ete-est-arrivee\/flyer_juin_2018_recto_final_web\/\" rel=\"attachment wp-att-2050\"><img loading=\"lazy\" decoding=\"async\" class=\"alignnone size-large wp-image-2050\" src=\"https:\/\/www.craftine.com\/wp\/wp-content\/uploads\/2018\/06\/FLYER_JUIN_2018_RECTO_FINAL_web-1-1024x726.jpg\" alt=\"FLYER_JUIN_2018_RECTO_FINAL_web\" width=\"1024\" height=\"726\" srcset=\"https:\/\/wp.craftine.cargo-webproject.com\/wp-content\/uploads\/2018\/06\/FLYER_JUIN_2018_RECTO_FINAL_web-1-1024x726.jpg 1024w, https:\/\/wp.craftine.cargo-webproject.com\/wp-content\/uploads\/2018\/06\/FLYER_JUIN_2018_RECTO_FINAL_web-1-300x213.jpg 300w, https:\/\/wp.craftine.cargo-webproject.com\/wp-content\/uploads\/2018\/06\/FLYER_JUIN_2018_RECTO_FINAL_web-1-768x545.jpg 768w, https:\/\/wp.craftine.cargo-webproject.com\/wp-content\/uploads\/2018\/06\/FLYER_JUIN_2018_RECTO_FINAL_web-1-100x70.jpg 100w, https:\/\/wp.craftine.cargo-webproject.com\/wp-content\/uploads\/2018\/06\/FLYER_JUIN_2018_RECTO_FINAL_web-1-696x494.jpg 696w, https:\/\/wp.craftine.cargo-webproject.com\/wp-content\/uploads\/2018\/06\/FLYER_JUIN_2018_RECTO_FINAL_web-1-1068x757.jpg 1068w, https:\/\/wp.craftine.cargo-webproject.com\/wp-content\/uploads\/2018\/06\/FLYER_JUIN_2018_RECTO_FINAL_web-1-592x420.jpg 592w, https:\/\/wp.craftine.cargo-webproject.com\/wp-content\/uploads\/2018\/06\/FLYER_JUIN_2018_RECTO_FINAL_web-1.jpg 1128w\" sizes=\"auto, (max-width: 1024px) 100vw, 1024px\" \/><\/a><\/p>\n<ul>\n<li><strong>Lauryn<\/strong> vous propose de r\u00e9aliser le <strong>T-shirt Mombin<\/strong> et la <strong>jupe Airelle<\/strong>.<\/li>\n<\/ul>\n<blockquote><p><a href=\"https:\/\/blog.craftine.com\/craftine-box-la-box-ete-est-arrivee\/lauryn-01\/\" rel=\"attachment wp-att-2046\"><img loading=\"lazy\" decoding=\"async\" class=\"alignnone size-thumbnail wp-image-2046\" src=\"https:\/\/www.craftine.com\/wp\/wp-content\/uploads\/2018\/06\/Lauryn-01-1-150x150.jpg\" alt=\"Lauryn-01\" width=\"150\" height=\"150\" srcset=\"https:\/\/wp.craftine.cargo-webproject.com\/wp-content\/uploads\/2018\/06\/Lauryn-01-1-150x150.jpg 150w, https:\/\/wp.craftine.cargo-webproject.com\/wp-content\/uploads\/2018\/06\/Lauryn-01-1.jpg 284w\" sizes=\"auto, (max-width: 150px) 100vw, 150px\" \/><\/a>Une tenue chic et \u00e9l\u00e9gante inspir\u00e9e par l&rsquo;une des tendances phare de cet \u00e9t\u00e9 : la jupe portefeuille. Un ensemble au caract\u00e8re r\u00e9solument f\u00e9minin.<\/p><\/blockquote>\n<p>Le T-shirt Mombin est une pi\u00e8ce intemporelle et indispensable dans sa garde-robe. C\u2019est un basique \u00e0 d\u00e9cliner \u00e0 l\u2019infini . Sa coupe ajust\u00e9e au niveau de la taille, ses bas de corps arrondis mettront en valeur toutes les silhouettes. Le t-shirt Mombin est le t-shirt \u00e0 porter au quotidien sur un jean, un short , une jupe ou un pantalon, il sera vite un incontournable de vos tenues.<\/p>\n<p>La jupe Airelle est une jupe portefeuille indispensable dans la garde robe de cet \u00e9t\u00e9. Elle poss\u00e8de des plis sur le devant et se ferme par un gros n\u0153ud \u00e0 la taille. Son tour bord\u00e9 de ruban croquet assure une jolie finition. Cette jupe tendance ira \u00e0 toutes les morphologies et sera votre alli\u00e9e des beaux jours pour une silhouette de r\u00eave.<\/p>\n<p><a href=\"https:\/\/blog.craftine.com\/craftine-box-la-box-ete-est-arrivee\/201804-visuel_jupe_tshirt-01\/\" rel=\"attachment wp-att-2079\"><img loading=\"lazy\" decoding=\"async\" class=\"alignnone size-large wp-image-2079\" src=\"https:\/\/www.craftine.com\/wp\/wp-content\/uploads\/2018\/06\/201804.visuel_jupe_tshirt-01-1-1024x819.jpg\" alt=\"201804.visuel_jupe_tshirt-01\" width=\"1024\" height=\"819\" srcset=\"https:\/\/wp.craftine.cargo-webproject.com\/wp-content\/uploads\/2018\/06\/201804.visuel_jupe_tshirt-01-1-1024x819.jpg 1024w, https:\/\/wp.craftine.cargo-webproject.com\/wp-content\/uploads\/2018\/06\/201804.visuel_jupe_tshirt-01-1-300x240.jpg 300w, https:\/\/wp.craftine.cargo-webproject.com\/wp-content\/uploads\/2018\/06\/201804.visuel_jupe_tshirt-01-1-768x614.jpg 768w, https:\/\/wp.craftine.cargo-webproject.com\/wp-content\/uploads\/2018\/06\/201804.visuel_jupe_tshirt-01-1-696x557.jpg 696w, https:\/\/wp.craftine.cargo-webproject.com\/wp-content\/uploads\/2018\/06\/201804.visuel_jupe_tshirt-01-1-1068x854.jpg 1068w, https:\/\/wp.craftine.cargo-webproject.com\/wp-content\/uploads\/2018\/06\/201804.visuel_jupe_tshirt-01-1-525x420.jpg 525w, https:\/\/wp.craftine.cargo-webproject.com\/wp-content\/uploads\/2018\/06\/201804.visuel_jupe_tshirt-01-1.jpg 1500w\" sizes=\"auto, (max-width: 1024px) 100vw, 1024px\" \/><\/a><\/p>\n<ul>\n<li><strong>Ezra<\/strong> vous propose quant \u00e0 elle de r\u00e9aliser la <strong>robe Amande<\/strong>.<\/li>\n<\/ul>\n<blockquote><p><a href=\"https:\/\/blog.craftine.com\/craftine-box-la-box-ete-est-arrivee\/ezra-01\/\" rel=\"attachment wp-att-2045\"><img loading=\"lazy\" decoding=\"async\" class=\"alignnone size-thumbnail wp-image-2045\" src=\"https:\/\/www.craftine.com\/wp\/wp-content\/uploads\/2018\/06\/ezra-01-1-150x150.jpg\" alt=\"ezra-01\" width=\"150\" height=\"150\" srcset=\"https:\/\/wp.craftine.cargo-webproject.com\/wp-content\/uploads\/2018\/06\/ezra-01-1-150x150.jpg 150w, https:\/\/wp.craftine.cargo-webproject.com\/wp-content\/uploads\/2018\/06\/ezra-01-1.jpg 284w\" sizes=\"auto, (max-width: 150px) 100vw, 150px\" \/><\/a>Sous le soleil d&rsquo;ici ou d&rsquo;ailleurs, LA tenue estivale chic. La robe Amande au style boh\u00e8me chic, tout simplement irr\u00e9sistible.<\/p><\/blockquote>\n<p>La robe Amande\u00a0est une robe bi-mati\u00e8re qui ira \u00e0 toutes les morphologies. Son empi\u00e8cement en jersey sublimera la poitrine et le bas de la robe l\u00e9g\u00e8rement \u00e9vas\u00e9 pourra cacher quelques rondeurs.<br \/>\nLe haut nou\u00e9 sur les \u00e9paules, les empi\u00e8cements triangulaires et la finition bas de robe en croquet en font une robe tendance et tout simplement irr\u00e9sistible.<\/p>\n<p><a href=\"https:\/\/blog.craftine.com\/craftine-box-la-box-ete-est-arrivee\/201804-visuel_robe-01-01\/\" rel=\"attachment wp-att-2080\"><img loading=\"lazy\" decoding=\"async\" class=\"alignnone size-large wp-image-2080\" src=\"https:\/\/www.craftine.com\/wp\/wp-content\/uploads\/2018\/06\/201804.visuel_robe-01-01-1-1024x819.jpg\" alt=\"201804.visuel_robe-01-01\" width=\"1024\" height=\"819\" srcset=\"https:\/\/wp.craftine.cargo-webproject.com\/wp-content\/uploads\/2018\/06\/201804.visuel_robe-01-01-1-1024x819.jpg 1024w, https:\/\/wp.craftine.cargo-webproject.com\/wp-content\/uploads\/2018\/06\/201804.visuel_robe-01-01-1-300x240.jpg 300w, https:\/\/wp.craftine.cargo-webproject.com\/wp-content\/uploads\/2018\/06\/201804.visuel_robe-01-01-1-768x614.jpg 768w, https:\/\/wp.craftine.cargo-webproject.com\/wp-content\/uploads\/2018\/06\/201804.visuel_robe-01-01-1-696x557.jpg 696w, https:\/\/wp.craftine.cargo-webproject.com\/wp-content\/uploads\/2018\/06\/201804.visuel_robe-01-01-1-1068x854.jpg 1068w, https:\/\/wp.craftine.cargo-webproject.com\/wp-content\/uploads\/2018\/06\/201804.visuel_robe-01-01-1-525x420.jpg 525w, https:\/\/wp.craftine.cargo-webproject.com\/wp-content\/uploads\/2018\/06\/201804.visuel_robe-01-01-1.jpg 1500w\" sizes=\"auto, (max-width: 1024px) 100vw, 1024px\" \/><\/a><\/p>\n<p><em>Les patrons sont disponibles\u00a0de la taille 34 \u00e0 48. Les instructions de montage ainsi que les patrons PDF sont disponibles via le\u00a0lien de t\u00e9l\u00e9chargement se trouvant sur le flyer gliss\u00e9 dans votre box. Saisissez ce lien directement dans la barre d\u2019adresse de votre navigateur. Pour y acc\u00e9der plus facilement, vous pouvez \u00e9galement cliquer directement\u00a0<a href=\"https:\/\/www.craftine.com\/mon-patron\">ici<\/a>. Il vous suffit ensuite de renseigner votre code confidentiel inscrit sur votre flyer et vous pourrez alors r\u00e9cup\u00e9rer\u00a0les fichiers.<\/em><\/p>\n<ul>\n<li>Nous vous proposons \u00e9galement de r\u00e9aliser l&rsquo;accessoire tendance et incontournable de cet \u00e9t\u00e9 : <strong>le sac en paille brod\u00e9<\/strong><\/li>\n<\/ul>\n<p>On le trouve partout sur la blogosph\u00e8re mode du moment, le sac en paille customis\u00e9 a le vent en poupe. Il se f\u00e9minise et assure la touche branch\u00e9e qui ira avec toutes vos tenues.<br \/>\nFini le sac en paille basique d\u00e9contract\u00e9, on le customise avec des broderies, de la peinture, des sequins, du tissu pour un effet Waouhh&#8230;<br \/>\nPour r\u00e9aliser votre sac en paille brod\u00e9 orn\u00e9 de pompons, foncez voir le tutoriel ici.<\/p>\n<p><a href=\"https:\/\/blog.craftine.com\/craftine-box-la-box-ete-est-arrivee\/2018-06-visuel_sac_paille_sans_texte-01\/\" rel=\"attachment wp-att-2081\"><img loading=\"lazy\" decoding=\"async\" class=\"alignnone size-large wp-image-2081\" src=\"https:\/\/www.craftine.com\/wp\/wp-content\/uploads\/2018\/06\/2018-06.visuel_sac_paille_sans_texte-01-1-1024x723.jpg\" alt=\"2018-06.visuel_sac_paille_sans_texte-01\" width=\"1024\" height=\"723\" \/><\/a><\/p>\n<p>Alors, qu&rsquo;allez-vous choisir de r\u00e9aliser avec le contenu de cette nouvelle box ? Quelle proposition vous correspond le plus ? Ou allez-vous cr\u00e9er tout autre chose ?<\/p>\n<p>Une fois vos r\u00e9alisations termin\u00e9es, pensez \u00e0 les partager sur le mur de notre\u00a0<a href=\"https:\/\/www.facebook.com\/craftine\" target=\"_blank\" rel=\"noopener\">page Facebook<\/a>. Vous pourrez \u00e9galement y faire le plein d\u2019id\u00e9es, de conseils\u00a0en \u00e9changeant avec le reste de la communaut\u00e9.<\/p>\n<p>Et si vous avez besoin de conseils et d\u2019aide lors de vos cr\u00e9ations couture, n\u2019h\u00e9sitez pas\u00a0<a href=\"https:\/\/box.craftine.com\/contact\/\">\u00e0 nous contacter<\/a>. Nous nous ferons un plaisir de vous aider.<\/p>\n<p>Pour recevoir la Craftine Box,\u00a0<a href=\"https:\/\/box.craftine.com\/s-abonner\/\"><strong>inscrivez-vous ici<\/strong><\/a>.<br \/>\nPour\u00a0d\u00e9couvrir d\u2019autres tissus, visitez notre\u00a0<a href=\"https:\/\/www.craftine.com\/\">mercerie\u00a0en ligne<\/a>.<\/p>\n<p>Belle couture \u00e0 toutes !<\/p>\n","protected":false},"excerpt":{"rendered":"<p>Voici la nouvelle et tant attendue Craftine Box d&rsquo;\u00e9t\u00e9 !! Nous avions h\u00e2te de vous la pr\u00e9senter. Comme nous vous l&rsquo;avions annonc\u00e9, cette box comporte un grande nouveaut\u00e9 : elle contient d\u00e9sormais non\u00a0plus 1 mais 2 suggestions de cr\u00e9ations. Pour en savoir plus sur cette nouveaut\u00e9, c&rsquo;est par ici. Cette nouvelle box est un rayon [&hellip;]<\/p>\n","protected":false},"author":1,"featured_media":2077,"comment_status":"open","ping_status":"open","sticky":false,"template":"","format":"standard","meta":{"footnotes":""},"categories":[17],"tags":[],"class_list":{"0":"post-2043","1":"post","2":"type-post","3":"status-publish","4":"format-standard","5":"has-post-thumbnail","7":"category-box"},"_links":{"self":[{"href":"https:\/\/wp.craftine.cargo-webproject.com\/wp-json\/wp\/v2\/posts\/2043","targetHints":{"allow":["GET"]}}],"collection":[{"href":"https:\/\/wp.craftine.cargo-webproject.com\/wp-json\/wp\/v2\/posts"}],"about":[{"href":"https:\/\/wp.craftine.cargo-webproject.com\/wp-json\/wp\/v2\/types\/post"}],"author":[{"embeddable":true,"href":"https:\/\/wp.craftine.cargo-webproject.com\/wp-json\/wp\/v2\/users\/1"}],"replies":[{"embeddable":true,"href":"https:\/\/wp.craftine.cargo-webproject.com\/wp-json\/wp\/v2\/comments?post=2043"}],"version-history":[{"count":2,"href":"https:\/\/wp.craftine.cargo-webproject.com\/wp-json\/wp\/v2\/posts\/2043\/revisions"}],"predecessor-version":[{"id":2701,"href":"https:\/\/wp.craftine.cargo-webproject.com\/wp-json\/wp\/v2\/posts\/2043\/revisions\/2701"}],"wp:featuredmedia":[{"embeddable":true,"href":"https:\/\/wp.craftine.cargo-webproject.com\/wp-json\/wp\/v2\/media\/2077"}],"wp:attachment":[{"href":"https:\/\/wp.craftine.cargo-webproject.com\/wp-json\/wp\/v2\/media?parent=2043"}],"wp:term":[{"taxonomy":"category","embeddable":true,"href":"https:\/\/wp.craftine.cargo-webproject.com\/wp-json\/wp\/v2\/categories?post=2043"},{"taxonomy":"post_tag","embeddable":true,"href":"https:\/\/wp.craftine.cargo-webproject.com\/wp-json\/wp\/v2\/tags?post=2043"}],"curies":[{"name":"wp","href":"https:\/\/api.w.org\/{rel}","templated":true}]}}