{"id":2098,"date":"2018-08-24T17:25:17","date_gmt":"2018-08-24T16:25:17","guid":{"rendered":"https:\/\/blog.craftine.com\/?p=2098"},"modified":"2019-02-18T14:24:43","modified_gmt":"2019-02-18T13:24:43","slug":"craftine-box-la-box-de-la-rentree-est-arrivee","status":"publish","type":"post","link":"https:\/\/wp.craftine.cargo-webproject.com\/craftine-box-la-box-de-la-rentree-est-arrivee\/","title":{"rendered":"Craftine Box : La box de la rentr\u00e9e est arriv\u00e9e !"},"content":{"rendered":"<p>Voici la <strong>Craftine box de la rentr\u00e9e<\/strong>, une box avec un contenu pens\u00e9 pour \u00eatre au top en cette nouvelle rentr\u00e9e. De jolies mati\u00e8res, des couleurs cl\u00e9s, 3 patrons in\u00e9dits inclus, dont un patron encore jamais propos\u00e9 ! Gr\u00e2ce \u00e0 cette box, vous allez pouvoir facilement vous constituer une garde-robe sur mesure pour la rentr\u00e9e.\u00a0Votre style est plut\u00f4t <strong>sporty chic<\/strong> ? plut\u00f4t <strong>working girl<\/strong> ? <strong>Tout est possible avec cette box<\/strong>, en fonction de votre style, de vos envies, c&rsquo;est \u00e0 vous de choisir et de vous faire plaisir !<!--more--><\/p>\n<p>Sans plus attendre, voici <strong>son contenu<\/strong> :<\/p>\n<div><img loading=\"lazy\" decoding=\"async\" class=\"alignnone size-full wp-image-2115\" src=\"https:\/\/www.craftine.com\/wp\/wp-content\/uploads\/2018\/08\/FLYER_VERSO_blog_PNG-photoshop-1.jpg\" alt=\"FLYER_VERSO_blog_PNG-photoshop\" width=\"1000\" height=\"713\" srcset=\"https:\/\/wp.craftine.cargo-webproject.com\/wp-content\/uploads\/2018\/08\/FLYER_VERSO_blog_PNG-photoshop-1.jpg 1000w, https:\/\/wp.craftine.cargo-webproject.com\/wp-content\/uploads\/2018\/08\/FLYER_VERSO_blog_PNG-photoshop-1-300x214.jpg 300w, https:\/\/wp.craftine.cargo-webproject.com\/wp-content\/uploads\/2018\/08\/FLYER_VERSO_blog_PNG-photoshop-1-768x548.jpg 768w, https:\/\/wp.craftine.cargo-webproject.com\/wp-content\/uploads\/2018\/08\/FLYER_VERSO_blog_PNG-photoshop-1-100x70.jpg 100w, https:\/\/wp.craftine.cargo-webproject.com\/wp-content\/uploads\/2018\/08\/FLYER_VERSO_blog_PNG-photoshop-1-696x496.jpg 696w, https:\/\/wp.craftine.cargo-webproject.com\/wp-content\/uploads\/2018\/08\/FLYER_VERSO_blog_PNG-photoshop-1-589x420.jpg 589w\" sizes=\"auto, (max-width: 1000px) 100vw, 1000px\" \/><\/div>\n<p><span style=\"text-decoration: underline;\">A savoir<\/span>\u00a0 : Le <strong>Serg\u00e9 Viscose<\/strong> est un tissu doux au toucher qui a une belle tenue et un joli tomb\u00e9. Il se froisse peu et contient de l&rsquo;\u00e9lasthanne, ce qui le rend souple et agr\u00e9able \u00e0 porter.<br \/>\nLe <strong>Satin<\/strong> est actuellement tr\u00e8s pr\u00e9sent dans l&rsquo;univers de la mode. C&rsquo;est une mati\u00e8re\u00a0\u00e9l\u00e9gante et sensuelle qui souligne et \u00e9pouse \u00e0 merveille les formes f\u00e9minines.<br \/>\nLe violet, couleur de l&rsquo;ann\u00e9e choisie par l&rsquo;institut Pantone, \u00e9voque la cr\u00e9ation et l&rsquo;intuition. Elle nous pousse \u00e0 d\u00e9velopper notre potentiel cr\u00e9atif.<\/p>\n<p>Ce mois-ci, nous vous proposons non pas 2 mais <strong>3 nouveaux patrons<\/strong> afin de r\u00e9aliser 2 tenues au choix avec 2 styles diff\u00e9rents. Nous vous proposons \u00e9galement\u00a0 de r\u00e9aliser un <strong>top en bonus<\/strong>.<\/p>\n<p><img loading=\"lazy\" decoding=\"async\" class=\"alignnone size-large wp-image-2132\" src=\"https:\/\/www.craftine.com\/wp\/wp-content\/uploads\/2018\/08\/FLYER_RECTO_blog-2-1-1024x726.jpg\" alt=\"FLYER_RECTO_blog\" width=\"1024\" height=\"726\" srcset=\"https:\/\/wp.craftine.cargo-webproject.com\/wp-content\/uploads\/2018\/08\/FLYER_RECTO_blog-2-1-1024x726.jpg 1024w, https:\/\/wp.craftine.cargo-webproject.com\/wp-content\/uploads\/2018\/08\/FLYER_RECTO_blog-2-1-300x213.jpg 300w, https:\/\/wp.craftine.cargo-webproject.com\/wp-content\/uploads\/2018\/08\/FLYER_RECTO_blog-2-1-768x545.jpg 768w, https:\/\/wp.craftine.cargo-webproject.com\/wp-content\/uploads\/2018\/08\/FLYER_RECTO_blog-2-1-100x70.jpg 100w, https:\/\/wp.craftine.cargo-webproject.com\/wp-content\/uploads\/2018\/08\/FLYER_RECTO_blog-2-1-696x494.jpg 696w, https:\/\/wp.craftine.cargo-webproject.com\/wp-content\/uploads\/2018\/08\/FLYER_RECTO_blog-2-1-1068x758.jpg 1068w, https:\/\/wp.craftine.cargo-webproject.com\/wp-content\/uploads\/2018\/08\/FLYER_RECTO_blog-2-1-592x420.jpg 592w, https:\/\/wp.craftine.cargo-webproject.com\/wp-content\/uploads\/2018\/08\/FLYER_RECTO_blog-2-1.jpg 1500w\" sizes=\"auto, (max-width: 1024px) 100vw, 1024px\" \/><\/p>\n<p><strong>Suggestion #1 : Sporty chic<\/strong><\/p>\n<p>On l&rsquo;a vu dans toutes les fashion weeks, la tendance sporty chic investit maintenant en force notre vestiaire !<br \/>\nC&rsquo;est le style du moment : mixant v\u00eatement confort et f\u00e9minit\u00e9 tout en restant sobre, le sporty chic est la tendance \u00e0 adopter au quotidien.<br \/>\nLes mati\u00e8res sont fondamentales pour cr\u00e9er un v\u00e9ritable look sporty chic. Ces mati\u00e8res doivent r\u00e9pondre aux codes de l&rsquo;\u00e9l\u00e9gance tout en \u00e9tant nobles et distingu\u00e9es.<br \/>\nLe Serg\u00e9 Viscose et le Satin r\u00e9pondent parfaitement \u00e0 ces exigences.<\/p>\n<p>Une des pi\u00e8ces phares de cette tendance sporty chic est le pantalon. Nous vous proposons de r\u00e9aliser le <strong>pantalon Citron<\/strong>, pantalon 7\/8 avec bandes lat\u00e9rales, plis plats et ceinture nou\u00e9e.<br \/>\n<em><span style=\"text-decoration: underline;\">Notre conseil style<\/span><\/em> : A porter avec un t-shirt \u00e0 message et des baskets blanches.<\/p>\n<p><img loading=\"lazy\" decoding=\"async\" class=\"alignnone size-large wp-image-2105\" src=\"https:\/\/www.craftine.com\/wp\/wp-content\/uploads\/2018\/08\/201808_pantalon-01-1-1024x819.jpg\" alt=\"201808_pantalon-01\" width=\"1024\" height=\"819\" srcset=\"https:\/\/wp.craftine.cargo-webproject.com\/wp-content\/uploads\/2018\/08\/201808_pantalon-01-1-1024x819.jpg 1024w, https:\/\/wp.craftine.cargo-webproject.com\/wp-content\/uploads\/2018\/08\/201808_pantalon-01-1-300x240.jpg 300w, https:\/\/wp.craftine.cargo-webproject.com\/wp-content\/uploads\/2018\/08\/201808_pantalon-01-1-768x614.jpg 768w, https:\/\/wp.craftine.cargo-webproject.com\/wp-content\/uploads\/2018\/08\/201808_pantalon-01-1-696x557.jpg 696w, https:\/\/wp.craftine.cargo-webproject.com\/wp-content\/uploads\/2018\/08\/201808_pantalon-01-1-1068x854.jpg 1068w, https:\/\/wp.craftine.cargo-webproject.com\/wp-content\/uploads\/2018\/08\/201808_pantalon-01-1-525x420.jpg 525w, https:\/\/wp.craftine.cargo-webproject.com\/wp-content\/uploads\/2018\/08\/201808_pantalon-01-1.jpg 1500w\" sizes=\"auto, (max-width: 1024px) 100vw, 1024px\" \/><\/p>\n<p><strong>Suggestion #2 : Working girl<\/strong><\/p>\n<p>S&rsquo;habiller pour aller travailler peut parfois donner lieu \u00e0 un v\u00e9ritable casse t\u00eate, tiraill\u00e9 entre l&rsquo;envie de s&rsquo;affirmer mais \u00e9galement la volont\u00e9 de pr\u00e9server sa cr\u00e9dibilit\u00e9.<br \/>\nCela peut souvent aboutir \u00e0 tenues trop classiques.<br \/>\nNous avons trouv\u00e9 la solution en mixant les styles et en portant par exemple une pi\u00e8ce chic avec\u00a0un jean.<\/p>\n<p>Le <strong>cache-c\u0153ur Cassis<\/strong>, coupe portefeuille chic et taille cintr\u00e9e, f\u00e9minise l&rsquo;allure.<br \/>\n<span style=\"text-decoration: underline;\"><em>Notre conseil style :<\/em><\/span> Port\u00e9e sur un jean, ce sera la tenue id\u00e9ale pour s&rsquo;assurer un look casual chic.<br \/>\nA adopter d&rsquo;urgence au bureau.<\/p>\n<p><img loading=\"lazy\" decoding=\"async\" class=\"alignnone size-large wp-image-2106\" src=\"https:\/\/www.craftine.com\/wp\/wp-content\/uploads\/2018\/08\/201808_top-et-cache-coeur-02-1-1024x819.jpg\" alt=\"201808_top et cache coeur-02\" width=\"1024\" height=\"819\" srcset=\"https:\/\/wp.craftine.cargo-webproject.com\/wp-content\/uploads\/2018\/08\/201808_top-et-cache-coeur-02-1-1024x819.jpg 1024w, https:\/\/wp.craftine.cargo-webproject.com\/wp-content\/uploads\/2018\/08\/201808_top-et-cache-coeur-02-1-300x240.jpg 300w, https:\/\/wp.craftine.cargo-webproject.com\/wp-content\/uploads\/2018\/08\/201808_top-et-cache-coeur-02-1-768x614.jpg 768w, https:\/\/wp.craftine.cargo-webproject.com\/wp-content\/uploads\/2018\/08\/201808_top-et-cache-coeur-02-1-696x557.jpg 696w, https:\/\/wp.craftine.cargo-webproject.com\/wp-content\/uploads\/2018\/08\/201808_top-et-cache-coeur-02-1-1068x854.jpg 1068w, https:\/\/wp.craftine.cargo-webproject.com\/wp-content\/uploads\/2018\/08\/201808_top-et-cache-coeur-02-1-525x420.jpg 525w, https:\/\/wp.craftine.cargo-webproject.com\/wp-content\/uploads\/2018\/08\/201808_top-et-cache-coeur-02-1.jpg 1500w\" sizes=\"auto, (max-width: 1024px) 100vw, 1024px\" \/><\/p>\n<p><strong>Patron bonus : Le Top Physalis.<\/strong><br \/>\nCe top flirte avec le monde de la lingerie.\u00a0Il est f\u00e9minin et met en valeur la silhouette par sa coupe ajust\u00e9e, ses pinces poitrines et son d\u00e9collet\u00e9 soulign\u00e9.<br \/>\n<em><span style=\"text-decoration: underline;\">Notre conseil style<\/span><\/em> : A porter version cool sous un long gilet moelleux ou version chic sous une veste de tailleur.<\/p>\n<p><span style=\"color: #000000;\"><em>Les patrons sont disponibles\u00a0de la taille 34 \u00e0 48. Les instructions de montage ainsi que les patrons PDF sont disponibles via le\u00a0lien de t\u00e9l\u00e9chargement se trouvant sur le flyer gliss\u00e9 dans votre box. Saisissez ce lien directement dans la barre d\u2019adresse de votre navigateur. Pour y acc\u00e9der plus facilement, vous pouvez \u00e9galement cliquer directement\u00a0<a style=\"color: #000000;\" href=\"https:\/\/www.craftine.com\/mon-patron\">ici<\/a>. Il vous suffit ensuite de renseigner votre code confidentiel inscrit sur votre flyer et vous pourrez alors r\u00e9cup\u00e9rer\u00a0les fichiers.<\/em><\/span><\/p>\n<p>Alors, qu&rsquo;allez-vous choisir de r\u00e9aliser avec le contenu de cette nouvelle box ? Quel style vous correspond le plus ? Ou allez-vous cr\u00e9er tout autre chose ?<br \/>\nNous sommes impatients de le savoir et de <strong>d\u00e9couvrir les photos de vos cr\u00e9ations<\/strong> que vous pourrez partager sur\u00a0le mur de notre\u00a0<a href=\"https:\/\/www.facebook.com\/craftine\" target=\"_blank\" rel=\"noopener\">page Facebook<\/a>. Vous serez ainsi automatiquement s\u00e9lectionn\u00e9e pour participer \u00e0 notre jeu concours pour \u00e9lire les 3 plus belles r\u00e9alisations avec le contenu de la box de la rentr\u00e9e !<br \/>\nVous pourrez \u00e9galement sur notre <a href=\"https:\/\/www.facebook.com\/craftine\" target=\"_blank\" rel=\"noopener\">page Facebook<\/a> faire le plein d\u2019id\u00e9es, de conseils\u00a0en \u00e9changeant avec le reste de la communaut\u00e9.<\/p>\n<p>Si\u00a0vous avez besoin de conseils et d\u2019aide lors de vos cr\u00e9ations couture, n\u2019h\u00e9sitez pas\u00a0<a href=\"https:\/\/box.craftine.com\/contact\/\">\u00e0 nous contacter<\/a>. Nous nous ferons un plaisir de vous aider.<\/p>\n<p>Pour recevoir la Craftine Box,\u00a0<a href=\"https:\/\/box.craftine.com\/s-abonner\/\"><strong>inscrivez-vous ici<\/strong><\/a>.<br \/>\nPour\u00a0d\u00e9couvrir d\u2019autres tissus, visitez notre\u00a0<a href=\"https:\/\/www.craftine.com\/\">mercerie\u00a0en ligne<\/a>.<\/p>\n<p>Belle couture \u00e0 toutes !<\/p>\n","protected":false},"excerpt":{"rendered":"<p>Voici la Craftine box de la rentr\u00e9e, une box avec un contenu pens\u00e9 pour \u00eatre au top en cette nouvelle rentr\u00e9e. De jolies mati\u00e8res, des couleurs cl\u00e9s, 3 patrons in\u00e9dits inclus, dont un patron encore jamais propos\u00e9 ! Gr\u00e2ce \u00e0 cette box, vous allez pouvoir facilement vous constituer une garde-robe sur mesure pour la rentr\u00e9e.\u00a0Votre [&hellip;]<\/p>\n","protected":false},"author":1,"featured_media":2104,"comment_status":"open","ping_status":"open","sticky":false,"template":"","format":"standard","meta":{"footnotes":""},"categories":[17],"tags":[],"class_list":{"0":"post-2098","1":"post","2":"type-post","3":"status-publish","4":"format-standard","5":"has-post-thumbnail","7":"category-box"},"_links":{"self":[{"href":"https:\/\/wp.craftine.cargo-webproject.com\/wp-json\/wp\/v2\/posts\/2098","targetHints":{"allow":["GET"]}}],"collection":[{"href":"https:\/\/wp.craftine.cargo-webproject.com\/wp-json\/wp\/v2\/posts"}],"about":[{"href":"https:\/\/wp.craftine.cargo-webproject.com\/wp-json\/wp\/v2\/types\/post"}],"author":[{"embeddable":true,"href":"https:\/\/wp.craftine.cargo-webproject.com\/wp-json\/wp\/v2\/users\/1"}],"replies":[{"embeddable":true,"href":"https:\/\/wp.craftine.cargo-webproject.com\/wp-json\/wp\/v2\/comments?post=2098"}],"version-history":[{"count":1,"href":"https:\/\/wp.craftine.cargo-webproject.com\/wp-json\/wp\/v2\/posts\/2098\/revisions"}],"predecessor-version":[{"id":2727,"href":"https:\/\/wp.craftine.cargo-webproject.com\/wp-json\/wp\/v2\/posts\/2098\/revisions\/2727"}],"wp:featuredmedia":[{"embeddable":true,"href":"https:\/\/wp.craftine.cargo-webproject.com\/wp-json\/wp\/v2\/media\/2104"}],"wp:attachment":[{"href":"https:\/\/wp.craftine.cargo-webproject.com\/wp-json\/wp\/v2\/media?parent=2098"}],"wp:term":[{"taxonomy":"category","embeddable":true,"href":"https:\/\/wp.craftine.cargo-webproject.com\/wp-json\/wp\/v2\/categories?post=2098"},{"taxonomy":"post_tag","embeddable":true,"href":"https:\/\/wp.craftine.cargo-webproject.com\/wp-json\/wp\/v2\/tags?post=2098"}],"curies":[{"name":"wp","href":"https:\/\/api.w.org\/{rel}","templated":true}]}}