{"id":3548,"date":"2019-05-07T17:17:07","date_gmt":"2019-05-07T15:17:07","guid":{"rendered":"https:\/\/www.craftine.com\/blog\/?p=3548"},"modified":"2019-05-16T16:46:30","modified_gmt":"2019-05-16T14:46:30","slug":"comment-choisir-sa-colle-pour-tissu","status":"publish","type":"post","link":"https:\/\/wp.craftine.cargo-webproject.com\/comment-choisir-sa-colle-pour-tissu\/","title":{"rendered":"Comment choisir sa colle pour tissu ?"},"content":{"rendered":"\n<p>Dans l&rsquo;univers de la couture, les colles pour tissu sont nombreuses. Entre diff\u00e9rentes propri\u00e9t\u00e9s et les multiples utilisations possibles, Craftine votre mercerie en ligne, fait le zoom. Ainsi, <a href=\"https:\/\/www.craftine.com\/mercerie\/accessoires-de-couture\/colle-textile-1.html\">choisir votre colle pour textile ne sera plus un obstacle<\/a>. La colle deviendra un incontournable de votre mat\u00e9riel de couture.<\/p>\n\n\n\n<h2 class=\"wp-block-heading\">Deux grandes familles : Collage permanent ou temporaire<\/h2>\n\n\n\n<p>Pour d\u00e9buter, il existe deux grandes familles de colle, les colles temporaires pour tissu et les colles permanentes. Comme leurs noms l&rsquo;indiquent, c&rsquo;est leur r\u00e9sistance dans le temps qui fera la diff\u00e9rence. <\/p>\n\n\n\n<p>En effet, il est pr\u00e9f\u00e9rable de choisir une colle \u00e0 usage permanent pour coller un ourlet, ajouter une pi\u00e8ce pour customiser un v\u00eatement ou encore pour r\u00e9parer une pi\u00e8ce d\u00e9cousue. <\/p>\n\n\n\n<p>Dans un autre contexte, vous pouvez avoir recours \u00e0 un collage temporaire, par exemple pour maintenir de la ouatine, un \u00e9cusson avant de le coudre ou encore pour maintenir les pi\u00e8ces d&rsquo;un patron papier sur le tissu.<\/p>\n\n\n\n<h2 class=\"wp-block-heading\">Les colles permanentes<\/h2>\n\n\n\n<h3 class=\"wp-block-heading\">La colle textil + de prym<\/h3>\n\n\n\n<div class=\"wp-block-image\"><figure class=\"alignright is-resized\"><a href=\" https:\/\/www.craftine.com\/colle-textil-tout-usage-prym-2-tailles.html \"><img loading=\"lazy\" decoding=\"async\" src=\"https:\/\/www.craftine.com\/blog\/wp-content\/uploads\/2019\/04\/colle-textil-prym.jpg\" alt=\"Photo de la colle textil+ de Prym. Une colle tous usages permanente adapt\u00e9e aux textile, carton, cuir, PVC. \" class=\"wp-image-3571\" width=\"269\" height=\"269\" srcset=\"https:\/\/wp.craftine.cargo-webproject.com\/wp-content\/uploads\/2019\/04\/colle-textil-prym.jpg 250w, https:\/\/wp.craftine.cargo-webproject.com\/wp-content\/uploads\/2019\/04\/colle-textil-prym-150x150.jpg 150w\" sizes=\"auto, (max-width: 269px) 100vw, 269px\" \/><\/a><figcaption>Colle tout usage Textil<em>+<\/em> de Prym<\/figcaption><\/figure><\/div>\n\n\n\n<h4 class=\"wp-block-heading\">La colle textil + est parfaite pour assembler, raccommoder et d\u00e9corer, durablement. <\/h4>\n\n\n\n<p>Sans doute une colle textile tr\u00e8s appr\u00e9ci\u00e9e, tellement son usage est large. PVC, cuir, latex, dentelle, tissu, carton, elle peut tout coller ou presque. Ainsi, avec cette colle, vous aurez la possibilit\u00e9 de varier les usages. De la r\u00e9paration d&rsquo;un v\u00eatement \u00e0 l&rsquo;aide d&rsquo;un \u00e9cusson \u00e0 la customisation d&rsquo;un ouvrage en collant des pompons ou des glands.<\/p>\n\n\n\n<p>Le temps de s\u00e9chage varie en fonction de la quantit\u00e9 de colle que vous appliquez, tout comme sa capacit\u00e9 \u00e0 rigidifier le tissu. <\/p>\n\n\n\n<p>La colle textil+ est sans solvant et incolore au s\u00e9chage. Ne soyez donc pas surpris de voir de la colle blanche sur le tissu. C&rsquo;est uniquement fait pour vous faciliter son utilisation mais, une fois la colle s\u00e8che plus de trace. <\/p>\n\n\n\n<h4 class=\"wp-block-heading\">R\u00e9parer avec la colle Textil + de Prym<\/h4>\n\n\n\n<ul class=\"wp-block-gallery aligncenter columns-4 is-cropped wp-block-gallery-2 is-layout-flex wp-block-gallery-is-layout-flex\"><li class=\"blocks-gallery-item\"><figure><img loading=\"lazy\" decoding=\"async\" width=\"250\" height=\"250\" src=\"https:\/\/www.craftine.com\/blog\/wp-content\/uploads\/2019\/04\/r\u00e9parer-avec-textil.jpg\" alt=\"\" data-id=\"3568\" data-link=\"https:\/\/www.craftine.com\/blog\/?attachment_id=3568\" class=\"wp-image-3568\" srcset=\"https:\/\/wp.craftine.cargo-webproject.com\/wp-content\/uploads\/2019\/04\/r\u00e9parer-avec-textil.jpg 250w, https:\/\/wp.craftine.cargo-webproject.com\/wp-content\/uploads\/2019\/04\/r\u00e9parer-avec-textil-150x150.jpg 150w\" sizes=\"auto, (max-width: 250px) 100vw, 250px\" \/><figcaption>Le tissu d\u00e9perlant est d\u00e9col\u00e9<\/figcaption><\/figure><\/li><li class=\"blocks-gallery-item\"><figure><img loading=\"lazy\" decoding=\"async\" width=\"250\" height=\"250\" src=\"https:\/\/www.craftine.com\/blog\/wp-content\/uploads\/2019\/04\/r\u00e9parer-avec-textil-2.jpg\" alt=\"\" data-id=\"3569\" data-link=\"https:\/\/www.craftine.com\/blog\/?attachment_id=3569\" class=\"wp-image-3569\" srcset=\"https:\/\/wp.craftine.cargo-webproject.com\/wp-content\/uploads\/2019\/04\/r\u00e9parer-avec-textil-2.jpg 250w, https:\/\/wp.craftine.cargo-webproject.com\/wp-content\/uploads\/2019\/04\/r\u00e9parer-avec-textil-2-150x150.jpg 150w\" sizes=\"auto, (max-width: 250px) 100vw, 250px\" \/><figcaption>Appliquer un filet de colle textil +<\/figcaption><\/figure><\/li><li class=\"blocks-gallery-item\"><figure><img loading=\"lazy\" decoding=\"async\" width=\"250\" height=\"250\" src=\"https:\/\/www.craftine.com\/blog\/wp-content\/uploads\/2019\/04\/r\u00e9parer-avec-textil-3.jpg\" alt=\"\" data-id=\"3570\" data-link=\"https:\/\/www.craftine.com\/blog\/?attachment_id=3570\" class=\"wp-image-3570\" srcset=\"https:\/\/wp.craftine.cargo-webproject.com\/wp-content\/uploads\/2019\/04\/r\u00e9parer-avec-textil-3.jpg 250w, https:\/\/wp.craftine.cargo-webproject.com\/wp-content\/uploads\/2019\/04\/r\u00e9parer-avec-textil-3-150x150.jpg 150w\" sizes=\"auto, (max-width: 250px) 100vw, 250px\" \/><figcaption>Presser le tissu<\/figcaption><\/figure><\/li><li class=\"blocks-gallery-item\"><figure><img loading=\"lazy\" decoding=\"async\" width=\"250\" height=\"250\" src=\"https:\/\/www.craftine.com\/blog\/wp-content\/uploads\/2019\/04\/r\u00e9parer-avec-textil-4.jpg\" alt=\"\" data-id=\"3567\" data-link=\"https:\/\/www.craftine.com\/blog\/?attachment_id=3567\" class=\"wp-image-3567\" srcset=\"https:\/\/wp.craftine.cargo-webproject.com\/wp-content\/uploads\/2019\/04\/r\u00e9parer-avec-textil-4.jpg 250w, https:\/\/wp.craftine.cargo-webproject.com\/wp-content\/uploads\/2019\/04\/r\u00e9parer-avec-textil-4-150x150.jpg 150w\" sizes=\"auto, (max-width: 250px) 100vw, 250px\" \/><figcaption>Votre imperm\u00e9able est r\u00e9par\u00e9<\/figcaption><\/figure><\/li><\/ul>\n\n\n\n<h3 class=\"wp-block-heading\">La colle anti-effilochage de Prym<\/h3>\n\n\n\n<div class=\"wp-block-image\"><figure class=\"alignright is-resized\"><img loading=\"lazy\" decoding=\"async\" src=\"https:\/\/www.craftine.com\/blog\/wp-content\/uploads\/2019\/04\/colle-anti-effilochage.jpg\" alt=\"\" class=\"wp-image-3579\" width=\"212\" height=\"212\" srcset=\"https:\/\/wp.craftine.cargo-webproject.com\/wp-content\/uploads\/2019\/04\/colle-anti-effilochage.jpg 250w, https:\/\/wp.craftine.cargo-webproject.com\/wp-content\/uploads\/2019\/04\/colle-anti-effilochage-150x150.jpg 150w\" sizes=\"auto, (max-width: 212px) 100vw, 212px\" \/><figcaption> <br><em>Colle anti-effilochage de Prym<\/em> <\/figcaption><\/figure><\/div>\n\n\n\n<h4 class=\"wp-block-heading\">La colle anti-effilochage est l\u2019ennemie du tissu effiloch\u00e9 ou la partenaire d&rsquo;un style branch\u00e9. <\/h4>\n\n\n\n<p>Bas de jean, toile de broderie, pantalon enfant, col de chemise, sont d&rsquo;autant de tissus souffrant r\u00e9guli\u00e8rement d&rsquo;effilochage disgracieux. Cette petite colle textile est une solution radicale pour maintenir le tissu bien en place et stopper la progression de l&rsquo;usure in\u00e9vitable d&rsquo;un v\u00eatement ou pour faciliter le travail d&rsquo;un tissu en lin mont\u00e9 sur un tambour. <\/p>\n\n\n\n<h4 class=\"wp-block-heading\">R\u00e9parer avec la colle Anti-effilochage de Prym<\/h4>\n\n\n\n<ul class=\"wp-block-gallery columns-3 is-cropped wp-block-gallery-3 is-layout-flex wp-block-gallery-is-layout-flex\"><li class=\"blocks-gallery-item\"><figure><img loading=\"lazy\" decoding=\"async\" width=\"250\" height=\"250\" src=\"https:\/\/www.craftine.com\/blog\/wp-content\/uploads\/2019\/04\/colle-anti-effilochage-1.jpg\" alt=\"\" data-id=\"3576\" data-link=\"https:\/\/www.craftine.com\/blog\/?attachment_id=3576\" class=\"wp-image-3576\" srcset=\"https:\/\/wp.craftine.cargo-webproject.com\/wp-content\/uploads\/2019\/04\/colle-anti-effilochage-1.jpg 250w, https:\/\/wp.craftine.cargo-webproject.com\/wp-content\/uploads\/2019\/04\/colle-anti-effilochage-1-150x150.jpg 150w\" sizes=\"auto, (max-width: 250px) 100vw, 250px\" \/><figcaption>Une boutonni\u00e8re qui commence \u00e0 s&rsquo;effilocher<\/figcaption><\/figure><\/li><li class=\"blocks-gallery-item\"><figure><img loading=\"lazy\" decoding=\"async\" width=\"250\" height=\"250\" src=\"https:\/\/www.craftine.com\/blog\/wp-content\/uploads\/2019\/04\/colle-anti-effilochage-2.jpg\" alt=\"\" data-id=\"3577\" data-link=\"https:\/\/www.craftine.com\/blog\/?attachment_id=3577\" class=\"wp-image-3577\" srcset=\"https:\/\/wp.craftine.cargo-webproject.com\/wp-content\/uploads\/2019\/04\/colle-anti-effilochage-2.jpg 250w, https:\/\/wp.craftine.cargo-webproject.com\/wp-content\/uploads\/2019\/04\/colle-anti-effilochage-2-150x150.jpg 150w\" sizes=\"auto, (max-width: 250px) 100vw, 250px\" \/><figcaption>Couper les fils qui d\u00e9passent<\/figcaption><\/figure><\/li><li class=\"blocks-gallery-item\"><figure><img loading=\"lazy\" decoding=\"async\" width=\"250\" height=\"250\" src=\"https:\/\/www.craftine.com\/blog\/wp-content\/uploads\/2019\/04\/colle-anti-effilochage-3.jpg\" alt=\"\" data-id=\"3578\" data-link=\"https:\/\/www.craftine.com\/blog\/?attachment_id=3578\" class=\"wp-image-3578\" srcset=\"https:\/\/wp.craftine.cargo-webproject.com\/wp-content\/uploads\/2019\/04\/colle-anti-effilochage-3.jpg 250w, https:\/\/wp.craftine.cargo-webproject.com\/wp-content\/uploads\/2019\/04\/colle-anti-effilochage-3-150x150.jpg 150w\" sizes=\"auto, (max-width: 250px) 100vw, 250px\" \/><figcaption>Coller, c&rsquo;est r\u00e9parer !<\/figcaption><\/figure><\/li><\/ul>\n\n\n\n<p>M\u00eame si, son effet peut \u00eatre s&rsquo;att\u00e9nuer par les lavages successifs, cette colle a une bonne durabilit\u00e9. Incolore, elle se fond sur le tissu. Attention cependant, \u00e0 ne pas trop en mettre, la colle anti-effilochage de Prym risquerait de blanchir le tissu.<\/p>\n\n\n\n<h4 class=\"wp-block-heading\">Cr\u00e9er avec la colle anti-effilochage <\/h4>\n\n\n\n<p>Cette colle peut \u00e9galement devenir un outil pratique pour confectionner des pi\u00e8ces tendances.  <\/p>\n\n\n\n<ul class=\"wp-block-gallery columns-3 is-cropped wp-block-gallery-4 is-layout-flex wp-block-gallery-is-layout-flex\"><li class=\"blocks-gallery-item\"><figure><img loading=\"lazy\" decoding=\"async\" width=\"250\" height=\"250\" src=\"https:\/\/www.craftine.com\/blog\/wp-content\/uploads\/2019\/04\/2-colle-anti-effilochage.jpg\" alt=\"\" data-id=\"3559\" data-link=\"https:\/\/www.craftine.com\/blog\/?attachment_id=3559\" class=\"wp-image-3559\" srcset=\"https:\/\/wp.craftine.cargo-webproject.com\/wp-content\/uploads\/2019\/04\/2-colle-anti-effilochage.jpg 250w, https:\/\/wp.craftine.cargo-webproject.com\/wp-content\/uploads\/2019\/04\/2-colle-anti-effilochage-150x150.jpg 150w\" sizes=\"auto, (max-width: 250px) 100vw, 250px\" \/><figcaption>Faire un jean \u00e0 franges avec la colle anti-effilochage<\/figcaption><\/figure><\/li><li class=\"blocks-gallery-item\"><figure><img loading=\"lazy\" decoding=\"async\" width=\"250\" height=\"250\" src=\"https:\/\/www.craftine.com\/blog\/wp-content\/uploads\/2019\/04\/2-colle-anti-effilochage-2.jpg\" alt=\"\" data-id=\"3560\" data-link=\"https:\/\/www.craftine.com\/blog\/?attachment_id=3560\" class=\"wp-image-3560\" srcset=\"https:\/\/wp.craftine.cargo-webproject.com\/wp-content\/uploads\/2019\/04\/2-colle-anti-effilochage-2.jpg 250w, https:\/\/wp.craftine.cargo-webproject.com\/wp-content\/uploads\/2019\/04\/2-colle-anti-effilochage-2-150x150.jpg 150w\" sizes=\"auto, (max-width: 250px) 100vw, 250px\" \/><figcaption>D\u00e9couper le bas du jean<\/figcaption><\/figure><\/li><li class=\"blocks-gallery-item\"><figure><img loading=\"lazy\" decoding=\"async\" width=\"250\" height=\"250\" src=\"https:\/\/www.craftine.com\/blog\/wp-content\/uploads\/2019\/04\/2-colle-anti-effilochage-3.jpg\" alt=\"\" data-id=\"3565\" data-link=\"https:\/\/www.craftine.com\/blog\/?attachment_id=3565\" class=\"wp-image-3565\" srcset=\"https:\/\/wp.craftine.cargo-webproject.com\/wp-content\/uploads\/2019\/04\/2-colle-anti-effilochage-3.jpg 250w, https:\/\/wp.craftine.cargo-webproject.com\/wp-content\/uploads\/2019\/04\/2-colle-anti-effilochage-3-150x150.jpg 150w\" sizes=\"auto, (max-width: 250px) 100vw, 250px\" \/><figcaption>Faire des franges avec un d\u00e9couseur<\/figcaption><\/figure><\/li><li class=\"blocks-gallery-item\"><figure><img loading=\"lazy\" decoding=\"async\" width=\"250\" height=\"250\" src=\"https:\/\/www.craftine.com\/blog\/wp-content\/uploads\/2019\/04\/2-colle-anti-effilochage-4.jpg\" alt=\"\" data-id=\"3561\" data-link=\"https:\/\/www.craftine.com\/blog\/?attachment_id=3561\" class=\"wp-image-3561\" srcset=\"https:\/\/wp.craftine.cargo-webproject.com\/wp-content\/uploads\/2019\/04\/2-colle-anti-effilochage-4.jpg 250w, https:\/\/wp.craftine.cargo-webproject.com\/wp-content\/uploads\/2019\/04\/2-colle-anti-effilochage-4-150x150.jpg 150w\" sizes=\"auto, (max-width: 250px) 100vw, 250px\" \/><figcaption>Couper les franges<\/figcaption><\/figure><\/li><li class=\"blocks-gallery-item\"><figure><img loading=\"lazy\" decoding=\"async\" width=\"250\" height=\"250\" src=\"https:\/\/www.craftine.com\/blog\/wp-content\/uploads\/2019\/04\/2-colle-anti-effilochage-5.jpg\" alt=\"\" data-id=\"3562\" data-link=\"https:\/\/www.craftine.com\/blog\/?attachment_id=3562\" class=\"wp-image-3562\" srcset=\"https:\/\/wp.craftine.cargo-webproject.com\/wp-content\/uploads\/2019\/04\/2-colle-anti-effilochage-5.jpg 250w, https:\/\/wp.craftine.cargo-webproject.com\/wp-content\/uploads\/2019\/04\/2-colle-anti-effilochage-5-150x150.jpg 150w\" sizes=\"auto, (max-width: 250px) 100vw, 250px\" \/><figcaption>Stabiliser l&rsquo;effilochage avec la colle anti-effilochage de Prym<\/figcaption><\/figure><\/li><li class=\"blocks-gallery-item\"><figure><img loading=\"lazy\" decoding=\"async\" width=\"250\" height=\"250\" src=\"https:\/\/www.craftine.com\/blog\/wp-content\/uploads\/2019\/04\/2-colle-anti-effilochage-6.jpg\" alt=\"\" data-id=\"3563\" data-link=\"https:\/\/www.craftine.com\/blog\/?attachment_id=3563\" class=\"wp-image-3563\" srcset=\"https:\/\/wp.craftine.cargo-webproject.com\/wp-content\/uploads\/2019\/04\/2-colle-anti-effilochage-6.jpg 250w, https:\/\/wp.craftine.cargo-webproject.com\/wp-content\/uploads\/2019\/04\/2-colle-anti-effilochage-6-150x150.jpg 150w\" sizes=\"auto, (max-width: 250px) 100vw, 250px\" \/><figcaption>Le jean est coll\u00e9<\/figcaption><\/figure><\/li><\/ul>\n\n\n\n<h3 class=\"wp-block-heading\">La colle pour cuir de Prym<\/h3>\n\n\n\n<div class=\"wp-block-image\"><figure class=\"alignright is-resized\"><img loading=\"lazy\" decoding=\"async\" src=\"https:\/\/www.craftine.com\/blog\/wp-content\/uploads\/2019\/05\/mp_968010-3.jpg\" alt=\"\" class=\"wp-image-4106\" width=\"209\" height=\"209\" srcset=\"https:\/\/wp.craftine.cargo-webproject.com\/wp-content\/uploads\/2019\/05\/mp_968010-3.jpg 1000w, https:\/\/wp.craftine.cargo-webproject.com\/wp-content\/uploads\/2019\/05\/mp_968010-3-150x150.jpg 150w, https:\/\/wp.craftine.cargo-webproject.com\/wp-content\/uploads\/2019\/05\/mp_968010-3-300x300.jpg 300w, https:\/\/wp.craftine.cargo-webproject.com\/wp-content\/uploads\/2019\/05\/mp_968010-3-768x768.jpg 768w, https:\/\/wp.craftine.cargo-webproject.com\/wp-content\/uploads\/2019\/05\/mp_968010-3-696x696.jpg 696w, https:\/\/wp.craftine.cargo-webproject.com\/wp-content\/uploads\/2019\/05\/mp_968010-3-420x420.jpg 420w\" sizes=\"auto, (max-width: 209px) 100vw, 209px\" \/><figcaption>Colle pour cuir Prym<\/figcaption><\/figure><\/div>\n\n\n\n<h4 class=\"wp-block-heading\">Une colle adapt\u00e9e au cuir mais pas seulement<\/h4>\n\n\n\n<p>Adapt\u00e9e pour coller des cuirs lisses ou chamois\u00e9s, cette colle \u00e0 forte adh\u00e9rence pourra \u00e9galement \u00eatre utilis\u00e9e pour coller le caoutchouc, le bois, le m\u00e9tal ou encore le papier. <\/p>\n\n\n\n<p>Pour une utilisation optimale, il convient de pr\u00e9parer au pr\u00e9alable les surfaces \u00e0 coller en les nettoyant. Il est aussi n\u00e9cessaire de presser les parties une fois coll\u00e9es.<\/p>\n\n\n\n<h4 class=\"wp-block-heading\">R\u00e9parer avec la colle cuir<\/h4>\n\n\n\n<ul class=\"wp-block-gallery columns-2 is-cropped wp-block-gallery-5 is-layout-flex wp-block-gallery-is-layout-flex\"><li class=\"blocks-gallery-item\"><figure><img loading=\"lazy\" decoding=\"async\" width=\"1000\" height=\"667\" src=\"https:\/\/www.craftine.com\/blog\/wp-content\/uploads\/2019\/05\/colle_cuir1-1.jpg\" alt=\"\" data-id=\"4101\" data-link=\"https:\/\/www.craftine.com\/blog\/?attachment_id=4101\" class=\"wp-image-4101\" srcset=\"https:\/\/wp.craftine.cargo-webproject.com\/wp-content\/uploads\/2019\/05\/colle_cuir1-1.jpg 1000w, https:\/\/wp.craftine.cargo-webproject.com\/wp-content\/uploads\/2019\/05\/colle_cuir1-1-300x200.jpg 300w, https:\/\/wp.craftine.cargo-webproject.com\/wp-content\/uploads\/2019\/05\/colle_cuir1-1-768x512.jpg 768w, https:\/\/wp.craftine.cargo-webproject.com\/wp-content\/uploads\/2019\/05\/colle_cuir1-1-696x464.jpg 696w, https:\/\/wp.craftine.cargo-webproject.com\/wp-content\/uploads\/2019\/05\/colle_cuir1-1-630x420.jpg 630w\" sizes=\"auto, (max-width: 1000px) 100vw, 1000px\" \/><figcaption>La fermeture du sac est cass\u00e9e<\/figcaption><\/figure><\/li><li class=\"blocks-gallery-item\"><figure><img loading=\"lazy\" decoding=\"async\" width=\"1000\" height=\"667\" src=\"https:\/\/www.craftine.com\/blog\/wp-content\/uploads\/2019\/05\/colle_cuir2-1.jpg\" alt=\"\" data-id=\"4100\" data-link=\"https:\/\/www.craftine.com\/blog\/?attachment_id=4100\" class=\"wp-image-4100\" srcset=\"https:\/\/wp.craftine.cargo-webproject.com\/wp-content\/uploads\/2019\/05\/colle_cuir2-1.jpg 1000w, https:\/\/wp.craftine.cargo-webproject.com\/wp-content\/uploads\/2019\/05\/colle_cuir2-1-300x200.jpg 300w, https:\/\/wp.craftine.cargo-webproject.com\/wp-content\/uploads\/2019\/05\/colle_cuir2-1-768x512.jpg 768w, https:\/\/wp.craftine.cargo-webproject.com\/wp-content\/uploads\/2019\/05\/colle_cuir2-1-696x464.jpg 696w, https:\/\/wp.craftine.cargo-webproject.com\/wp-content\/uploads\/2019\/05\/colle_cuir2-1-630x420.jpg 630w\" sizes=\"auto, (max-width: 1000px) 100vw, 1000px\" \/><figcaption>Appliquer de la colle<\/figcaption><\/figure><\/li><li class=\"blocks-gallery-item\"><figure><img loading=\"lazy\" decoding=\"async\" width=\"1000\" height=\"667\" src=\"https:\/\/www.craftine.com\/blog\/wp-content\/uploads\/2019\/05\/colle_cuir3-1.jpg\" alt=\"\" data-id=\"4099\" data-link=\"https:\/\/www.craftine.com\/blog\/?attachment_id=4099\" class=\"wp-image-4099\" srcset=\"https:\/\/wp.craftine.cargo-webproject.com\/wp-content\/uploads\/2019\/05\/colle_cuir3-1.jpg 1000w, https:\/\/wp.craftine.cargo-webproject.com\/wp-content\/uploads\/2019\/05\/colle_cuir3-1-300x200.jpg 300w, https:\/\/wp.craftine.cargo-webproject.com\/wp-content\/uploads\/2019\/05\/colle_cuir3-1-768x512.jpg 768w, https:\/\/wp.craftine.cargo-webproject.com\/wp-content\/uploads\/2019\/05\/colle_cuir3-1-696x464.jpg 696w, https:\/\/wp.craftine.cargo-webproject.com\/wp-content\/uploads\/2019\/05\/colle_cuir3-1-630x420.jpg 630w\" sizes=\"auto, (max-width: 1000px) 100vw, 1000px\" \/><figcaption>Laisser la colle s\u00e9cher et presser<\/figcaption><\/figure><\/li><li class=\"blocks-gallery-item\"><figure><img loading=\"lazy\" decoding=\"async\" width=\"1000\" height=\"667\" src=\"https:\/\/www.craftine.com\/blog\/wp-content\/uploads\/2019\/05\/colle_cuir4.jpg\" alt=\"\" data-id=\"4098\" data-link=\"https:\/\/www.craftine.com\/blog\/?attachment_id=4098\" class=\"wp-image-4098\" srcset=\"https:\/\/wp.craftine.cargo-webproject.com\/wp-content\/uploads\/2019\/05\/colle_cuir4.jpg 1000w, https:\/\/wp.craftine.cargo-webproject.com\/wp-content\/uploads\/2019\/05\/colle_cuir4-300x200.jpg 300w, https:\/\/wp.craftine.cargo-webproject.com\/wp-content\/uploads\/2019\/05\/colle_cuir4-768x512.jpg 768w, https:\/\/wp.craftine.cargo-webproject.com\/wp-content\/uploads\/2019\/05\/colle_cuir4-696x464.jpg 696w, https:\/\/wp.craftine.cargo-webproject.com\/wp-content\/uploads\/2019\/05\/colle_cuir4-630x420.jpg 630w\" sizes=\"auto, (max-width: 1000px) 100vw, 1000px\" \/><figcaption>C&rsquo;est r\u00e9par\u00e9 !<\/figcaption><\/figure><\/li><\/ul>\n\n\n\n<h2 class=\"wp-block-heading\">Les colles temporaires<\/h2>\n\n\n\n<h3 class=\"wp-block-heading\">Le spray adh\u00e9sif temporaire de Prym<\/h3>\n\n\n\n<h4 class=\"wp-block-heading\">Une colle textile temporaire en spray qui facilite les coutures et la couture.<\/h4>\n\n\n\n<div class=\"wp-block-image\"><figure class=\"alignright\"><a href=\"https:\/\/www.craftine.com\/adhesif-temporaire-prym.html\"><img loading=\"lazy\" decoding=\"async\" width=\"250\" height=\"250\" src=\"https:\/\/www.craftine.com\/blog\/wp-content\/uploads\/2019\/04\/colle-spray-temporaire.jpg\" alt=\"Colle spray temporaire pour textile de Prym\" class=\"wp-image-3582\" srcset=\"https:\/\/wp.craftine.cargo-webproject.com\/wp-content\/uploads\/2019\/04\/colle-spray-temporaire.jpg 250w, https:\/\/wp.craftine.cargo-webproject.com\/wp-content\/uploads\/2019\/04\/colle-spray-temporaire-150x150.jpg 150w\" sizes=\"auto, (max-width: 250px) 100vw, 250px\" \/><\/a><figcaption>Colle spray temporaire Prym<\/figcaption><\/figure><\/div>\n\n\n\n<p>Papier, tissu, cette colle adh\u00e9sive en spray est temporaire et vous facilite la couture qui devra suivre. En effet, cette colle ne r\u00e9siste pas au lavage, mais peut \u00eatre une alternative int\u00e9ressante aux \u00e9pingles de couture. Pas de trous, mais elle maintient tout de m\u00eame en place en attendant de piquer un \u00e9cusson fait maison. <\/p>\n\n\n\n<p>Cette colle pour tissu temporaire en spray sera une aide pr\u00e9cieuse dans les activit\u00e9s de customisation ou de DIY. Les sacs rembourr\u00e9s ou accessoires \u00e0 base de ouatine pourront \u00eatre facilement mont\u00e9s gr\u00e2ce \u00e0 cette colle qui garantira une position sans risque de glisse ou d&rsquo;\u00e9paisseur non d\u00e9sir\u00e9e sur une couture. De la m\u00eame fa\u00e7on, les sacs faits main poss\u00e9dants de multiples \u00e9paisseurs, que les \u00e9pingles ne pourront pas piquer, seront facilement immobilis\u00e9es avec cette colle en spray. Parfait \u00e9galement avec des mati\u00e8res d\u00e9licates que les \u00e9pingles pourraient percer et ab\u00eemer comme le simili cuir ou la su\u00e9dine. Facilit\u00e9 garantie. <\/p>\n\n\n\n<p>Cette colle facile d&rsquo;utilisation doit \u00eatre pulv\u00e9ris\u00e9es \u00e0 une distance de 30 centim\u00e8tres pour une utilisation optimale.<\/p>\n\n\n\n<ul class=\"wp-block-gallery columns-2 is-cropped wp-block-gallery-6 is-layout-flex wp-block-gallery-is-layout-flex\"><li class=\"blocks-gallery-item\"><figure><img loading=\"lazy\" decoding=\"async\" width=\"250\" height=\"250\" src=\"https:\/\/www.craftine.com\/blog\/wp-content\/uploads\/2019\/04\/colle-spray-1.jpg\" alt=\"\" data-id=\"3584\" data-link=\"https:\/\/www.craftine.com\/blog\/?attachment_id=3584\" class=\"wp-image-3584\" srcset=\"https:\/\/wp.craftine.cargo-webproject.com\/wp-content\/uploads\/2019\/04\/colle-spray-1.jpg 250w, https:\/\/wp.craftine.cargo-webproject.com\/wp-content\/uploads\/2019\/04\/colle-spray-1-150x150.jpg 150w\" sizes=\"auto, (max-width: 250px) 100vw, 250px\" \/><figcaption>Ouatine fix\u00e9e avec la colle<\/figcaption><\/figure><\/li><li class=\"blocks-gallery-item\"><figure><img loading=\"lazy\" decoding=\"async\" width=\"250\" height=\"250\" src=\"https:\/\/www.craftine.com\/blog\/wp-content\/uploads\/2019\/04\/colle-spray-2.jpg\" alt=\"\" data-id=\"3585\" data-link=\"https:\/\/www.craftine.com\/blog\/?attachment_id=3585\" class=\"wp-image-3585\" srcset=\"https:\/\/wp.craftine.cargo-webproject.com\/wp-content\/uploads\/2019\/04\/colle-spray-2.jpg 250w, https:\/\/wp.craftine.cargo-webproject.com\/wp-content\/uploads\/2019\/04\/colle-spray-2-150x150.jpg 150w\" sizes=\"auto, (max-width: 250px) 100vw, 250px\" \/><figcaption>Montage \u00e0 base de carton et de simili cuir<\/figcaption><\/figure><\/li><\/ul>\n\n\n\n<h4 class=\"wp-block-heading\">R\u00e9parer avec la colle temporaire en Spray de Prym<\/h4>\n\n\n\n<p>Vous pouvez \u00e9galement r\u00e9parer vos v\u00eatements facilement avec la colle en spray.<\/p>\n\n\n\n<ul class=\"wp-block-gallery columns-4 is-cropped wp-block-gallery-7 is-layout-flex wp-block-gallery-is-layout-flex\"><li class=\"blocks-gallery-item\"><figure><img loading=\"lazy\" decoding=\"async\" width=\"250\" height=\"250\" src=\"https:\/\/www.craftine.com\/blog\/wp-content\/uploads\/2019\/04\/spray.jpg\" alt=\"\" data-id=\"3595\" data-link=\"https:\/\/www.craftine.com\/blog\/?attachment_id=3595\" class=\"wp-image-3595\" srcset=\"https:\/\/wp.craftine.cargo-webproject.com\/wp-content\/uploads\/2019\/04\/spray.jpg 250w, https:\/\/wp.craftine.cargo-webproject.com\/wp-content\/uploads\/2019\/04\/spray-150x150.jpg 150w\" sizes=\"auto, (max-width: 250px) 100vw, 250px\" \/><figcaption>Un trou dans le jean de votre enfant ?<\/figcaption><\/figure><\/li><li class=\"blocks-gallery-item\"><figure><img loading=\"lazy\" decoding=\"async\" width=\"250\" height=\"250\" src=\"https:\/\/www.craftine.com\/blog\/wp-content\/uploads\/2019\/04\/spray-2.jpg\" alt=\"\" data-id=\"3596\" data-link=\"https:\/\/www.craftine.com\/blog\/?attachment_id=3596\" class=\"wp-image-3596\" srcset=\"https:\/\/wp.craftine.cargo-webproject.com\/wp-content\/uploads\/2019\/04\/spray-2.jpg 250w, https:\/\/wp.craftine.cargo-webproject.com\/wp-content\/uploads\/2019\/04\/spray-2-150x150.jpg 150w\" sizes=\"auto, (max-width: 250px) 100vw, 250px\" \/><figcaption>Vaporiser l\u2019\u00e9cusson.<br>Respecter une distance de 30 cm. <\/figcaption><\/figure><\/li><li class=\"blocks-gallery-item\"><figure><img loading=\"lazy\" decoding=\"async\" width=\"250\" height=\"250\" src=\"https:\/\/www.craftine.com\/blog\/wp-content\/uploads\/2019\/04\/spray-3.jpg\" alt=\"\" data-id=\"3597\" data-link=\"https:\/\/www.craftine.com\/blog\/?attachment_id=3597\" class=\"wp-image-3597\" srcset=\"https:\/\/wp.craftine.cargo-webproject.com\/wp-content\/uploads\/2019\/04\/spray-3.jpg 250w, https:\/\/wp.craftine.cargo-webproject.com\/wp-content\/uploads\/2019\/04\/spray-3-150x150.jpg 150w\" sizes=\"auto, (max-width: 250px) 100vw, 250px\" \/><figcaption>Coller<\/figcaption><\/figure><\/li><li class=\"blocks-gallery-item\"><figure><img loading=\"lazy\" decoding=\"async\" width=\"250\" height=\"250\" src=\"https:\/\/www.craftine.com\/blog\/wp-content\/uploads\/2019\/04\/spray-4.jpg\" alt=\"\" data-id=\"3598\" data-link=\"https:\/\/www.craftine.com\/blog\/?attachment_id=3598\" class=\"wp-image-3598\" srcset=\"https:\/\/wp.craftine.cargo-webproject.com\/wp-content\/uploads\/2019\/04\/spray-4.jpg 250w, https:\/\/wp.craftine.cargo-webproject.com\/wp-content\/uploads\/2019\/04\/spray-4-150x150.jpg 150w\" sizes=\"auto, (max-width: 250px) 100vw, 250px\" \/><figcaption>Piquer<\/figcaption><\/figure><\/li><\/ul>\n\n\n\n<h4 class=\"wp-block-heading\">Une alternative temporaire aux \u00e9pingles de couture. <\/h4>\n\n\n\n<p>Avec cette colle en spray, vous pourrez aussi maintenir les pi\u00e8ces d&rsquo;un patron papier sur le tissu. Fini la s\u00e9ance d&rsquo;\u00e9pinglage !<\/p>\n\n\n\n<ul class=\"wp-block-gallery columns-4 is-cropped wp-block-gallery-8 is-layout-flex wp-block-gallery-is-layout-flex\"><li class=\"blocks-gallery-item\"><figure><img loading=\"lazy\" decoding=\"async\" width=\"250\" height=\"250\" src=\"https:\/\/www.craftine.com\/blog\/wp-content\/uploads\/2019\/04\/2-spray.jpg\" alt=\"\" data-id=\"3600\" data-link=\"https:\/\/www.craftine.com\/blog\/?attachment_id=3600\" class=\"wp-image-3600\" srcset=\"https:\/\/wp.craftine.cargo-webproject.com\/wp-content\/uploads\/2019\/04\/2-spray.jpg 250w, https:\/\/wp.craftine.cargo-webproject.com\/wp-content\/uploads\/2019\/04\/2-spray-150x150.jpg 150w\" sizes=\"auto, (max-width: 250px) 100vw, 250px\" \/><figcaption>Une pi\u00e8ce de patron en papier<\/figcaption><\/figure><\/li><li class=\"blocks-gallery-item\"><figure><img loading=\"lazy\" decoding=\"async\" width=\"250\" height=\"250\" src=\"https:\/\/www.craftine.com\/blog\/wp-content\/uploads\/2019\/04\/2-spray-2.jpg\" alt=\"\" data-id=\"3601\" data-link=\"https:\/\/www.craftine.com\/blog\/?attachment_id=3601\" class=\"wp-image-3601\" srcset=\"https:\/\/wp.craftine.cargo-webproject.com\/wp-content\/uploads\/2019\/04\/2-spray-2.jpg 250w, https:\/\/wp.craftine.cargo-webproject.com\/wp-content\/uploads\/2019\/04\/2-spray-2-150x150.jpg 150w\" sizes=\"auto, (max-width: 250px) 100vw, 250px\" \/><figcaption>Vaporiser. <br>Respecter une distance de 30 cm<\/figcaption><\/figure><\/li><li class=\"blocks-gallery-item\"><figure><img loading=\"lazy\" decoding=\"async\" width=\"250\" height=\"250\" src=\"https:\/\/www.craftine.com\/blog\/wp-content\/uploads\/2019\/04\/2-spray-3.jpg\" alt=\"\" data-id=\"3602\" data-link=\"https:\/\/www.craftine.com\/blog\/?attachment_id=3602\" class=\"wp-image-3602\" srcset=\"https:\/\/wp.craftine.cargo-webproject.com\/wp-content\/uploads\/2019\/04\/2-spray-3.jpg 250w, https:\/\/wp.craftine.cargo-webproject.com\/wp-content\/uploads\/2019\/04\/2-spray-3-150x150.jpg 150w\" sizes=\"auto, (max-width: 250px) 100vw, 250px\" \/><figcaption>Coller.<br>D\u00e9couper votre pi\u00e8ce<\/figcaption><\/figure><\/li><li class=\"blocks-gallery-item\"><figure><img loading=\"lazy\" decoding=\"async\" width=\"250\" height=\"250\" src=\"https:\/\/www.craftine.com\/blog\/wp-content\/uploads\/2019\/04\/2-spray-4.jpg\" alt=\"\" data-id=\"3603\" data-link=\"https:\/\/www.craftine.com\/blog\/?attachment_id=3603\" class=\"wp-image-3603\" srcset=\"https:\/\/wp.craftine.cargo-webproject.com\/wp-content\/uploads\/2019\/04\/2-spray-4.jpg 250w, https:\/\/wp.craftine.cargo-webproject.com\/wp-content\/uploads\/2019\/04\/2-spray-4-150x150.jpg 150w\" sizes=\"auto, (max-width: 250px) 100vw, 250px\" \/><figcaption>D\u00e9coller facilement votre pi\u00e8ce de patron<\/figcaption><\/figure><\/li><\/ul>\n\n\n\n<h3 class=\"wp-block-heading\">Le stylo colle Aqua de Prym<\/h3>\n\n\n\n<h4 class=\"wp-block-heading\">Pour un collage minutieux ou b\u00e2tir une couture facilement<\/h4>\n\n\n\n<div class=\"wp-block-image\"><figure class=\"alignright\"><a href=\"https:\/\/www.craftine.com\/stylo-colle-aqua-prym.html\"><img loading=\"lazy\" decoding=\"async\" width=\"250\" height=\"250\" src=\"https:\/\/www.craftine.com\/blog\/wp-content\/uploads\/2019\/04\/stylo_colle_aqua.jpg\" alt=\"Stylo colle aqua de prym, colle \u00e0 b\u00e2tir pour la couture\" class=\"wp-image-3590\" srcset=\"https:\/\/wp.craftine.cargo-webproject.com\/wp-content\/uploads\/2019\/04\/stylo_colle_aqua.jpg 250w, https:\/\/wp.craftine.cargo-webproject.com\/wp-content\/uploads\/2019\/04\/stylo_colle_aqua-150x150.jpg 150w\" sizes=\"auto, (max-width: 250px) 100vw, 250px\" \/><\/a><figcaption>Stylo colle \u00e0 batir aqua de Prym<\/figcaption><\/figure><\/div>\n\n\n\n<p>Dentelle, galon, petites pi\u00e8ces, tout ce qui n\u00e9cessite d&rsquo;\u00eatre coll\u00e9 avec minutie saura appr\u00e9cier ce stylo colle textile. Gr\u00e2ce \u00e0 son design en forme de stylo, appliquer cette colle devient simple et vraiment pr\u00e9cis. Ainsi, les petites pi\u00e8ces peuvent \u00eatre immobilis\u00e9es avec pr\u00e9cision sans avoir recours \u00e0 des \u00e9pingles. Par exemple, vos galons de dentelle ne glisseront plus sous le pied presseur et seront mont\u00e9s sans plis. <\/p>\n\n\n\n<p>Cette colle ne r\u00e9siste pas au lavage, il est donc n\u00e9cessaire de coudre avant tout lavage. <\/p>\n\n\n\n<div class=\"wp-block-image\"><figure class=\"alignleft is-resized\"><a href=\"https:\/\/www.craftine.com\/recharge-stylo-colle-aqua-prym.html\"><img loading=\"lazy\" decoding=\"async\" src=\"https:\/\/www.craftine.com\/blog\/wp-content\/uploads\/2019\/04\/recharge-colle-aqua.jpg\" alt=\"Recharge stylo colle aqua\" class=\"wp-image-3592\" width=\"129\" height=\"129\" srcset=\"https:\/\/wp.craftine.cargo-webproject.com\/wp-content\/uploads\/2019\/04\/recharge-colle-aqua.jpg 250w, https:\/\/wp.craftine.cargo-webproject.com\/wp-content\/uploads\/2019\/04\/recharge-colle-aqua-150x150.jpg 150w\" sizes=\"auto, (max-width: 129px) 100vw, 129px\" \/><\/a><figcaption>Recharge colle aqua<\/figcaption><\/figure><\/div>\n\n\n\n<p>Pratique, la couleur jaune fluo de cette colle dispara\u00eet apr\u00e8s s\u00e9chage. Ing\u00e9nieuse, cette colle est rechargeable pour garantir une meilleure exp\u00e9rience. <\/p>\n\n\n\n<h2 class=\"wp-block-heading\"><\/h2>\n\n\n\n<p>Nous sommes heureux de vous avoir pr\u00e9sent\u00e9 les diff\u00e9rentes colles que nous proposons et leurs possibles utilisations. <\/p>\n","protected":false},"excerpt":{"rendered":"<p>Dans l&rsquo;univers de la couture, les colles pour tissu sont nombreuses. Entre diff\u00e9rentes propri\u00e9t\u00e9s et les multiples utilisations possibles, Craftine votre mercerie en ligne, fait le zoom. Ainsi, choisir votre colle pour textile ne sera plus un obstacle. La colle deviendra un incontournable de votre mat\u00e9riel de couture. Deux grandes familles : Collage permanent ou [&hellip;]<\/p>\n","protected":false},"author":1,"featured_media":4123,"comment_status":"open","ping_status":"open","sticky":false,"template":"","format":"standard","meta":{"footnotes":""},"categories":[16],"tags":[],"class_list":{"0":"post-3548","1":"post","2":"type-post","3":"status-publish","4":"format-standard","5":"has-post-thumbnail","7":"category-astuces-couture"},"_links":{"self":[{"href":"https:\/\/wp.craftine.cargo-webproject.com\/wp-json\/wp\/v2\/posts\/3548","targetHints":{"allow":["GET"]}}],"collection":[{"href":"https:\/\/wp.craftine.cargo-webproject.com\/wp-json\/wp\/v2\/posts"}],"about":[{"href":"https:\/\/wp.craftine.cargo-webproject.com\/wp-json\/wp\/v2\/types\/post"}],"author":[{"embeddable":true,"href":"https:\/\/wp.craftine.cargo-webproject.com\/wp-json\/wp\/v2\/users\/1"}],"replies":[{"embeddable":true,"href":"https:\/\/wp.craftine.cargo-webproject.com\/wp-json\/wp\/v2\/comments?post=3548"}],"version-history":[{"count":43,"href":"https:\/\/wp.craftine.cargo-webproject.com\/wp-json\/wp\/v2\/posts\/3548\/revisions"}],"predecessor-version":[{"id":4141,"href":"https:\/\/wp.craftine.cargo-webproject.com\/wp-json\/wp\/v2\/posts\/3548\/revisions\/4141"}],"wp:featuredmedia":[{"embeddable":true,"href":"https:\/\/wp.craftine.cargo-webproject.com\/wp-json\/wp\/v2\/media\/4123"}],"wp:attachment":[{"href":"https:\/\/wp.craftine.cargo-webproject.com\/wp-json\/wp\/v2\/media?parent=3548"}],"wp:term":[{"taxonomy":"category","embeddable":true,"href":"https:\/\/wp.craftine.cargo-webproject.com\/wp-json\/wp\/v2\/categories?post=3548"},{"taxonomy":"post_tag","embeddable":true,"href":"https:\/\/wp.craftine.cargo-webproject.com\/wp-json\/wp\/v2\/tags?post=3548"}],"curies":[{"name":"wp","href":"https:\/\/api.w.org\/{rel}","templated":true}]}}