{"id":393,"date":"2015-06-23T08:03:46","date_gmt":"2015-06-23T07:03:46","guid":{"rendered":"http:\/\/blog.craftine.com\/?p=393"},"modified":"2019-02-18T17:47:52","modified_gmt":"2019-02-18T16:47:52","slug":"lancement-la-premiere-craftine-box-couture","status":"publish","type":"post","link":"https:\/\/wp.craftine.cargo-webproject.com\/lancement-la-premiere-craftine-box-couture\/","title":{"rendered":"Lancement : La premi\u00e8re Craftine Box couture"},"content":{"rendered":"<p>\u00c7a y est, elle est enfin arriv\u00e9e, la premi\u00e8re box couture de Craftine : la box du mois de juin.<\/p>\n<p>Nous sommes heureux de vous la pr\u00e9senter !<\/p>\n<blockquote><p>Le concept : un concentr\u00e9 de plaisir, de surprises pour faire parler votre cr\u00e9ativit\u00e9 !<\/p><\/blockquote>\n<p>La Craftine box couture est une jolie bo\u00eete que vous recevez tous les deux mois remplie de tissus et mercerie minutieusement s\u00e9lectionn\u00e9s par l&rsquo;\u00e9quipe de Craftine pour vous enchanter, vous \u00e9merveiller et faire parler votre cr\u00e9ativit\u00e9. Elle s&rsquo;adresse aussi bien aux d\u00e9butantes qu&rsquo;aux expertes car chacun cr\u00e9e en fonction de son niveau, de ses envies et de ses besoins.<!--more--><\/p>\n<p>Dans une jolie boite couture que vous pourrez r\u00e9utiliser (pour y ranger vos\u00a0rubans, boutons, coupons&#8230;), nous avons gliss\u00e9 ce mois-ci un coupon de lin biologique, un coupon de coton Windmarks Arid\u00a0de Art Gallery, de la dentelle, du fil g\u00fctermann, des boutons c\u0153urs et des petites attentions.<\/p>\n<p><img loading=\"lazy\" decoding=\"async\" class=\"alignnone size-large wp-image-749\" src=\"https:\/\/www.craftine.com\/wp\/wp-content\/uploads\/2015\/06\/visuel_contenu_box_juin-1-1024x768.jpg\" alt=\"Contenu box Juin\" width=\"1024\" height=\"768\" srcset=\"https:\/\/wp.craftine.cargo-webproject.com\/wp-content\/uploads\/2015\/06\/visuel_contenu_box_juin-1-1024x768.jpg 1024w, https:\/\/wp.craftine.cargo-webproject.com\/wp-content\/uploads\/2015\/06\/visuel_contenu_box_juin-1-300x225.jpg 300w, https:\/\/wp.craftine.cargo-webproject.com\/wp-content\/uploads\/2015\/06\/visuel_contenu_box_juin-1-768x576.jpg 768w, https:\/\/wp.craftine.cargo-webproject.com\/wp-content\/uploads\/2015\/06\/visuel_contenu_box_juin-1-80x60.jpg 80w, https:\/\/wp.craftine.cargo-webproject.com\/wp-content\/uploads\/2015\/06\/visuel_contenu_box_juin-1-265x198.jpg 265w, https:\/\/wp.craftine.cargo-webproject.com\/wp-content\/uploads\/2015\/06\/visuel_contenu_box_juin-1-696x522.jpg 696w, https:\/\/wp.craftine.cargo-webproject.com\/wp-content\/uploads\/2015\/06\/visuel_contenu_box_juin-1-1068x801.jpg 1068w, https:\/\/wp.craftine.cargo-webproject.com\/wp-content\/uploads\/2015\/06\/visuel_contenu_box_juin-1-560x420.jpg 560w, https:\/\/wp.craftine.cargo-webproject.com\/wp-content\/uploads\/2015\/06\/visuel_contenu_box_juin-1.jpg 1236w\" sizes=\"auto, (max-width: 1024px) 100vw, 1024px\" \/><\/p>\n<p>Avec la Craftine box couture, nous vous proposons une id\u00e9e de r\u00e9alisation avec le contenu. Vous pouvez vous en inspirer ou bien concevoir une toute autre cr\u00e9ation.<\/p>\n<p>Chez Craftine, nous avons r\u00e9alis\u00e9 avec le contenu de cette box la jolie robe Agathe du livre \u00ab\u00a0Un \u00e9t\u00e9 couture\u00a0\u00bb de G\u00e9raldine Debeauvais (La R\u00e9publique du Chiffon)\u00a0disponible dans la boutique. Avec les chutes restantes, nous avons confectionn\u00e9 une pochette assortie fa\u00e7on damier et une broche fleur.<\/p>\n<p><img loading=\"lazy\" decoding=\"async\" class=\"alignnone wp-image-411 size-full\" src=\"https:\/\/www.craftine.com\/wp\/wp-content\/uploads\/2015\/06\/carte_recto_v3-1.jpg\" alt=\"carte_recto_v3\" width=\"1772\" height=\"1181\" srcset=\"https:\/\/wp.craftine.cargo-webproject.com\/wp-content\/uploads\/2015\/06\/carte_recto_v3-1.jpg 1772w, https:\/\/wp.craftine.cargo-webproject.com\/wp-content\/uploads\/2015\/06\/carte_recto_v3-1-300x200.jpg 300w, https:\/\/wp.craftine.cargo-webproject.com\/wp-content\/uploads\/2015\/06\/carte_recto_v3-1-768x512.jpg 768w, https:\/\/wp.craftine.cargo-webproject.com\/wp-content\/uploads\/2015\/06\/carte_recto_v3-1-1024x682.jpg 1024w, https:\/\/wp.craftine.cargo-webproject.com\/wp-content\/uploads\/2015\/06\/carte_recto_v3-1-696x464.jpg 696w, https:\/\/wp.craftine.cargo-webproject.com\/wp-content\/uploads\/2015\/06\/carte_recto_v3-1-1068x712.jpg 1068w, https:\/\/wp.craftine.cargo-webproject.com\/wp-content\/uploads\/2015\/06\/carte_recto_v3-1-630x420.jpg 630w\" sizes=\"auto, (max-width: 1772px) 100vw, 1772px\" \/><\/p>\n<p>La pochette fa\u00e7on damier a \u00e9t\u00e9 r\u00e9alis\u00e9e avec 6 coupons de lin de 41.5\u00d73.5 cm et 12 coupons de lin de 21\u00d73.5 cm d\u00e9coup\u00e9s dans les chutes. Ces coupons ont \u00e9t\u00e9 entrelac\u00e9s et\u00a0cousus avec du fil jaune\u00a0pour former un rectangle damier (41.5\u00d721 cm). A l&rsquo;aide de ce rectangle, nous avons pu r\u00e9aliser la pochette en la doublant avec le coton Windmarks Arid et en ajoutant une anse (coupon\u00a0de lin de 110\u00d74.5 cm). Nous l&rsquo;avons d\u00e9cor\u00e9e avec un ornement fronc\u00e9 sur le rabat (qui rappelle la robe) et ajout\u00e9 la broche fleur.<\/p>\n<p>La broche fleur a \u00e9t\u00e9 confectionn\u00e9 \u00e0 partir d&rsquo;un coupon de\u00a0coton Windmarks Arid de 8.5\u00d76 cms que nous avons pli\u00e9 en accord\u00e9on et cousu au centre et sur les cot\u00e9s pour obtenir une fleur ronde. Nous avons ensuite cousu dessous un rond de lin pour cacher les coutures et ajout\u00e9 tout autour de la dentelle grise pour une finition chic.<\/p>\n<p><img loading=\"lazy\" decoding=\"async\" class=\"alignnone wp-image-416 size-full\" src=\"https:\/\/www.craftine.com\/wp\/wp-content\/uploads\/2015\/06\/visuel_pochette-1.png\" alt=\"visuel_pochette\" width=\"1477\" height=\"1038\" srcset=\"https:\/\/wp.craftine.cargo-webproject.com\/wp-content\/uploads\/2015\/06\/visuel_pochette-1.png 1477w, https:\/\/wp.craftine.cargo-webproject.com\/wp-content\/uploads\/2015\/06\/visuel_pochette-1-300x211.png 300w, https:\/\/wp.craftine.cargo-webproject.com\/wp-content\/uploads\/2015\/06\/visuel_pochette-1-768x540.png 768w, https:\/\/wp.craftine.cargo-webproject.com\/wp-content\/uploads\/2015\/06\/visuel_pochette-1-1024x720.png 1024w, https:\/\/wp.craftine.cargo-webproject.com\/wp-content\/uploads\/2015\/06\/visuel_pochette-1-100x70.png 100w, https:\/\/wp.craftine.cargo-webproject.com\/wp-content\/uploads\/2015\/06\/visuel_pochette-1-200x140.png 200w, https:\/\/wp.craftine.cargo-webproject.com\/wp-content\/uploads\/2015\/06\/visuel_pochette-1-696x489.png 696w, https:\/\/wp.craftine.cargo-webproject.com\/wp-content\/uploads\/2015\/06\/visuel_pochette-1-1068x751.png 1068w, https:\/\/wp.craftine.cargo-webproject.com\/wp-content\/uploads\/2015\/06\/visuel_pochette-1-598x420.png 598w\" sizes=\"auto, (max-width: 1477px) 100vw, 1477px\" \/><\/p>\n<p>Quant \u00e0 la robe Agathe du livre \u00ab\u00a0Un \u00e9t\u00e9 couture\u00a0\u00bb de G\u00e9raldine Debeauvais (La R\u00e9publique du Chiffon), nous l&rsquo;avons l\u00e9g\u00e8rement modifi\u00e9e par rapport au patron initial en supprimant les poches de devant et en rajoutant l&rsquo;ornement fronc\u00e9 en bas de la robe.<\/p>\n<p><img loading=\"lazy\" decoding=\"async\" class=\"alignnone wp-image-417 size-full\" src=\"https:\/\/www.craftine.com\/wp\/wp-content\/uploads\/2015\/06\/visuel_robe-1.png\" alt=\"visuel_robe\" width=\"717\" height=\"1077\" srcset=\"https:\/\/wp.craftine.cargo-webproject.com\/wp-content\/uploads\/2015\/06\/visuel_robe-1.png 717w, https:\/\/wp.craftine.cargo-webproject.com\/wp-content\/uploads\/2015\/06\/visuel_robe-1-200x300.png 200w, https:\/\/wp.craftine.cargo-webproject.com\/wp-content\/uploads\/2015\/06\/visuel_robe-1-682x1024.png 682w, https:\/\/wp.craftine.cargo-webproject.com\/wp-content\/uploads\/2015\/06\/visuel_robe-1-696x1045.png 696w, https:\/\/wp.craftine.cargo-webproject.com\/wp-content\/uploads\/2015\/06\/visuel_robe-1-280x420.png 280w\" sizes=\"auto, (max-width: 717px) 100vw, 717px\" \/><\/p>\n<p>Voici un joli ensemble d\u2019\u00e9t\u00e9 \u00e0 la fois chic et d\u00e9contract\u00e9!<\/p>\n<p>Et vous qu&rsquo;allez-vous r\u00e9aliser ?<\/p>\n<p>N&rsquo;h\u00e9sitez pas \u00e0 partager vos cr\u00e9ations sur notre page Facebook.<\/p>\n<p>Si vous souhaitez vous inscrire pour recevoir la prochaine box, c&rsquo;est par <a href=\"http:\/\/www.craftine.com\/box\/abonnement.html\">ici<\/a>.<\/p>\n<p>Nous vous souhaitons de tr\u00e8s belles cr\u00e9ations et \u00e0 bient\u00f4t.<\/p>\n","protected":false},"excerpt":{"rendered":"<p>\u00c7a y est, elle est enfin arriv\u00e9e, la premi\u00e8re box couture de Craftine : la box du mois de juin. Nous sommes heureux de vous la pr\u00e9senter ! Le concept : un concentr\u00e9 de plaisir, de surprises pour faire parler votre cr\u00e9ativit\u00e9 ! La Craftine box couture est une jolie bo\u00eete que vous recevez tous [&hellip;]<\/p>\n","protected":false},"author":1,"featured_media":409,"comment_status":"open","ping_status":"open","sticky":false,"template":"","format":"standard","meta":{"footnotes":""},"categories":[17],"tags":[],"class_list":{"0":"post-393","1":"post","2":"type-post","3":"status-publish","4":"format-standard","5":"has-post-thumbnail","7":"category-box"},"_links":{"self":[{"href":"https:\/\/wp.craftine.cargo-webproject.com\/wp-json\/wp\/v2\/posts\/393","targetHints":{"allow":["GET"]}}],"collection":[{"href":"https:\/\/wp.craftine.cargo-webproject.com\/wp-json\/wp\/v2\/posts"}],"about":[{"href":"https:\/\/wp.craftine.cargo-webproject.com\/wp-json\/wp\/v2\/types\/post"}],"author":[{"embeddable":true,"href":"https:\/\/wp.craftine.cargo-webproject.com\/wp-json\/wp\/v2\/users\/1"}],"replies":[{"embeddable":true,"href":"https:\/\/wp.craftine.cargo-webproject.com\/wp-json\/wp\/v2\/comments?post=393"}],"version-history":[{"count":1,"href":"https:\/\/wp.craftine.cargo-webproject.com\/wp-json\/wp\/v2\/posts\/393\/revisions"}],"predecessor-version":[{"id":2868,"href":"https:\/\/wp.craftine.cargo-webproject.com\/wp-json\/wp\/v2\/posts\/393\/revisions\/2868"}],"wp:featuredmedia":[{"embeddable":true,"href":"https:\/\/wp.craftine.cargo-webproject.com\/wp-json\/wp\/v2\/media\/409"}],"wp:attachment":[{"href":"https:\/\/wp.craftine.cargo-webproject.com\/wp-json\/wp\/v2\/media?parent=393"}],"wp:term":[{"taxonomy":"category","embeddable":true,"href":"https:\/\/wp.craftine.cargo-webproject.com\/wp-json\/wp\/v2\/categories?post=393"},{"taxonomy":"post_tag","embeddable":true,"href":"https:\/\/wp.craftine.cargo-webproject.com\/wp-json\/wp\/v2\/tags?post=393"}],"curies":[{"name":"wp","href":"https:\/\/api.w.org\/{rel}","templated":true}]}}