{"id":4230,"date":"2019-06-24T17:09:18","date_gmt":"2019-06-24T15:09:18","guid":{"rendered":"https:\/\/www.craftine.com\/blog\/?p=4230"},"modified":"2019-06-26T16:46:19","modified_gmt":"2019-06-26T14:46:19","slug":"la-craftine-box-ete-2019-est-arrivee","status":"publish","type":"post","link":"https:\/\/wp.craftine.cargo-webproject.com\/la-craftine-box-ete-2019-est-arrivee\/","title":{"rendered":"Craftine Box : La box d&rsquo;\u00e9t\u00e9 est arriv\u00e9e !"},"content":{"rendered":"\n<p>Voici la nouvelle Craftine box, celle d&rsquo;\u00e9t\u00e9 ! C&rsquo;est une box fruit\u00e9e, ensoleill\u00e9e, qui donne la p\u00eache et l&rsquo;envie de s&rsquo;\u00e9vader, parfaite pour la saison estivale. Des mati\u00e8res naturelles, agr\u00e9ables \u00e0 porter lorsqu&rsquo;il fait chaud, deux patrons tendances indispensables pour cet \u00e9t\u00e9. Et en bonus le tuto du sac Fruity, l&rsquo;accessoire \u00e0 avoir absolument cet \u00e9t\u00e9, chic et pratique.<br>Tutti frutti urbain ou Do you do you Saint Tropez, cr\u00e9ez votre garde robe sur mesure pour \u00eatre au top cet \u00e9t\u00e9 !<\/p>\n\n\n\n<h2 class=\"wp-block-heading\"> Voici le contenu de votre box couture surprise : <\/h2>\n\n\n\n<figure class=\"wp-block-image\"><img loading=\"lazy\" decoding=\"async\" width=\"1024\" height=\"727\" src=\"https:\/\/www.craftine.com\/blog\/wp-content\/uploads\/2019\/06\/FLYER_VERSO_juin_2019-1024x727.jpg\" alt=\"\" class=\"wp-image-4231\" srcset=\"https:\/\/wp.craftine.cargo-webproject.com\/wp-content\/uploads\/2019\/06\/FLYER_VERSO_juin_2019-1024x727.jpg 1024w, https:\/\/wp.craftine.cargo-webproject.com\/wp-content\/uploads\/2019\/06\/FLYER_VERSO_juin_2019-300x213.jpg 300w, https:\/\/wp.craftine.cargo-webproject.com\/wp-content\/uploads\/2019\/06\/FLYER_VERSO_juin_2019-768x545.jpg 768w, https:\/\/wp.craftine.cargo-webproject.com\/wp-content\/uploads\/2019\/06\/FLYER_VERSO_juin_2019-100x70.jpg 100w, https:\/\/wp.craftine.cargo-webproject.com\/wp-content\/uploads\/2019\/06\/FLYER_VERSO_juin_2019-696x494.jpg 696w, https:\/\/wp.craftine.cargo-webproject.com\/wp-content\/uploads\/2019\/06\/FLYER_VERSO_juin_2019-1068x759.jpg 1068w, https:\/\/wp.craftine.cargo-webproject.com\/wp-content\/uploads\/2019\/06\/FLYER_VERSO_juin_2019-591x420.jpg 591w, https:\/\/wp.craftine.cargo-webproject.com\/wp-content\/uploads\/2019\/06\/FLYER_VERSO_juin_2019.jpg 1408w\" sizes=\"auto, (max-width: 1024px) 100vw, 1024px\" \/><\/figure>\n\n\n\n<p>L&rsquo;imprim\u00e9 fruit\u00e9 s&rsquo;invite sur nos tenues estivales, facile \u00e0 porter, c&rsquo;est la grosse mode de l&rsquo;\u00e9t\u00e9 ! Citrons, p\u00eaches, abricots, poires, avec leurs jolies couleurs, on a envie de les croquer. Rafra\u00eechissants et pleins de pep&rsquo;s, effet bonne mine garanti, cet \u00e9t\u00e9 on abuse des fruits, et en plus c&rsquo;est bon pour la sant\u00e9 \ud83d\ude42<br><\/p>\n\n\n\n<h2 class=\"wp-block-heading\">Nos propositions avec ce contenu <\/h2>\n\n\n\n<p>Avec ce contenu fruit\u00e9, nous vous proposons deux nouveaux patrons couture mode femme : Le <strong>combi-short Kiwi<\/strong> et le <strong>top Pitaya<\/strong>. On d\u00e9nude les \u00e9paules, on met les jambes \u00e0 l&rsquo;air, on les enduit d&rsquo;huile s\u00e8che, on met son chapeau de paille, ses lunettes de soleil et on se prend pour une star de cin\u00e9ma. Cet \u00e9t\u00e9, tout est permis et on en profite !<br>En plus ce mois-ci, nous vous avons pr\u00e9par\u00e9 un Tuto exclusif pour vous cr\u00e9er l&rsquo;accessoire qui vous accompagnera tout l&rsquo;\u00e9t\u00e9 : Le sac Fruity.<\/p>\n\n\n\n<figure class=\"wp-block-image\"><img loading=\"lazy\" decoding=\"async\" width=\"1024\" height=\"726\" src=\"https:\/\/www.craftine.com\/blog\/wp-content\/uploads\/2019\/06\/FLYER_RECTO_JUIN-19_V2-1024x726.jpg\" alt=\"\" class=\"wp-image-4232\" srcset=\"https:\/\/wp.craftine.cargo-webproject.com\/wp-content\/uploads\/2019\/06\/FLYER_RECTO_JUIN-19_V2-1024x726.jpg 1024w, https:\/\/wp.craftine.cargo-webproject.com\/wp-content\/uploads\/2019\/06\/FLYER_RECTO_JUIN-19_V2-300x213.jpg 300w, https:\/\/wp.craftine.cargo-webproject.com\/wp-content\/uploads\/2019\/06\/FLYER_RECTO_JUIN-19_V2-768x545.jpg 768w, https:\/\/wp.craftine.cargo-webproject.com\/wp-content\/uploads\/2019\/06\/FLYER_RECTO_JUIN-19_V2-100x70.jpg 100w, https:\/\/wp.craftine.cargo-webproject.com\/wp-content\/uploads\/2019\/06\/FLYER_RECTO_JUIN-19_V2-696x494.jpg 696w, https:\/\/wp.craftine.cargo-webproject.com\/wp-content\/uploads\/2019\/06\/FLYER_RECTO_JUIN-19_V2-1068x757.jpg 1068w, https:\/\/wp.craftine.cargo-webproject.com\/wp-content\/uploads\/2019\/06\/FLYER_RECTO_JUIN-19_V2-592x420.jpg 592w, https:\/\/wp.craftine.cargo-webproject.com\/wp-content\/uploads\/2019\/06\/FLYER_RECTO_JUIN-19_V2.jpg 1410w\" sizes=\"auto, (max-width: 1024px) 100vw, 1024px\" \/><\/figure>\n\n\n\n<h3 class=\"wp-block-heading\">Suggestion #1 : Do you do you Saint Tropez<\/h3>\n\n\n\n<p>Le <strong>combi-short Kiwi<\/strong> est une pi\u00e8ce tr\u00e8s tendance cette saison. On craque litt\u00e9ralement pour ce mod\u00e8le frais et f\u00e9minin. Encolure crois\u00e9e pour un joli d\u00e9collet\u00e9 et taille \u00e9lastiqu\u00e9e pour une taille marqu\u00e9e, ce combi-short a tout pour mettre en valeur la silhouette.<\/p>\n\n\n\n<figure class=\"wp-block-image\"><img loading=\"lazy\" decoding=\"async\" width=\"1024\" height=\"819\" src=\"https:\/\/www.craftine.com\/blog\/wp-content\/uploads\/2019\/06\/visuels_v\u00eatements-01-1024x819.jpg\" alt=\"\" class=\"wp-image-4234\" srcset=\"https:\/\/wp.craftine.cargo-webproject.com\/wp-content\/uploads\/2019\/06\/visuels_v\u00eatements-01-1024x819.jpg 1024w, https:\/\/wp.craftine.cargo-webproject.com\/wp-content\/uploads\/2019\/06\/visuels_v\u00eatements-01-300x240.jpg 300w, https:\/\/wp.craftine.cargo-webproject.com\/wp-content\/uploads\/2019\/06\/visuels_v\u00eatements-01-768x615.jpg 768w, https:\/\/wp.craftine.cargo-webproject.com\/wp-content\/uploads\/2019\/06\/visuels_v\u00eatements-01-696x557.jpg 696w, https:\/\/wp.craftine.cargo-webproject.com\/wp-content\/uploads\/2019\/06\/visuels_v\u00eatements-01-1068x855.jpg 1068w, https:\/\/wp.craftine.cargo-webproject.com\/wp-content\/uploads\/2019\/06\/visuels_v\u00eatements-01-525x420.jpg 525w, https:\/\/wp.craftine.cargo-webproject.com\/wp-content\/uploads\/2019\/06\/visuels_v\u00eatements-01-1920x1537.jpg 1920w\" sizes=\"auto, (max-width: 1024px) 100vw, 1024px\" \/><figcaption>Combi-short Kiwi &#8211; Craftine Patrons<\/figcaption><\/figure>\n\n\n\n<p class=\"has-drop-cap\"><strong>Conseil style<\/strong> : A porter avec des spartiates ou des m\u00e9duses \u00e0 talon transparentes, un chapeau de paille \u00e0 message, des lunettes de soleil (obligatoires !!), et le sac Fruity, voici une tenue chic, f\u00e9minine et agr\u00e9able \u00e0 porter.<\/p>\n\n\n\n<h3 class=\"wp-block-heading\">Suggestion #2 : Tutti Frutti urbain<\/h3>\n\n\n\n<p>Le <strong>top Pitaya<\/strong> est un des must-have de cette saison estivale. Ce top d\u00e9collet\u00e9 Bardot, avec d\u00e9tail manches nou\u00e9es, d\u00e9nude les \u00e9paules et apporte \u00e0 la silhouette une f\u00e9minit\u00e9 certaine qui capte l&rsquo;attention. Vous ne passerez pas inaper\u00e7ue ! <br>A la fois romantique, f\u00e9minin et boh\u00e8me, on l&rsquo;adore l&rsquo;allure sixties qu&rsquo;il nous donne.<\/p>\n\n\n\n<figure class=\"wp-block-image\"><img loading=\"lazy\" decoding=\"async\" width=\"1024\" height=\"819\" src=\"https:\/\/www.craftine.com\/blog\/wp-content\/uploads\/2019\/06\/visuels_v\u00eatements-02-1024x819.jpg\" alt=\"\" class=\"wp-image-4235\" srcset=\"https:\/\/wp.craftine.cargo-webproject.com\/wp-content\/uploads\/2019\/06\/visuels_v\u00eatements-02-1024x819.jpg 1024w, https:\/\/wp.craftine.cargo-webproject.com\/wp-content\/uploads\/2019\/06\/visuels_v\u00eatements-02-300x240.jpg 300w, https:\/\/wp.craftine.cargo-webproject.com\/wp-content\/uploads\/2019\/06\/visuels_v\u00eatements-02-768x615.jpg 768w, https:\/\/wp.craftine.cargo-webproject.com\/wp-content\/uploads\/2019\/06\/visuels_v\u00eatements-02-696x557.jpg 696w, https:\/\/wp.craftine.cargo-webproject.com\/wp-content\/uploads\/2019\/06\/visuels_v\u00eatements-02-1068x855.jpg 1068w, https:\/\/wp.craftine.cargo-webproject.com\/wp-content\/uploads\/2019\/06\/visuels_v\u00eatements-02-525x420.jpg 525w, https:\/\/wp.craftine.cargo-webproject.com\/wp-content\/uploads\/2019\/06\/visuels_v\u00eatements-02-1920x1537.jpg 1920w\" sizes=\"auto, (max-width: 1024px) 100vw, 1024px\" \/><figcaption>Top Pitaya &#8211; Craftine Patrons<\/figcaption><\/figure>\n\n\n\n<p class=\"has-drop-cap\"><strong>Conseil style<\/strong> : A porter sur un short ou un pantalon en jean, de jolies sandales \u00e0 talon, un sac besace rond, un chignon \u00e0 la Bardot et des boucles cr\u00e9oles dor\u00e9es, vous \u00eates par\u00e9e pour rayonner ! Go \u00e0 la plage ou \u00e0 la terrasse d&rsquo;un caf\u00e9.<\/p>\n\n\n\n<div class=\"wp-block-button aligncenter\"><a class=\"wp-block-button__link has-light-green-cyan-background-color has-background wp-element-button\" href=\"https:\/\/www.craftine.com\/box\">Recevoir la Craftine Box<\/a><\/div>\n\n\n\n<h2 class=\"wp-block-heading\">En bonus : Tuto du sac Fruity<\/h2>\n\n\n\n<figure class=\"wp-block-image\"><img loading=\"lazy\" decoding=\"async\" width=\"1000\" height=\"750\" src=\"https:\/\/www.craftine.com\/blog\/wp-content\/uploads\/2019\/06\/AMB_Craftine-22002_taille_petit.jpg\" alt=\"\" class=\"wp-image-4236\" srcset=\"https:\/\/wp.craftine.cargo-webproject.com\/wp-content\/uploads\/2019\/06\/AMB_Craftine-22002_taille_petit.jpg 1000w, https:\/\/wp.craftine.cargo-webproject.com\/wp-content\/uploads\/2019\/06\/AMB_Craftine-22002_taille_petit-300x225.jpg 300w, https:\/\/wp.craftine.cargo-webproject.com\/wp-content\/uploads\/2019\/06\/AMB_Craftine-22002_taille_petit-768x576.jpg 768w, https:\/\/wp.craftine.cargo-webproject.com\/wp-content\/uploads\/2019\/06\/AMB_Craftine-22002_taille_petit-80x60.jpg 80w, https:\/\/wp.craftine.cargo-webproject.com\/wp-content\/uploads\/2019\/06\/AMB_Craftine-22002_taille_petit-265x198.jpg 265w, https:\/\/wp.craftine.cargo-webproject.com\/wp-content\/uploads\/2019\/06\/AMB_Craftine-22002_taille_petit-696x522.jpg 696w, https:\/\/wp.craftine.cargo-webproject.com\/wp-content\/uploads\/2019\/06\/AMB_Craftine-22002_taille_petit-560x420.jpg 560w\" sizes=\"auto, (max-width: 1000px) 100vw, 1000px\" \/><figcaption>Sac Fruity &#8211; Craftine Patrons<br><\/figcaption><\/figure>\n\n\n\n<div class=\"wp-block-media-text has-media-on-the-right\"><figure class=\"wp-block-media-text__media\"><img loading=\"lazy\" decoding=\"async\" width=\"1000\" height=\"807\" src=\"https:\/\/www.craftine.com\/blog\/wp-content\/uploads\/2019\/06\/20190618_094035.jpg\" alt=\"\" class=\"wp-image-4237\" srcset=\"https:\/\/wp.craftine.cargo-webproject.com\/wp-content\/uploads\/2019\/06\/20190618_094035.jpg 1000w, https:\/\/wp.craftine.cargo-webproject.com\/wp-content\/uploads\/2019\/06\/20190618_094035-300x242.jpg 300w, https:\/\/wp.craftine.cargo-webproject.com\/wp-content\/uploads\/2019\/06\/20190618_094035-768x620.jpg 768w, https:\/\/wp.craftine.cargo-webproject.com\/wp-content\/uploads\/2019\/06\/20190618_094035-696x562.jpg 696w, https:\/\/wp.craftine.cargo-webproject.com\/wp-content\/uploads\/2019\/06\/20190618_094035-520x420.jpg 520w\" sizes=\"auto, (max-width: 1000px) 100vw, 1000px\" \/><\/figure><div class=\"wp-block-media-text__content\">\n<p class=\"has-regular-font-size\">A porter en ville ou pour aller \u00e0 la plage, le sac Fruity va devenir votre nouvel ami qui vous accompagnera partout cet \u00e9t\u00e9 ! Facile et pratique, nous vous avons pr\u00e9par\u00e9 en bonus et en exclusivit\u00e9 une fiche Tuto pas \u00e0 pas pour le confectionner en un tour de main. Nous l&rsquo;avons gliss\u00e9e dans votre box.<br><\/p>\n<\/div><\/div>\n\n\n\n<h2 class=\"wp-block-heading\">Rappel : O\u00f9 trouver les patrons et les cahiers des instructions ? <\/h2>\n\n\n\n<p>Nous vous rappelons que nos <strong>patrons<\/strong>&nbsp;sont disponibles de la taille&nbsp;<strong>34 \u00e0 48<\/strong>&nbsp;en<strong>&nbsp;version PDF<\/strong>&nbsp;et&nbsp;<strong>version papier<\/strong>&nbsp;inclus dans votre box si vous avez opt\u00e9 pour cette option.&nbsp;<br>Les&nbsp;<strong>instructions de montage<\/strong>&nbsp;ainsi que les patrons PDF sont disponibles via le lien de t\u00e9l\u00e9chargement qui se trouve sur le flyer gliss\u00e9 dans votre box. Saisissez ce lien directement dans la barre d\u2019adresse de votre navigateur. Pour y acc\u00e9der plus facilement, vous pouvez \u00e9galement cliquer directement&nbsp;<a rel=\"noreferrer noopener\" href=\"https:\/\/www.craftine.com\/mon-patron\" target=\"_blank\">ici<\/a>. Il vous suffit ensuite de renseigner votre code confidentiel inscrit sur votre flyer. Vous pourrez alors r\u00e9cup\u00e9rer les fichiers.  <\/p>\n\n\n\n<figure class=\"wp-block-image\"><img loading=\"lazy\" decoding=\"async\" width=\"1024\" height=\"826\" src=\"https:\/\/www.craftine.com\/blog\/wp-content\/uploads\/2019\/03\/Patrons_instructions-01-1024x826.jpg\" alt=\"\" class=\"wp-image-4059\" srcset=\"https:\/\/wp.craftine.cargo-webproject.com\/wp-content\/uploads\/2019\/03\/Patrons_instructions-01-1024x826.jpg 1024w, https:\/\/wp.craftine.cargo-webproject.com\/wp-content\/uploads\/2019\/03\/Patrons_instructions-01-300x242.jpg 300w, https:\/\/wp.craftine.cargo-webproject.com\/wp-content\/uploads\/2019\/03\/Patrons_instructions-01-768x620.jpg 768w, https:\/\/wp.craftine.cargo-webproject.com\/wp-content\/uploads\/2019\/03\/Patrons_instructions-01-696x562.jpg 696w, https:\/\/wp.craftine.cargo-webproject.com\/wp-content\/uploads\/2019\/03\/Patrons_instructions-01-1068x862.jpg 1068w, https:\/\/wp.craftine.cargo-webproject.com\/wp-content\/uploads\/2019\/03\/Patrons_instructions-01-520x420.jpg 520w, https:\/\/wp.craftine.cargo-webproject.com\/wp-content\/uploads\/2019\/03\/Patrons_instructions-01-1920x1550.jpg 1920w\" sizes=\"auto, (max-width: 1024px) 100vw, 1024px\" \/><\/figure>\n\n\n\n<h2 class=\"wp-block-heading\">Et maintenant ?<\/h2>\n\n\n\n<p>Votre nouvelle box en main, c&rsquo;est \u00e0 vous de jouer, imaginer, cr\u00e9er et vous amuser. Choisissez votre cr\u00e9ation pr\u00e9f\u00e9r\u00e9e #combishortkiwi #toppitaya ou bien ne choisissez pas et r\u00e9alisez la seconde cr\u00e9a dans un autre tissu ! Ou alors utilisez le tissu avec un autre patron : jupe Airelle, short P\u00e9pino, pantalon Citron, robe Grenadine, chemisier Myrobolan&#8230; Vous trouverez l&rsquo;ensemble de <a href=\"https:\/\/www.craftine.com\/patrons\/patrons-craftine.html\">nos patrons sur le shop<\/a>. <\/p>\n\n\n\n<h2 class=\"wp-block-heading\">Vous souhaitez vous aussi vivre l&rsquo;aventure Craftine box et rejoindre notre communaut\u00e9 d&rsquo;abonn\u00e9es ?<\/h2>\n\n\n\n<p>Pour recevoir la <strong>Craftine Box<\/strong>, inscrivez-vous :&nbsp;<strong><a href=\"https:\/\/box.craftine.com\/s-abonner\/\">ici<\/a><\/strong>.<br>Pour d\u00e9couvrir nos tissus, rubans, mercerie, patrons couture, visitez notre&nbsp;<strong><a href=\"https:\/\/www.craftine.com\/\">mercerie en ligne<\/a><\/strong>.<\/p>\n\n\n\n<figure class=\"wp-block-image\"><img loading=\"lazy\" decoding=\"async\" width=\"1000\" height=\"679\" src=\"https:\/\/www.craftine.com\/blog\/wp-content\/uploads\/2019\/06\/201906_flyer_creas_abonn\u00e9es_RECTO.jpg\" alt=\"\" class=\"wp-image-4249\" srcset=\"https:\/\/wp.craftine.cargo-webproject.com\/wp-content\/uploads\/2019\/06\/201906_flyer_creas_abonn\u00e9es_RECTO.jpg 1000w, https:\/\/wp.craftine.cargo-webproject.com\/wp-content\/uploads\/2019\/06\/201906_flyer_creas_abonn\u00e9es_RECTO-300x204.jpg 300w, https:\/\/wp.craftine.cargo-webproject.com\/wp-content\/uploads\/2019\/06\/201906_flyer_creas_abonn\u00e9es_RECTO-768x521.jpg 768w, https:\/\/wp.craftine.cargo-webproject.com\/wp-content\/uploads\/2019\/06\/201906_flyer_creas_abonn\u00e9es_RECTO-696x473.jpg 696w, https:\/\/wp.craftine.cargo-webproject.com\/wp-content\/uploads\/2019\/06\/201906_flyer_creas_abonn\u00e9es_RECTO-619x420.jpg 619w\" sizes=\"auto, (max-width: 1000px) 100vw, 1000px\" \/><figcaption>Cr\u00e9ations avec la box d&rsquo;avril &#8211; Craftine Box de printemps<br><\/figcaption><\/figure>\n\n\n\n<div class=\"wp-block-button aligncenter\"><a class=\"wp-block-button__link has-light-green-cyan-background-color has-background wp-element-button\" href=\"https:\/\/www.craftine.com\/box\">Recevoir la Craftine Box<\/a><\/div>\n\n\n\n<h3 class=\"wp-block-heading\" id=\"mce_3\">Belle couture \u00e0 toutes !<\/h3>\n","protected":false},"excerpt":{"rendered":"<p>Voici la nouvelle Craftine box, celle d&rsquo;\u00e9t\u00e9 ! C&rsquo;est une box fruit\u00e9e, ensoleill\u00e9e, qui donne la p\u00eache et l&rsquo;envie de s&rsquo;\u00e9vader, parfaite pour la saison estivale. Des mati\u00e8res naturelles, agr\u00e9ables \u00e0 porter lorsqu&rsquo;il fait chaud, deux patrons tendances indispensables pour cet \u00e9t\u00e9. Et en bonus le tuto du sac Fruity, l&rsquo;accessoire \u00e0 avoir absolument cet [&hellip;]<\/p>\n","protected":false},"author":5,"featured_media":4254,"comment_status":"open","ping_status":"open","sticky":false,"template":"","format":"standard","meta":{"footnotes":""},"categories":[17],"tags":[],"class_list":{"0":"post-4230","1":"post","2":"type-post","3":"status-publish","4":"format-standard","5":"has-post-thumbnail","7":"category-box"},"_links":{"self":[{"href":"https:\/\/wp.craftine.cargo-webproject.com\/wp-json\/wp\/v2\/posts\/4230","targetHints":{"allow":["GET"]}}],"collection":[{"href":"https:\/\/wp.craftine.cargo-webproject.com\/wp-json\/wp\/v2\/posts"}],"about":[{"href":"https:\/\/wp.craftine.cargo-webproject.com\/wp-json\/wp\/v2\/types\/post"}],"author":[{"embeddable":true,"href":"https:\/\/wp.craftine.cargo-webproject.com\/wp-json\/wp\/v2\/users\/5"}],"replies":[{"embeddable":true,"href":"https:\/\/wp.craftine.cargo-webproject.com\/wp-json\/wp\/v2\/comments?post=4230"}],"version-history":[{"count":21,"href":"https:\/\/wp.craftine.cargo-webproject.com\/wp-json\/wp\/v2\/posts\/4230\/revisions"}],"predecessor-version":[{"id":4262,"href":"https:\/\/wp.craftine.cargo-webproject.com\/wp-json\/wp\/v2\/posts\/4230\/revisions\/4262"}],"wp:featuredmedia":[{"embeddable":true,"href":"https:\/\/wp.craftine.cargo-webproject.com\/wp-json\/wp\/v2\/media\/4254"}],"wp:attachment":[{"href":"https:\/\/wp.craftine.cargo-webproject.com\/wp-json\/wp\/v2\/media?parent=4230"}],"wp:term":[{"taxonomy":"category","embeddable":true,"href":"https:\/\/wp.craftine.cargo-webproject.com\/wp-json\/wp\/v2\/categories?post=4230"},{"taxonomy":"post_tag","embeddable":true,"href":"https:\/\/wp.craftine.cargo-webproject.com\/wp-json\/wp\/v2\/tags?post=4230"}],"curies":[{"name":"wp","href":"https:\/\/api.w.org\/{rel}","templated":true}]}}