{"id":4681,"date":"2020-10-22T21:17:38","date_gmt":"2020-10-22T19:17:38","guid":{"rendered":"https:\/\/www.craftine.com\/blog\/?p=4681"},"modified":"2025-01-29T13:52:27","modified_gmt":"2025-01-29T12:52:27","slug":"la-craftine-box-d-automne-2020-est-arrivee","status":"publish","type":"post","link":"https:\/\/wp.craftine.cargo-webproject.com\/la-craftine-box-d-automne-2020-est-arrivee\/","title":{"rendered":"Craftine Box : la box d&rsquo;automne est arriv\u00e9e !"},"content":{"rendered":"\n<p>L&rsquo;automne est l\u00e0 et la nouvelle Craftine box aussi, de quoi vous concocter une tenue au top pour la saison. C&rsquo;est une box qui d\u00e9borde avec de magnifiques mati\u00e8res et un motif tendance intemporel ! Du graphisme, du relief, du chic, du street, du love, voici une nouvelle box qui va vous faire fondre de plaisir. <\/p>\n\n\n\n<p>Elle s&rsquo;accompagne de deux nouveaux patrons en avant premi\u00e8re et en exclusivit\u00e9, deux indispensables avec le d\u00e9tail qui change tout. El\u00e9gance, hypnotisme et f\u00e9minit\u00e9 au RDV ! Vous allez \u00e9galement pouvoir d\u00e9couvrir un nouveau tuto in\u00e9dit pour cr\u00e9er la pi\u00e8ce mode \u00e0 collectionner. <\/p>\n\n\n\n<p>Chic et branch\u00e9, il accessoirisera toutes vos tenues avec style.<\/p>\n\n\n\n<p><br>Tout est r\u00e9uni dans cette box pour que vous passiez un super moment de couture et avoir plaisir \u00e0 cr\u00e9er votre garde-robe !<\/p>\n\n\n\n<h2 class=\"wp-block-heading\">Voici le contenu de votre box couture surprise :<\/h2>\n\n\n\n<figure class=\"wp-block-image\"><img loading=\"lazy\" decoding=\"async\" width=\"992\" height=\"700\" src=\"https:\/\/www.craftine.com\/blog\/wp-content\/uploads\/2020\/10\/FLYER_VERSO_OCTOBRE_20.jpg\" alt=\"\" class=\"wp-image-4683\" srcset=\"https:\/\/wp.craftine.cargo-webproject.com\/wp-content\/uploads\/2020\/10\/FLYER_VERSO_OCTOBRE_20.jpg 992w, https:\/\/wp.craftine.cargo-webproject.com\/wp-content\/uploads\/2020\/10\/FLYER_VERSO_OCTOBRE_20-300x212.jpg 300w, https:\/\/wp.craftine.cargo-webproject.com\/wp-content\/uploads\/2020\/10\/FLYER_VERSO_OCTOBRE_20-768x542.jpg 768w, https:\/\/wp.craftine.cargo-webproject.com\/wp-content\/uploads\/2020\/10\/FLYER_VERSO_OCTOBRE_20-100x70.jpg 100w, https:\/\/wp.craftine.cargo-webproject.com\/wp-content\/uploads\/2020\/10\/FLYER_VERSO_OCTOBRE_20-200x140.jpg 200w, https:\/\/wp.craftine.cargo-webproject.com\/wp-content\/uploads\/2020\/10\/FLYER_VERSO_OCTOBRE_20-696x491.jpg 696w, https:\/\/wp.craftine.cargo-webproject.com\/wp-content\/uploads\/2020\/10\/FLYER_VERSO_OCTOBRE_20-595x420.jpg 595w\" sizes=\"auto, (max-width: 992px) 100vw, 992px\" \/><\/figure>\n\n\n\n<p>Entre le motif pied-de-poule et la mode, c\u2019est une histoire d\u2019amour ! Les cr\u00e9ateurs mode n\u2019ont eu de cesse \u00e0 travers les ann\u00e9es de l\u2019inventer et le r\u00e9inventer, de l\u2019interpr\u00e9ter et le r\u00e9interpr\u00e9ter. Le pied-de-poule est un terrain de jeu et de cr\u00e9ativit\u00e9 apportant graphisme et relief aux looks cet automne.<\/p>\n\n\n\n<h2 class=\"wp-block-heading\">Nos propositions avec ce contenu <\/h2>\n\n\n\n<p>Ce mois-ci, d\u00e9couvrez en exclusivit\u00e9 nos deux nouveaux patrons couture mode femme : Le <strong>pantalon Cannelle<\/strong> et le <strong>top Piment<\/strong>.<\/p>\n\n\n\n<figure class=\"wp-block-image\"><img loading=\"lazy\" decoding=\"async\" width=\"986\" height=\"700\" src=\"https:\/\/www.craftine.com\/blog\/wp-content\/uploads\/2020\/10\/FLYER_RECTO_OCTOBRE-20_V2.jpg\" alt=\"\" class=\"wp-image-4684\" srcset=\"https:\/\/wp.craftine.cargo-webproject.com\/wp-content\/uploads\/2020\/10\/FLYER_RECTO_OCTOBRE-20_V2.jpg 986w, https:\/\/wp.craftine.cargo-webproject.com\/wp-content\/uploads\/2020\/10\/FLYER_RECTO_OCTOBRE-20_V2-300x213.jpg 300w, https:\/\/wp.craftine.cargo-webproject.com\/wp-content\/uploads\/2020\/10\/FLYER_RECTO_OCTOBRE-20_V2-768x545.jpg 768w, https:\/\/wp.craftine.cargo-webproject.com\/wp-content\/uploads\/2020\/10\/FLYER_RECTO_OCTOBRE-20_V2-100x70.jpg 100w, https:\/\/wp.craftine.cargo-webproject.com\/wp-content\/uploads\/2020\/10\/FLYER_RECTO_OCTOBRE-20_V2-696x494.jpg 696w, https:\/\/wp.craftine.cargo-webproject.com\/wp-content\/uploads\/2020\/10\/FLYER_RECTO_OCTOBRE-20_V2-592x420.jpg 592w\" sizes=\"auto, (max-width: 986px) 100vw, 986px\" \/><\/figure>\n\n\n\n<h3 class=\"wp-block-heading\">Suggestion #1 : Iconic chic street<\/h3>\n\n\n\n<p>Le <strong>pantalon Cannelle<\/strong> est une valeur s\u00fbre du dressing. Jolies jambes fusel\u00e9es et longilignes, il nous fait une silhouette de r\u00eave. Ses d\u00e9coupes sur le devant apportent graphisme et relief aux looks cet automne.<\/p>\n\n\n\n<figure class=\"wp-block-image\"><img loading=\"lazy\" decoding=\"async\" width=\"1000\" height=\"800\" src=\"https:\/\/www.craftine.com\/blog\/wp-content\/uploads\/2020\/10\/202010_visuels_blog-01_taille_petit.jpg\" alt=\"\" class=\"wp-image-4685\" srcset=\"https:\/\/wp.craftine.cargo-webproject.com\/wp-content\/uploads\/2020\/10\/202010_visuels_blog-01_taille_petit.jpg 1000w, https:\/\/wp.craftine.cargo-webproject.com\/wp-content\/uploads\/2020\/10\/202010_visuels_blog-01_taille_petit-300x240.jpg 300w, https:\/\/wp.craftine.cargo-webproject.com\/wp-content\/uploads\/2020\/10\/202010_visuels_blog-01_taille_petit-768x614.jpg 768w, https:\/\/wp.craftine.cargo-webproject.com\/wp-content\/uploads\/2020\/10\/202010_visuels_blog-01_taille_petit-696x557.jpg 696w, https:\/\/wp.craftine.cargo-webproject.com\/wp-content\/uploads\/2020\/10\/202010_visuels_blog-01_taille_petit-525x420.jpg 525w\" sizes=\"auto, (max-width: 1000px) 100vw, 1000px\" \/><figcaption class=\"wp-element-caption\"> <em>Le pantalon Cannelle &#8211; Craftine Patrons<\/em><\/figcaption><\/figure>\n\n\n\n<p class=\"has-drop-cap\"> Conseil style :  A porter twist\u00e9 avec une chemise blanche, <strong>le b\u00e9ret City<\/strong> et des derbies vernies, ce pantalon modernise et souffle une allure \u00e9l\u00e9gante et hypnotique. V\u00e9ritable ic\u00f4ne de mode, on adopte ce style chic et street !<\/p>\n\n\n\n<h3 class=\"wp-block-heading\">Suggestion #2 : Fall in love again<\/h3>\n\n\n\n<p>Le <strong>top Piment<\/strong> est un v\u00e9ritable must-have de la saison. Avec sa coupe cintr\u00e9e, ses d\u00e9coupes devant\/dos et ses volants a\u00e9riens, il apporte \u00e0 la silhouette f\u00e9minit\u00e9, modernisme et d\u00e9contraction. Ce top est un v\u00e9ritable bijou de fra\u00eecheur moderne.<\/p>\n\n\n\n<figure class=\"wp-block-image\"><img loading=\"lazy\" decoding=\"async\" width=\"1000\" height=\"800\" src=\"https:\/\/www.craftine.com\/blog\/wp-content\/uploads\/2020\/10\/202010_visuels_blog-02_taille_petit.jpg\" alt=\"\" class=\"wp-image-4686\" srcset=\"https:\/\/wp.craftine.cargo-webproject.com\/wp-content\/uploads\/2020\/10\/202010_visuels_blog-02_taille_petit.jpg 1000w, https:\/\/wp.craftine.cargo-webproject.com\/wp-content\/uploads\/2020\/10\/202010_visuels_blog-02_taille_petit-300x240.jpg 300w, https:\/\/wp.craftine.cargo-webproject.com\/wp-content\/uploads\/2020\/10\/202010_visuels_blog-02_taille_petit-768x614.jpg 768w, https:\/\/wp.craftine.cargo-webproject.com\/wp-content\/uploads\/2020\/10\/202010_visuels_blog-02_taille_petit-696x557.jpg 696w, https:\/\/wp.craftine.cargo-webproject.com\/wp-content\/uploads\/2020\/10\/202010_visuels_blog-02_taille_petit-525x420.jpg 525w\" sizes=\"auto, (max-width: 1000px) 100vw, 1000px\" \/><figcaption class=\"wp-element-caption\"><em>Le top Piment &#8211; Craftine Patrons<\/em><\/figcaption><\/figure>\n\n\n\n<p class=\"has-drop-cap\">Conseil style : A porter avec un jean clair boyfriend, une ceinture foulard et des tennis blanches, ce look casual-chic sera la combinaison id\u00e9ale \u00e0 ne pas quitter cet automne.<\/p>\n\n\n\n<p><\/p>\n\n\n\n<p><a href=\"https:\/\/www.craftine.com\/tissus\/shopby\/tissus-automne.html\">>>> Tous les tissus aux motifs automne hiver<\/a><\/p>\n\n\n\n<h2 class=\"wp-block-heading\">En exclusivit\u00e9 : Tuto du b\u00e9ret City<\/h2>\n\n\n\n<figure class=\"wp-block-image\"><img loading=\"lazy\" decoding=\"async\" width=\"1000\" height=\"750\" src=\"https:\/\/www.craftine.com\/blog\/wp-content\/uploads\/2020\/10\/flyer_tuto_b\u00e9ret_city.jpg\" alt=\"\" class=\"wp-image-4708\" srcset=\"https:\/\/wp.craftine.cargo-webproject.com\/wp-content\/uploads\/2020\/10\/flyer_tuto_b\u00e9ret_city.jpg 1000w, https:\/\/wp.craftine.cargo-webproject.com\/wp-content\/uploads\/2020\/10\/flyer_tuto_b\u00e9ret_city-300x225.jpg 300w, https:\/\/wp.craftine.cargo-webproject.com\/wp-content\/uploads\/2020\/10\/flyer_tuto_b\u00e9ret_city-768x576.jpg 768w, https:\/\/wp.craftine.cargo-webproject.com\/wp-content\/uploads\/2020\/10\/flyer_tuto_b\u00e9ret_city-80x60.jpg 80w, https:\/\/wp.craftine.cargo-webproject.com\/wp-content\/uploads\/2020\/10\/flyer_tuto_b\u00e9ret_city-265x198.jpg 265w, https:\/\/wp.craftine.cargo-webproject.com\/wp-content\/uploads\/2020\/10\/flyer_tuto_b\u00e9ret_city-696x522.jpg 696w, https:\/\/wp.craftine.cargo-webproject.com\/wp-content\/uploads\/2020\/10\/flyer_tuto_b\u00e9ret_city-560x420.jpg 560w\" sizes=\"auto, (max-width: 1000px) 100vw, 1000px\" \/><figcaption class=\"wp-element-caption\"> <em>Le b\u00e9ret City \u2013 Fiche tuto patron et pas \u00e0 pas en images<\/em><\/figcaption><\/figure>\n\n\n\n<div class=\"wp-block-media-text has-media-on-the-right is-vertically-aligned-center\"><div class=\"wp-block-media-text__content\">\n<p>Le b\u00e9ret est la pi\u00e8ce mode \u00e0 collectionner. Contre les fra\u00eeches matin\u00e9es, adoptez le b\u00e9ret City, chic et branch\u00e9. Ce b\u00e9ret accessoirisera toutes les tenues avec style !<\/p>\n<\/div><figure class=\"wp-block-media-text__media\"><img loading=\"lazy\" decoding=\"async\" width=\"683\" height=\"1024\" src=\"https:\/\/www.craftine.com\/blog\/wp-content\/uploads\/2020\/10\/Craftine-1497_taille_petit-683x1024.jpg\" alt=\"\" class=\"wp-image-4688 size-full\" srcset=\"https:\/\/wp.craftine.cargo-webproject.com\/wp-content\/uploads\/2020\/10\/Craftine-1497_taille_petit-683x1024.jpg 683w, https:\/\/wp.craftine.cargo-webproject.com\/wp-content\/uploads\/2020\/10\/Craftine-1497_taille_petit-200x300.jpg 200w, https:\/\/wp.craftine.cargo-webproject.com\/wp-content\/uploads\/2020\/10\/Craftine-1497_taille_petit-768x1152.jpg 768w, https:\/\/wp.craftine.cargo-webproject.com\/wp-content\/uploads\/2020\/10\/Craftine-1497_taille_petit-696x1044.jpg 696w, https:\/\/wp.craftine.cargo-webproject.com\/wp-content\/uploads\/2020\/10\/Craftine-1497_taille_petit-280x420.jpg 280w, https:\/\/wp.craftine.cargo-webproject.com\/wp-content\/uploads\/2020\/10\/Craftine-1497_taille_petit.jpg 1000w\" sizes=\"auto, (max-width: 683px) 100vw, 683px\" \/><\/figure><\/div>\n\n\n\n<h2 class=\"wp-block-heading\">Mes avantages fid\u00e9lit\u00e9 abonn\u00e9e box <\/h2>\n\n\n\n<figure class=\"wp-block-image\"><img loading=\"lazy\" decoding=\"async\" width=\"1000\" height=\"701\" src=\"https:\/\/www.craftine.com\/blog\/wp-content\/uploads\/2020\/10\/FLYER_VERSO_OCTOBRE_2020_PLUS_TISSUS.jpg\" alt=\"\" class=\"wp-image-4689\" srcset=\"https:\/\/wp.craftine.cargo-webproject.com\/wp-content\/uploads\/2020\/10\/FLYER_VERSO_OCTOBRE_2020_PLUS_TISSUS.jpg 1000w, https:\/\/wp.craftine.cargo-webproject.com\/wp-content\/uploads\/2020\/10\/FLYER_VERSO_OCTOBRE_2020_PLUS_TISSUS-300x210.jpg 300w, https:\/\/wp.craftine.cargo-webproject.com\/wp-content\/uploads\/2020\/10\/FLYER_VERSO_OCTOBRE_2020_PLUS_TISSUS-768x538.jpg 768w, https:\/\/wp.craftine.cargo-webproject.com\/wp-content\/uploads\/2020\/10\/FLYER_VERSO_OCTOBRE_2020_PLUS_TISSUS-100x70.jpg 100w, https:\/\/wp.craftine.cargo-webproject.com\/wp-content\/uploads\/2020\/10\/FLYER_VERSO_OCTOBRE_2020_PLUS_TISSUS-200x140.jpg 200w, https:\/\/wp.craftine.cargo-webproject.com\/wp-content\/uploads\/2020\/10\/FLYER_VERSO_OCTOBRE_2020_PLUS_TISSUS-696x488.jpg 696w, https:\/\/wp.craftine.cargo-webproject.com\/wp-content\/uploads\/2020\/10\/FLYER_VERSO_OCTOBRE_2020_PLUS_TISSUS-599x420.jpg 599w\" sizes=\"auto, (max-width: 1000px) 100vw, 1000px\" \/><figcaption class=\"wp-element-caption\"> <em>Programme de fid\u00e9lit\u00e9 &#8211; Craftine Box<\/em><\/figcaption><\/figure>\n\n\n\n<h2 class=\"wp-block-heading\">Ma s\u00e9lection de tissus du mois \u00e0 -50%<\/h2>\n\n\n\n<p>Impossible de faire un choix entre les deux patrons ? Vous voulez coudre les 2 ? Ou les d\u00e9cliner dans d&rsquo;autres coloris ? Alors faites vous plaisir avec notre s\u00e9lection de tissus \u00e0 prix co\u00fbtant :  <a href=\"https:\/\/www.craftine.com\/tissus-pas-cher\">https:\/\/www.craftine.com\/tissus-pas-cher<\/a><br>Si votre abonnement est <strong>actif<\/strong> et que vous vous connectez avec votre compte Craftine Shop, <strong>une remise de 50% va \u00eatre appliqu\u00e9e automatiquement<\/strong> \u00e0 tous les tissus de la s\u00e9lection. Si vous n&rsquo;avez pas encore de compte Craftine Shop, <a href=\"https:\/\/www.craftine.com\/customer\/account\/login\/\">cr\u00e9ez-en<\/a> un avec le m\u00eame email que celui utilis\u00e9 pour Craftine Box. <\/p>\n\n\n\n<figure class=\"wp-block-image\"><img loading=\"lazy\" decoding=\"async\" width=\"1000\" height=\"707\" src=\"https:\/\/www.craftine.com\/blog\/wp-content\/uploads\/2020\/10\/FLYER_RECTO_OCTOBRE_2020_PLUS_TISSUS.jpg\" alt=\"\" class=\"wp-image-4690\" srcset=\"https:\/\/wp.craftine.cargo-webproject.com\/wp-content\/uploads\/2020\/10\/FLYER_RECTO_OCTOBRE_2020_PLUS_TISSUS.jpg 1000w, https:\/\/wp.craftine.cargo-webproject.com\/wp-content\/uploads\/2020\/10\/FLYER_RECTO_OCTOBRE_2020_PLUS_TISSUS-300x212.jpg 300w, https:\/\/wp.craftine.cargo-webproject.com\/wp-content\/uploads\/2020\/10\/FLYER_RECTO_OCTOBRE_2020_PLUS_TISSUS-768x543.jpg 768w, https:\/\/wp.craftine.cargo-webproject.com\/wp-content\/uploads\/2020\/10\/FLYER_RECTO_OCTOBRE_2020_PLUS_TISSUS-100x70.jpg 100w, https:\/\/wp.craftine.cargo-webproject.com\/wp-content\/uploads\/2020\/10\/FLYER_RECTO_OCTOBRE_2020_PLUS_TISSUS-200x140.jpg 200w, https:\/\/wp.craftine.cargo-webproject.com\/wp-content\/uploads\/2020\/10\/FLYER_RECTO_OCTOBRE_2020_PLUS_TISSUS-696x492.jpg 696w, https:\/\/wp.craftine.cargo-webproject.com\/wp-content\/uploads\/2020\/10\/FLYER_RECTO_OCTOBRE_2020_PLUS_TISSUS-594x420.jpg 594w\" sizes=\"auto, (max-width: 1000px) 100vw, 1000px\" \/><figcaption class=\"wp-element-caption\"> <em>Ma s\u00e9lection de tissus \u00e0 -50% &#8211; Craftine Shop<\/em><\/figcaption><\/figure>\n\n\n\n<div class=\"wp-block-button aligncenter\"><a class=\"wp-block-button__link has-light-green-cyan-background-color has-background wp-element-button\" href=\"https:\/\/www.craftine.com\/box\">Recevoir la Craftine Box<\/a><\/div>\n\n\n\n<h2 class=\"wp-block-heading\">Rappel : O\u00f9 trouver les patrons et les cahiers des instructions ? <\/h2>\n\n\n\n<p>Nous vous rappelons que nos <strong>patrons<\/strong>&nbsp;sont disponibles de la taille&nbsp;<strong>34 \u00e0 48<\/strong>&nbsp;en<strong>&nbsp;version PDF<\/strong>&nbsp;et&nbsp;<strong>version papier<\/strong>&nbsp;inclus dans votre box si vous avez opt\u00e9 pour cette option.&nbsp;<br>Les&nbsp;<strong>instructions de montage<\/strong>&nbsp;ainsi que les patrons PDF sont disponibles via le lien de t\u00e9l\u00e9chargement qui se trouve sur le flyer gliss\u00e9 dans votre box. Saisissez ce lien directement dans la barre d\u2019adresse de votre navigateur. Pour y acc\u00e9der plus facilement, vous pouvez \u00e9galement cliquer directement&nbsp;<a rel=\"noreferrer noopener\" href=\"https:\/\/www.craftine.com\/mon-patron\" target=\"_blank\">ici<\/a>. Il vous suffit ensuite de renseigner votre code confidentiel inscrit sur votre flyer. Vous pourrez alors r\u00e9cup\u00e9rer les fichiers.<\/p>\n\n\n\n<figure class=\"wp-block-gallery has-nested-images columns-default is-cropped wp-block-gallery-2 is-layout-flex wp-block-gallery-is-layout-flex\">\n<figure class=\"wp-block-image\"><img loading=\"lazy\" decoding=\"async\" width=\"800\" height=\"621\" data-id=\"4552\" src=\"https:\/\/www.craftine.com\/blog\/wp-content\/uploads\/2019\/12\/gamme-de-montage-detaillee-1.jpg\" alt=\"\" class=\"wp-image-4552\" srcset=\"https:\/\/wp.craftine.cargo-webproject.com\/wp-content\/uploads\/2019\/12\/gamme-de-montage-detaillee-1.jpg 800w, https:\/\/wp.craftine.cargo-webproject.com\/wp-content\/uploads\/2019\/12\/gamme-de-montage-detaillee-1-300x233.jpg 300w, https:\/\/wp.craftine.cargo-webproject.com\/wp-content\/uploads\/2019\/12\/gamme-de-montage-detaillee-1-768x596.jpg 768w, https:\/\/wp.craftine.cargo-webproject.com\/wp-content\/uploads\/2019\/12\/gamme-de-montage-detaillee-1-696x540.jpg 696w, https:\/\/wp.craftine.cargo-webproject.com\/wp-content\/uploads\/2019\/12\/gamme-de-montage-detaillee-1-541x420.jpg 541w\" sizes=\"auto, (max-width: 800px) 100vw, 800px\" \/><figcaption class=\"wp-element-caption\"> <br>Gammes de montage d\u00e9taill\u00e9es<\/figcaption><\/figure>\n\n\n\n<figure class=\"wp-block-image\"><img loading=\"lazy\" decoding=\"async\" width=\"800\" height=\"621\" data-id=\"4553\" src=\"https:\/\/www.craftine.com\/blog\/wp-content\/uploads\/2019\/12\/patrons-couture-tendance-1.jpg\" alt=\"\" class=\"wp-image-4553\" srcset=\"https:\/\/wp.craftine.cargo-webproject.com\/wp-content\/uploads\/2019\/12\/patrons-couture-tendance-1.jpg 800w, https:\/\/wp.craftine.cargo-webproject.com\/wp-content\/uploads\/2019\/12\/patrons-couture-tendance-1-300x233.jpg 300w, https:\/\/wp.craftine.cargo-webproject.com\/wp-content\/uploads\/2019\/12\/patrons-couture-tendance-1-768x596.jpg 768w, https:\/\/wp.craftine.cargo-webproject.com\/wp-content\/uploads\/2019\/12\/patrons-couture-tendance-1-696x540.jpg 696w, https:\/\/wp.craftine.cargo-webproject.com\/wp-content\/uploads\/2019\/12\/patrons-couture-tendance-1-541x420.jpg 541w\" sizes=\"auto, (max-width: 800px) 100vw, 800px\" \/><figcaption class=\"wp-element-caption\"> <br>Patrons PDF ou papier<\/figcaption><\/figure>\n<\/figure>\n\n\n\n<h2 class=\"wp-block-heading\">Vous souhaitez vous aussi rejoindre notre communaut\u00e9 d\u2019abonn\u00e9es et profiter d&rsquo;avantages fid\u00e9lit\u00e9 ?<\/h2>\n\n\n\n<p>Pour recevoir la <strong>Craftine Box<\/strong>, inscrivez-vous :&nbsp;<strong><a href=\"https:\/\/craftine.com\/box\">ici<\/a><\/strong>.<br>Pour d\u00e9couvrir nos tissus, rubans, mercerie, patrons couture, visitez notre&nbsp;<strong><a href=\"https:\/\/www.craftine.com\/\">mercerie en ligne<\/a><\/strong>.   <\/p>\n","protected":false},"excerpt":{"rendered":"<p>L&rsquo;automne est l\u00e0 et la nouvelle Craftine box aussi, de quoi vous concocter une tenue au top pour la saison. C&rsquo;est une box qui d\u00e9borde avec de magnifiques mati\u00e8res et un motif tendance intemporel ! Du graphisme, du relief, du chic, du street, du love, voici une nouvelle box qui va vous faire fondre de [&hellip;]<\/p>\n","protected":false},"author":5,"featured_media":4707,"comment_status":"open","ping_status":"open","sticky":false,"template":"","format":"standard","meta":{"footnotes":""},"categories":[17],"tags":[],"class_list":{"0":"post-4681","1":"post","2":"type-post","3":"status-publish","4":"format-standard","5":"has-post-thumbnail","7":"category-box"},"_links":{"self":[{"href":"https:\/\/wp.craftine.cargo-webproject.com\/wp-json\/wp\/v2\/posts\/4681","targetHints":{"allow":["GET"]}}],"collection":[{"href":"https:\/\/wp.craftine.cargo-webproject.com\/wp-json\/wp\/v2\/posts"}],"about":[{"href":"https:\/\/wp.craftine.cargo-webproject.com\/wp-json\/wp\/v2\/types\/post"}],"author":[{"embeddable":true,"href":"https:\/\/wp.craftine.cargo-webproject.com\/wp-json\/wp\/v2\/users\/5"}],"replies":[{"embeddable":true,"href":"https:\/\/wp.craftine.cargo-webproject.com\/wp-json\/wp\/v2\/comments?post=4681"}],"version-history":[{"count":27,"href":"https:\/\/wp.craftine.cargo-webproject.com\/wp-json\/wp\/v2\/posts\/4681\/revisions"}],"predecessor-version":[{"id":6661,"href":"https:\/\/wp.craftine.cargo-webproject.com\/wp-json\/wp\/v2\/posts\/4681\/revisions\/6661"}],"wp:featuredmedia":[{"embeddable":true,"href":"https:\/\/wp.craftine.cargo-webproject.com\/wp-json\/wp\/v2\/media\/4707"}],"wp:attachment":[{"href":"https:\/\/wp.craftine.cargo-webproject.com\/wp-json\/wp\/v2\/media?parent=4681"}],"wp:term":[{"taxonomy":"category","embeddable":true,"href":"https:\/\/wp.craftine.cargo-webproject.com\/wp-json\/wp\/v2\/categories?post=4681"},{"taxonomy":"post_tag","embeddable":true,"href":"https:\/\/wp.craftine.cargo-webproject.com\/wp-json\/wp\/v2\/tags?post=4681"}],"curies":[{"name":"wp","href":"https:\/\/api.w.org\/{rel}","templated":true}]}}