{"id":4714,"date":"2020-12-19T14:18:30","date_gmt":"2020-12-19T13:18:30","guid":{"rendered":"https:\/\/www.craftine.com\/blog\/?p=4714"},"modified":"2020-12-19T14:18:32","modified_gmt":"2020-12-19T13:18:32","slug":"la-craftine-box-hiver-chic-2020-est-arrivee","status":"publish","type":"post","link":"https:\/\/wp.craftine.cargo-webproject.com\/la-craftine-box-hiver-chic-2020-est-arrivee\/","title":{"rendered":"Craftine Box : La box hiver chic est arriv\u00e9e !"},"content":{"rendered":"\n<p>Voici la nouvelle Craftine Box Hiver chic avec de jolis couleurs et motifs, une belle mati\u00e8re satin\u00e9e, associ\u00e9e \u00e0 un imprim\u00e9 parsem\u00e9 de touches dor\u00e9es pour un soup\u00e7on de brillant et le tour est jou\u00e9 ! Vous allez rayonner pour les f\u00eates de fin d\u2019ann\u00e9e mais aussi pour apr\u00e8s ! Elle s&rsquo;accompagne de deux nouveaux patrons couture en avant premi\u00e8re et en exclusivit\u00e9, des pi\u00e8ces modes et tendances du dressing. Nous vous avons pr\u00e9par\u00e9 des tenues pour affirmer votre look. Rock and doll ou blue fever, vous allez illuminer les soir\u00e9es endiabl\u00e9es et les journ\u00e9es au bureau ! D\u00e9couvrez \u00e9galement un nouveau tuto in\u00e9dit d\u00e9di\u00e9 pour la premi\u00e8re fois\u2026 aux hommes.  De quoi g\u00e2ter un homme de votre entourage avec cet accessoire cool qui permet de se d\u00e9marquer avec classe !<br>Cette box est parfaite pour vous amuser, apprendre de nouvelles techniques et coudre votre garde-robe sur mesure. A vous de jouer et de passer un joli moment couture !<\/p>\n\n\n\n<h2 class=\"wp-block-heading\">Voici le contenu de votre box couture surprise :<\/h2>\n\n\n\n<figure class=\"wp-block-image\"><img loading=\"lazy\" decoding=\"async\" width=\"1000\" height=\"710\" src=\"https:\/\/www.craftine.com\/blog\/wp-content\/uploads\/2020\/10\/FLYER_VERSO_DECEMBRE_20.jpg\" alt=\"\" class=\"wp-image-4716\" srcset=\"https:\/\/wp.craftine.cargo-webproject.com\/wp-content\/uploads\/2020\/10\/FLYER_VERSO_DECEMBRE_20.jpg 1000w, https:\/\/wp.craftine.cargo-webproject.com\/wp-content\/uploads\/2020\/10\/FLYER_VERSO_DECEMBRE_20-300x213.jpg 300w, https:\/\/wp.craftine.cargo-webproject.com\/wp-content\/uploads\/2020\/10\/FLYER_VERSO_DECEMBRE_20-768x545.jpg 768w, https:\/\/wp.craftine.cargo-webproject.com\/wp-content\/uploads\/2020\/10\/FLYER_VERSO_DECEMBRE_20-100x70.jpg 100w, https:\/\/wp.craftine.cargo-webproject.com\/wp-content\/uploads\/2020\/10\/FLYER_VERSO_DECEMBRE_20-696x494.jpg 696w, https:\/\/wp.craftine.cargo-webproject.com\/wp-content\/uploads\/2020\/10\/FLYER_VERSO_DECEMBRE_20-592x420.jpg 592w\" sizes=\"auto, (max-width: 1000px) 100vw, 1000px\" \/><\/figure>\n\n\n\n<p>Une des couleurs phares de cette saison est le bleu de minuit. Plus pep&rsquo;s que le noir, il apporte de la couleur dans le dressing tout en restant chic et classe. A associer avec un imprim\u00e9 avec des touches dor\u00e9es pour le d\u00e9tail scintillant qui fait toute la diff\u00e9rence !<\/p>\n\n\n\n<h2 class=\"wp-block-heading\">Nos propositions avec ce contenu <\/h2>\n\n\n\n<p>Ce mois-ci, d\u00e9couvrez en exclusivit\u00e9 nos deux nouveaux patrons couture mode femme : la <strong>jupe Carambole<\/strong> et la <strong>veste Bleuet<\/strong>.<\/p>\n\n\n\n<figure class=\"wp-block-image\"><img loading=\"lazy\" decoding=\"async\" width=\"1024\" height=\"730\" src=\"https:\/\/www.craftine.com\/blog\/wp-content\/uploads\/2020\/10\/FLYER_RECTO_DECEMBRE-20-1024x730.jpg\" alt=\"\" class=\"wp-image-4717\" srcset=\"https:\/\/wp.craftine.cargo-webproject.com\/wp-content\/uploads\/2020\/10\/FLYER_RECTO_DECEMBRE-20-1024x730.jpg 1024w, https:\/\/wp.craftine.cargo-webproject.com\/wp-content\/uploads\/2020\/10\/FLYER_RECTO_DECEMBRE-20-300x214.jpg 300w, https:\/\/wp.craftine.cargo-webproject.com\/wp-content\/uploads\/2020\/10\/FLYER_RECTO_DECEMBRE-20-768x548.jpg 768w, https:\/\/wp.craftine.cargo-webproject.com\/wp-content\/uploads\/2020\/10\/FLYER_RECTO_DECEMBRE-20-100x70.jpg 100w, https:\/\/wp.craftine.cargo-webproject.com\/wp-content\/uploads\/2020\/10\/FLYER_RECTO_DECEMBRE-20-696x496.jpg 696w, https:\/\/wp.craftine.cargo-webproject.com\/wp-content\/uploads\/2020\/10\/FLYER_RECTO_DECEMBRE-20-1068x762.jpg 1068w, https:\/\/wp.craftine.cargo-webproject.com\/wp-content\/uploads\/2020\/10\/FLYER_RECTO_DECEMBRE-20-589x420.jpg 589w, https:\/\/wp.craftine.cargo-webproject.com\/wp-content\/uploads\/2020\/10\/FLYER_RECTO_DECEMBRE-20.jpg 1402w\" sizes=\"auto, (max-width: 1024px) 100vw, 1024px\" \/><\/figure>\n\n\n\n<h3 class=\"wp-block-heading\">Suggestion #1 : Rock and Doll<\/h3>\n\n\n\n<p>La <strong>jupe Carambole<\/strong> a tout pour plaire. Taille haute fronc\u00e9e, poches dans les c\u00f4t\u00e9s, jolies finitions, elle donne belle allure \u00e0 toutes les morphologies. La tendance mode est \u00e0 la jupe midi qui est devenue un indispensable \u00e0 avoir dans sa garde-robe. Et pour \u00eatre encore plus tendance, on m\u00e9lange les styles !<\/p>\n\n\n\n<figure class=\"wp-block-image\"><img loading=\"lazy\" decoding=\"async\" width=\"1000\" height=\"800\" src=\"https:\/\/www.craftine.com\/blog\/wp-content\/uploads\/2020\/10\/202012_visuels_blog-02_taille_petit.jpg\" alt=\"\" class=\"wp-image-4718\" srcset=\"https:\/\/wp.craftine.cargo-webproject.com\/wp-content\/uploads\/2020\/10\/202012_visuels_blog-02_taille_petit.jpg 1000w, https:\/\/wp.craftine.cargo-webproject.com\/wp-content\/uploads\/2020\/10\/202012_visuels_blog-02_taille_petit-300x240.jpg 300w, https:\/\/wp.craftine.cargo-webproject.com\/wp-content\/uploads\/2020\/10\/202012_visuels_blog-02_taille_petit-768x614.jpg 768w, https:\/\/wp.craftine.cargo-webproject.com\/wp-content\/uploads\/2020\/10\/202012_visuels_blog-02_taille_petit-696x557.jpg 696w, https:\/\/wp.craftine.cargo-webproject.com\/wp-content\/uploads\/2020\/10\/202012_visuels_blog-02_taille_petit-525x420.jpg 525w\" sizes=\"auto, (max-width: 1000px) 100vw, 1000px\" \/><figcaption> <em>La jupe Carambole &#8211; Craftine Patrons<\/em> <\/figcaption><\/figure>\n\n\n\n<p class=\"has-drop-cap\">Conseil style : A porter combin\u00e9e avec un top noir et un perfecto en cuir pour un look affirm\u00e9 \u00ab rock and doll\u00bb. <\/p>\n\n\n\n<h3 class=\"wp-block-heading\">Suggestion #2 : Blue fever<\/h3>\n\n\n\n<p>Le <strong>blazer Bleuet<\/strong> est la pi\u00e8ce chic et essentielle du dressing qui nous accompagne au fil des saisons. Col tailleur, d\u00e9coupes princesses, poches dans les d\u00e9coupes, on adore son style travaill\u00e9 pour sortir le soir ou au bureau en journ\u00e9e. <\/p>\n\n\n\n<figure class=\"wp-block-image\"><img loading=\"lazy\" decoding=\"async\" width=\"1000\" height=\"800\" src=\"https:\/\/www.craftine.com\/blog\/wp-content\/uploads\/2020\/10\/202012_visuels_blog-01_taille_petit.jpg\" alt=\"\" class=\"wp-image-4719\" srcset=\"https:\/\/wp.craftine.cargo-webproject.com\/wp-content\/uploads\/2020\/10\/202012_visuels_blog-01_taille_petit.jpg 1000w, https:\/\/wp.craftine.cargo-webproject.com\/wp-content\/uploads\/2020\/10\/202012_visuels_blog-01_taille_petit-300x240.jpg 300w, https:\/\/wp.craftine.cargo-webproject.com\/wp-content\/uploads\/2020\/10\/202012_visuels_blog-01_taille_petit-768x614.jpg 768w, https:\/\/wp.craftine.cargo-webproject.com\/wp-content\/uploads\/2020\/10\/202012_visuels_blog-01_taille_petit-696x557.jpg 696w, https:\/\/wp.craftine.cargo-webproject.com\/wp-content\/uploads\/2020\/10\/202012_visuels_blog-01_taille_petit-525x420.jpg 525w\" sizes=\"auto, (max-width: 1000px) 100vw, 1000px\" \/><figcaption> <em>Le blazer Bleuet &#8211; Craftine Patrons<\/em> <\/figcaption><\/figure>\n\n\n\n<p class=\"has-drop-cap\">Conseil style : A porter twist\u00e9 avec une tenue blanc cass\u00e9, des accessoires et chaussures dor\u00e9s pour briller dans les soir\u00e9es endiabl\u00e9es ou pour ajouter une touche de \u00abblue fever\u00bb \u00e0 son quotidien !<\/p>\n\n\n\n<h2 class=\"wp-block-heading\">En exclusivit\u00e9 : Tuto du n\u0153ud papillon Trendy<\/h2>\n\n\n\n<figure class=\"wp-block-image\"><img loading=\"lazy\" decoding=\"async\" width=\"1024\" height=\"808\" src=\"https:\/\/www.craftine.com\/blog\/wp-content\/uploads\/2020\/11\/202012_visuels_blog_tuto_noeud_pap-06-1024x808.jpg\" alt=\"\" class=\"wp-image-4890\" srcset=\"https:\/\/wp.craftine.cargo-webproject.com\/wp-content\/uploads\/2020\/11\/202012_visuels_blog_tuto_noeud_pap-06-1024x808.jpg 1024w, https:\/\/wp.craftine.cargo-webproject.com\/wp-content\/uploads\/2020\/11\/202012_visuels_blog_tuto_noeud_pap-06-300x237.jpg 300w, https:\/\/wp.craftine.cargo-webproject.com\/wp-content\/uploads\/2020\/11\/202012_visuels_blog_tuto_noeud_pap-06-768x606.jpg 768w, https:\/\/wp.craftine.cargo-webproject.com\/wp-content\/uploads\/2020\/11\/202012_visuels_blog_tuto_noeud_pap-06-696x549.jpg 696w, https:\/\/wp.craftine.cargo-webproject.com\/wp-content\/uploads\/2020\/11\/202012_visuels_blog_tuto_noeud_pap-06-1068x843.jpg 1068w, https:\/\/wp.craftine.cargo-webproject.com\/wp-content\/uploads\/2020\/11\/202012_visuels_blog_tuto_noeud_pap-06-532x420.jpg 532w, https:\/\/wp.craftine.cargo-webproject.com\/wp-content\/uploads\/2020\/11\/202012_visuels_blog_tuto_noeud_pap-06.jpg 1909w\" sizes=\"auto, (max-width: 1024px) 100vw, 1024px\" \/><figcaption> <em>Le n\u0153ud papillon Trendy \u2013 Fiche tuto patron et pas \u00e0 pas en images <\/em><\/figcaption><\/figure>\n\n\n\n<div class=\"wp-block-media-text has-media-on-the-right\"><figure class=\"wp-block-media-text__media\"><img loading=\"lazy\" decoding=\"async\" width=\"481\" height=\"742\" src=\"https:\/\/www.craftine.com\/blog\/wp-content\/uploads\/2020\/10\/202012_visuels_blog-05.jpg\" alt=\"\" class=\"wp-image-4734\" srcset=\"https:\/\/wp.craftine.cargo-webproject.com\/wp-content\/uploads\/2020\/10\/202012_visuels_blog-05.jpg 481w, https:\/\/wp.craftine.cargo-webproject.com\/wp-content\/uploads\/2020\/10\/202012_visuels_blog-05-194x300.jpg 194w, https:\/\/wp.craftine.cargo-webproject.com\/wp-content\/uploads\/2020\/10\/202012_visuels_blog-05-272x420.jpg 272w\" sizes=\"auto, (max-width: 481px) 100vw, 481px\" \/><\/figure><div class=\"wp-block-media-text__content\">\n<p>C\u2019est l\u2019accessoire cool qui permet de se d\u00e9marquer avec classe ! Pour une c\u00e9r\u00e9monie, une soir\u00e9e habill\u00e9e ou en costume de travail, il permet de s\u2019affirmer. Parfait aussi pour assortir Madame et Monsieur !<\/p>\n<\/div><\/div>\n\n\n\n<h2 class=\"wp-block-heading\">Mes avantages fid\u00e9lit\u00e9 abonn\u00e9e box <\/h2>\n\n\n\n<figure class=\"wp-block-image\"><img loading=\"lazy\" decoding=\"async\" width=\"1000\" height=\"704\" src=\"https:\/\/www.craftine.com\/blog\/wp-content\/uploads\/2020\/10\/FLYER_VERSO_DECEMBRE_2020_PLUS_TISSUS.jpg\" alt=\"\" class=\"wp-image-4726\" srcset=\"https:\/\/wp.craftine.cargo-webproject.com\/wp-content\/uploads\/2020\/10\/FLYER_VERSO_DECEMBRE_2020_PLUS_TISSUS.jpg 1000w, https:\/\/wp.craftine.cargo-webproject.com\/wp-content\/uploads\/2020\/10\/FLYER_VERSO_DECEMBRE_2020_PLUS_TISSUS-300x211.jpg 300w, https:\/\/wp.craftine.cargo-webproject.com\/wp-content\/uploads\/2020\/10\/FLYER_VERSO_DECEMBRE_2020_PLUS_TISSUS-768x541.jpg 768w, https:\/\/wp.craftine.cargo-webproject.com\/wp-content\/uploads\/2020\/10\/FLYER_VERSO_DECEMBRE_2020_PLUS_TISSUS-100x70.jpg 100w, https:\/\/wp.craftine.cargo-webproject.com\/wp-content\/uploads\/2020\/10\/FLYER_VERSO_DECEMBRE_2020_PLUS_TISSUS-200x140.jpg 200w, https:\/\/wp.craftine.cargo-webproject.com\/wp-content\/uploads\/2020\/10\/FLYER_VERSO_DECEMBRE_2020_PLUS_TISSUS-696x490.jpg 696w, https:\/\/wp.craftine.cargo-webproject.com\/wp-content\/uploads\/2020\/10\/FLYER_VERSO_DECEMBRE_2020_PLUS_TISSUS-597x420.jpg 597w\" sizes=\"auto, (max-width: 1000px) 100vw, 1000px\" \/><figcaption> <em>Programme de fid\u00e9lit\u00e9 &#8211; Craftine Box<\/em><\/figcaption><\/figure>\n\n\n\n<h2 class=\"wp-block-heading\">Ma s\u00e9lection de tissus du mois \u00e0 -50%<\/h2>\n\n\n\n<p>Impossible de faire un choix entre les deux patrons ? Vous voulez coudre les 2 ? Ou les d\u00e9cliner dans d&rsquo;autres coloris ? Alors faites vous plaisir avec notre s\u00e9lection de tissus \u00e0 prix co\u00fbtant :  <a href=\"https:\/\/www.craftine.com\/vp2012\">https:\/\/www.craftine.com\/vp2012<\/a><br>Si votre abonnement est <strong>actif<\/strong> et que vous vous connectez avec votre compte Craftine Shop, <strong>une remise de 50% va \u00eatre appliqu\u00e9e automatiquement<\/strong> \u00e0 tous les tissus de la s\u00e9lection. Si vous n&rsquo;avez pas encore de compte Craftine Shop, <a href=\"https:\/\/www.craftine.com\/customer\/account\/login\/\">cr\u00e9ez-en<\/a> un avec le m\u00eame email que celui utilis\u00e9 pour Craftine Box. <\/p>\n\n\n\n<figure class=\"wp-block-image\"><img loading=\"lazy\" decoding=\"async\" width=\"1024\" height=\"724\" src=\"https:\/\/www.craftine.com\/blog\/wp-content\/uploads\/2020\/12\/FLYER_RECTO_DECEMBRE_2020_PLUS_TISSUS-1024x724.jpg\" alt=\"\" class=\"wp-image-4892\" srcset=\"https:\/\/wp.craftine.cargo-webproject.com\/wp-content\/uploads\/2020\/12\/FLYER_RECTO_DECEMBRE_2020_PLUS_TISSUS-1024x724.jpg 1024w, https:\/\/wp.craftine.cargo-webproject.com\/wp-content\/uploads\/2020\/12\/FLYER_RECTO_DECEMBRE_2020_PLUS_TISSUS-300x212.jpg 300w, https:\/\/wp.craftine.cargo-webproject.com\/wp-content\/uploads\/2020\/12\/FLYER_RECTO_DECEMBRE_2020_PLUS_TISSUS-768x543.jpg 768w, https:\/\/wp.craftine.cargo-webproject.com\/wp-content\/uploads\/2020\/12\/FLYER_RECTO_DECEMBRE_2020_PLUS_TISSUS-100x70.jpg 100w, https:\/\/wp.craftine.cargo-webproject.com\/wp-content\/uploads\/2020\/12\/FLYER_RECTO_DECEMBRE_2020_PLUS_TISSUS-200x140.jpg 200w, https:\/\/wp.craftine.cargo-webproject.com\/wp-content\/uploads\/2020\/12\/FLYER_RECTO_DECEMBRE_2020_PLUS_TISSUS-696x492.jpg 696w, https:\/\/wp.craftine.cargo-webproject.com\/wp-content\/uploads\/2020\/12\/FLYER_RECTO_DECEMBRE_2020_PLUS_TISSUS-1068x755.jpg 1068w, https:\/\/wp.craftine.cargo-webproject.com\/wp-content\/uploads\/2020\/12\/FLYER_RECTO_DECEMBRE_2020_PLUS_TISSUS-594x420.jpg 594w, https:\/\/wp.craftine.cargo-webproject.com\/wp-content\/uploads\/2020\/12\/FLYER_RECTO_DECEMBRE_2020_PLUS_TISSUS.jpg 1415w\" sizes=\"auto, (max-width: 1024px) 100vw, 1024px\" \/><figcaption> <em>Ma s\u00e9lection de tissus \u00e0 -50% &#8211; Craftine Shop<\/em> <\/figcaption><\/figure>\n\n\n\n<h2 class=\"wp-block-heading\">Rappel : O\u00f9 trouver les patrons et les cahiers des instructions ? <\/h2>\n\n\n\n<p>Nous vous rappelons que nos <strong>patrons<\/strong>&nbsp;sont disponibles de la taille&nbsp;<strong>34 \u00e0 48<\/strong>&nbsp;en<strong>&nbsp;version PDF<\/strong>&nbsp;et&nbsp;<strong>version papier<\/strong>&nbsp;inclus dans votre box si vous avez opt\u00e9 pour cette option.&nbsp;<br>Les&nbsp;<strong>instructions de montage<\/strong>&nbsp;ainsi que les patrons PDF sont disponibles via le lien de t\u00e9l\u00e9chargement qui se trouve sur le flyer gliss\u00e9 dans votre box. Saisissez ce lien directement dans la barre d\u2019adresse de votre navigateur. Pour y acc\u00e9der plus facilement, vous pouvez \u00e9galement cliquer directement&nbsp;<a rel=\"noreferrer noopener\" href=\"https:\/\/www.craftine.com\/mon-patron\" target=\"_blank\">ici<\/a>. Il vous suffit ensuite de renseigner votre code confidentiel inscrit sur votre flyer. Vous pourrez alors r\u00e9cup\u00e9rer les fichiers.<\/p>\n\n\n\n<ul class=\"wp-block-gallery columns-2 is-cropped wp-block-gallery-2 is-layout-flex wp-block-gallery-is-layout-flex\"><li class=\"blocks-gallery-item\"><figure><img loading=\"lazy\" decoding=\"async\" width=\"800\" height=\"621\" src=\"https:\/\/www.craftine.com\/blog\/wp-content\/uploads\/2019\/12\/gamme-de-montage-detaillee-1.jpg\" alt=\"\" data-id=\"4552\" data-link=\"https:\/\/www.craftine.com\/blog\/craftine-la-box-hiver-chic-est-arrivee\/gamme-de-montage-detaillee-2\/\" class=\"wp-image-4552\" srcset=\"https:\/\/wp.craftine.cargo-webproject.com\/wp-content\/uploads\/2019\/12\/gamme-de-montage-detaillee-1.jpg 800w, https:\/\/wp.craftine.cargo-webproject.com\/wp-content\/uploads\/2019\/12\/gamme-de-montage-detaillee-1-300x233.jpg 300w, https:\/\/wp.craftine.cargo-webproject.com\/wp-content\/uploads\/2019\/12\/gamme-de-montage-detaillee-1-768x596.jpg 768w, https:\/\/wp.craftine.cargo-webproject.com\/wp-content\/uploads\/2019\/12\/gamme-de-montage-detaillee-1-696x540.jpg 696w, https:\/\/wp.craftine.cargo-webproject.com\/wp-content\/uploads\/2019\/12\/gamme-de-montage-detaillee-1-541x420.jpg 541w\" sizes=\"auto, (max-width: 800px) 100vw, 800px\" \/><figcaption> <br>Gammes de montage d\u00e9taill\u00e9es<\/figcaption><\/figure><\/li><li class=\"blocks-gallery-item\"><figure><img loading=\"lazy\" decoding=\"async\" width=\"800\" height=\"621\" src=\"https:\/\/www.craftine.com\/blog\/wp-content\/uploads\/2019\/12\/patrons-couture-tendance-1.jpg\" alt=\"\" data-id=\"4553\" data-link=\"https:\/\/www.craftine.com\/blog\/craftine-la-box-hiver-chic-est-arrivee\/patrons-couture-tendance-2\/\" class=\"wp-image-4553\" srcset=\"https:\/\/wp.craftine.cargo-webproject.com\/wp-content\/uploads\/2019\/12\/patrons-couture-tendance-1.jpg 800w, https:\/\/wp.craftine.cargo-webproject.com\/wp-content\/uploads\/2019\/12\/patrons-couture-tendance-1-300x233.jpg 300w, https:\/\/wp.craftine.cargo-webproject.com\/wp-content\/uploads\/2019\/12\/patrons-couture-tendance-1-768x596.jpg 768w, https:\/\/wp.craftine.cargo-webproject.com\/wp-content\/uploads\/2019\/12\/patrons-couture-tendance-1-696x540.jpg 696w, https:\/\/wp.craftine.cargo-webproject.com\/wp-content\/uploads\/2019\/12\/patrons-couture-tendance-1-541x420.jpg 541w\" sizes=\"auto, (max-width: 800px) 100vw, 800px\" \/><figcaption> <br>Patrons PDF ou papier<\/figcaption><\/figure><\/li><\/ul>\n\n\n\n<h2 class=\"wp-block-heading\">Vous souhaitez vous aussi rejoindre notre communaut\u00e9 d\u2019abonn\u00e9es et profiter d&rsquo;avantages fid\u00e9lit\u00e9 ?<\/h2>\n\n\n\n<p>Pour recevoir la <strong>Craftine Box<\/strong>, inscrivez-vous :&nbsp;<strong><a href=\"https:\/\/box.craftine.com\/\">ici<\/a><\/strong>.<br>Pour d\u00e9couvrir nos tissus, rubans, mercerie, patrons couture, visitez notre&nbsp;<strong><a href=\"https:\/\/www.craftine.com\/\">mercerie en ligne<\/a><\/strong>.   <\/p>\n","protected":false},"excerpt":{"rendered":"<p>Voici la nouvelle Craftine Box Hiver chic avec de jolis couleurs et motifs, une belle mati\u00e8re satin\u00e9e, associ\u00e9e \u00e0 un imprim\u00e9 parsem\u00e9 de touches dor\u00e9es pour un soup\u00e7on de brillant et le tour est jou\u00e9 ! Vous allez rayonner pour les f\u00eates de fin d\u2019ann\u00e9e mais aussi pour apr\u00e8s ! Elle s&rsquo;accompagne de deux nouveaux [&hellip;]<\/p>\n","protected":false},"author":5,"featured_media":4721,"comment_status":"open","ping_status":"open","sticky":false,"template":"","format":"standard","meta":{"footnotes":""},"categories":[17],"tags":[],"class_list":{"0":"post-4714","1":"post","2":"type-post","3":"status-publish","4":"format-standard","5":"has-post-thumbnail","7":"category-box"},"_links":{"self":[{"href":"https:\/\/wp.craftine.cargo-webproject.com\/wp-json\/wp\/v2\/posts\/4714","targetHints":{"allow":["GET"]}}],"collection":[{"href":"https:\/\/wp.craftine.cargo-webproject.com\/wp-json\/wp\/v2\/posts"}],"about":[{"href":"https:\/\/wp.craftine.cargo-webproject.com\/wp-json\/wp\/v2\/types\/post"}],"author":[{"embeddable":true,"href":"https:\/\/wp.craftine.cargo-webproject.com\/wp-json\/wp\/v2\/users\/5"}],"replies":[{"embeddable":true,"href":"https:\/\/wp.craftine.cargo-webproject.com\/wp-json\/wp\/v2\/comments?post=4714"}],"version-history":[{"count":20,"href":"https:\/\/wp.craftine.cargo-webproject.com\/wp-json\/wp\/v2\/posts\/4714\/revisions"}],"predecessor-version":[{"id":4897,"href":"https:\/\/wp.craftine.cargo-webproject.com\/wp-json\/wp\/v2\/posts\/4714\/revisions\/4897"}],"wp:featuredmedia":[{"embeddable":true,"href":"https:\/\/wp.craftine.cargo-webproject.com\/wp-json\/wp\/v2\/media\/4721"}],"wp:attachment":[{"href":"https:\/\/wp.craftine.cargo-webproject.com\/wp-json\/wp\/v2\/media?parent=4714"}],"wp:term":[{"taxonomy":"category","embeddable":true,"href":"https:\/\/wp.craftine.cargo-webproject.com\/wp-json\/wp\/v2\/categories?post=4714"},{"taxonomy":"post_tag","embeddable":true,"href":"https:\/\/wp.craftine.cargo-webproject.com\/wp-json\/wp\/v2\/tags?post=4714"}],"curies":[{"name":"wp","href":"https:\/\/api.w.org\/{rel}","templated":true}]}}