{"id":4742,"date":"2021-02-26T12:30:23","date_gmt":"2021-02-26T11:30:23","guid":{"rendered":"https:\/\/www.craftine.com\/blog\/?p=4742"},"modified":"2021-02-26T12:30:24","modified_gmt":"2021-02-26T11:30:24","slug":"la-box-sweet-home-2021-est-arrivee","status":"publish","type":"post","link":"https:\/\/wp.craftine.cargo-webproject.com\/la-box-sweet-home-2021-est-arrivee\/","title":{"rendered":"Craftine Box : La box Sweet home est arriv\u00e9e !"},"content":{"rendered":"\n<p>En cette fin d&rsquo;hiver, on est bien \u00e0 se pr\u00e9lasser chez soi, \u00e0 fl\u00e2ner au lit et rester au chaud en attente des jours plus doux. C&rsquo;est pourquoi, nous vous avons concoct\u00e9 pour la premi\u00e8re fois, une box in\u00e9dite pour vous cr\u00e9er une tenue \u00e0 porter chez soi ! Se pr\u00e9lasser chez soi oui mais tout en beaut\u00e9 ! Voici la Craftine Box Sweet home, la box pens\u00e9e pour vous confectionner une jolie tenue de nuit f\u00e9minine et envo\u00fbtante !<br>Elle s&rsquo;accompagne de deux nouveaux patrons en avant premi\u00e8re et en exclusivit\u00e9, deux indispensables de nuit que vous pourrez d\u00e9cliner \u00e0 l&rsquo;infini. Charme, douceur, s\u00e9duction et raffinement sont au RDV ! Vous allez \u00e9galement pouvoir d\u00e9couvrir un nouveau tuto in\u00e9dit pour cr\u00e9er l&rsquo;accessoire qui accompagnera vos siestes et moments de repos paisibles. <br>Tout est pens\u00e9 dans cette nouvelle box pour que vous accorder un moment de couture agr\u00e9able et prendre plaisir \u00e0 cr\u00e9er votre propre garde-robe de nuit !<\/p>\n\n\n\n<h2 class=\"wp-block-heading\">Voici le contenu de votre box couture surprise :<\/h2>\n\n\n\n<figure class=\"wp-block-image\"><img loading=\"lazy\" decoding=\"async\" width=\"1000\" height=\"708\" src=\"https:\/\/www.craftine.com\/blog\/wp-content\/uploads\/2020\/12\/FLYER_VERSO_FEVRIER_21.jpg\" alt=\"\" class=\"wp-image-4906\" srcset=\"https:\/\/wp.craftine.cargo-webproject.com\/wp-content\/uploads\/2020\/12\/FLYER_VERSO_FEVRIER_21.jpg 1000w, https:\/\/wp.craftine.cargo-webproject.com\/wp-content\/uploads\/2020\/12\/FLYER_VERSO_FEVRIER_21-300x212.jpg 300w, https:\/\/wp.craftine.cargo-webproject.com\/wp-content\/uploads\/2020\/12\/FLYER_VERSO_FEVRIER_21-768x544.jpg 768w, https:\/\/wp.craftine.cargo-webproject.com\/wp-content\/uploads\/2020\/12\/FLYER_VERSO_FEVRIER_21-100x70.jpg 100w, https:\/\/wp.craftine.cargo-webproject.com\/wp-content\/uploads\/2020\/12\/FLYER_VERSO_FEVRIER_21-696x493.jpg 696w, https:\/\/wp.craftine.cargo-webproject.com\/wp-content\/uploads\/2020\/12\/FLYER_VERSO_FEVRIER_21-593x420.jpg 593w\" sizes=\"auto, (max-width: 1000px) 100vw, 1000px\" \/><\/figure>\n\n\n\n<p>Un motif v\u00e9g\u00e9tal, fleuri, botanique onirique avec des couleurs douces et pastels qui nous berce de romantisme. Id\u00e9al pour la r\u00e9alisation de v\u00eatements de nuits mais pas que ! Ce joli motif sera \u00e9galement parfait par exemple pour une blouse.<\/p>\n\n\n\n<h2 class=\"wp-block-heading\">Nos propositions avec ce contenu <\/h2>\n\n\n\n<p>Ce mois-ci, d\u00e9couvrez en exclusivit\u00e9 nos deux nouveaux patrons couture mode femme : La <strong>nuisette Camomille<\/strong> et l&rsquo;<strong>ensemble Verveine<\/strong>.<\/p>\n\n\n\n<figure class=\"wp-block-image\"><img loading=\"lazy\" decoding=\"async\" width=\"1000\" height=\"713\" src=\"https:\/\/www.craftine.com\/blog\/wp-content\/uploads\/2020\/12\/FLYER_RECTO_FEVRIER-21.jpg\" alt=\"\" class=\"wp-image-4905\" srcset=\"https:\/\/wp.craftine.cargo-webproject.com\/wp-content\/uploads\/2020\/12\/FLYER_RECTO_FEVRIER-21.jpg 1000w, https:\/\/wp.craftine.cargo-webproject.com\/wp-content\/uploads\/2020\/12\/FLYER_RECTO_FEVRIER-21-300x214.jpg 300w, https:\/\/wp.craftine.cargo-webproject.com\/wp-content\/uploads\/2020\/12\/FLYER_RECTO_FEVRIER-21-768x548.jpg 768w, https:\/\/wp.craftine.cargo-webproject.com\/wp-content\/uploads\/2020\/12\/FLYER_RECTO_FEVRIER-21-100x70.jpg 100w, https:\/\/wp.craftine.cargo-webproject.com\/wp-content\/uploads\/2020\/12\/FLYER_RECTO_FEVRIER-21-696x496.jpg 696w, https:\/\/wp.craftine.cargo-webproject.com\/wp-content\/uploads\/2020\/12\/FLYER_RECTO_FEVRIER-21-589x420.jpg 589w\" sizes=\"auto, (max-width: 1000px) 100vw, 1000px\" \/><\/figure>\n\n\n\n<h3 class=\"wp-block-heading\">Suggestion #1 : Crazy in love<\/h3>\n\n\n\n<p>La <strong>nuisette Camomille<\/strong> est la nuisette dont on est compl\u00e8tement crazy ! Elle poss\u00e8de de nombreux d\u00e9tails qui font toute la diff\u00e9rence : fines bretelles, d\u00e9collet\u00e9 V f\u00e9minin, volants tout en \u00e9l\u00e9gance et arrondi sur le bas des c\u00f4t\u00e9s qui d\u00e9voile subtilement les jambes.<\/p>\n\n\n\n<figure class=\"wp-block-image\"><img loading=\"lazy\" decoding=\"async\" width=\"1024\" height=\"819\" src=\"https:\/\/www.craftine.com\/blog\/wp-content\/uploads\/2020\/11\/202102_visuels_blog-02-1024x819.jpg\" alt=\"\" class=\"wp-image-4752\" srcset=\"https:\/\/wp.craftine.cargo-webproject.com\/wp-content\/uploads\/2020\/11\/202102_visuels_blog-02-1024x819.jpg 1024w, https:\/\/wp.craftine.cargo-webproject.com\/wp-content\/uploads\/2020\/11\/202102_visuels_blog-02-300x240.jpg 300w, https:\/\/wp.craftine.cargo-webproject.com\/wp-content\/uploads\/2020\/11\/202102_visuels_blog-02-768x615.jpg 768w, https:\/\/wp.craftine.cargo-webproject.com\/wp-content\/uploads\/2020\/11\/202102_visuels_blog-02-696x557.jpg 696w, https:\/\/wp.craftine.cargo-webproject.com\/wp-content\/uploads\/2020\/11\/202102_visuels_blog-02-1068x855.jpg 1068w, https:\/\/wp.craftine.cargo-webproject.com\/wp-content\/uploads\/2020\/11\/202102_visuels_blog-02-525x420.jpg 525w, https:\/\/wp.craftine.cargo-webproject.com\/wp-content\/uploads\/2020\/11\/202102_visuels_blog-02-1920x1537.jpg 1920w\" sizes=\"auto, (max-width: 1024px) 100vw, 1024px\" \/><figcaption> <em>La nuisette Camomille &#8211; Craftine Patrons<\/em> <\/figcaption><\/figure>\n\n\n\n<p class=\"has-drop-cap\">Conseil style :  A porter avec des chaussons satin\u00e9s, la nuisette Camomille assurera une silhouette pleine de charme, un brin sexy avec de vrais atouts de s\u00e9duction pour un plaisir infini\u2026<\/p>\n\n\n\n<h3 class=\"wp-block-heading\">Suggestion #2 : Sweet dreams<\/h3>\n\n\n\n<p>L\u2019<strong>ensemble Verveine<\/strong> compos\u00e9 d\u2019un top \u00e0 fines bretelles et d\u2019un short \u00e9lastiqu\u00e9, est l\u2019ensemble de nuit indispensable pour faire de beaux r\u00eaves ! Avec ses adorables et d\u00e9licats volants, ses formes arrondies dans le bas, cet ensemble met en valeur les courbes f\u00e9minines pour un charme absolu.<\/p>\n\n\n\n<figure class=\"wp-block-image\"><img loading=\"lazy\" decoding=\"async\" width=\"1024\" height=\"819\" src=\"https:\/\/www.craftine.com\/blog\/wp-content\/uploads\/2020\/11\/202102_visuels_blog-01-1024x819.jpg\" alt=\"\" class=\"wp-image-4754\" srcset=\"https:\/\/wp.craftine.cargo-webproject.com\/wp-content\/uploads\/2020\/11\/202102_visuels_blog-01-1024x819.jpg 1024w, https:\/\/wp.craftine.cargo-webproject.com\/wp-content\/uploads\/2020\/11\/202102_visuels_blog-01-300x240.jpg 300w, https:\/\/wp.craftine.cargo-webproject.com\/wp-content\/uploads\/2020\/11\/202102_visuels_blog-01-768x615.jpg 768w, https:\/\/wp.craftine.cargo-webproject.com\/wp-content\/uploads\/2020\/11\/202102_visuels_blog-01-696x557.jpg 696w, https:\/\/wp.craftine.cargo-webproject.com\/wp-content\/uploads\/2020\/11\/202102_visuels_blog-01-1068x855.jpg 1068w, https:\/\/wp.craftine.cargo-webproject.com\/wp-content\/uploads\/2020\/11\/202102_visuels_blog-01-525x420.jpg 525w, https:\/\/wp.craftine.cargo-webproject.com\/wp-content\/uploads\/2020\/11\/202102_visuels_blog-01-1920x1537.jpg 1920w\" sizes=\"auto, (max-width: 1024px) 100vw, 1024px\" \/><figcaption> <em>L&rsquo;ensemble Verveine &#8211; Craftine Patrons<\/em><\/figcaption><\/figure>\n\n\n\n<p>Conseil style : A porter la nuit mais aussi le jour pour cocooner sous un maxi gilet en maille. Voici une tenue ultra f\u00e9minine et confortable pour r\u00eaver et s\u2019\u00e9vader\u2026<\/p>\n\n\n\n<h2 class=\"wp-block-heading\">En exclusivit\u00e9 : Tuto du masque Nighty<\/h2>\n\n\n\n<figure class=\"wp-block-image\"><img loading=\"lazy\" decoding=\"async\" width=\"1000\" height=\"686\" src=\"https:\/\/www.craftine.com\/blog\/wp-content\/uploads\/2021\/02\/20201017_102318c.jpg\" alt=\"\" class=\"wp-image-4909\" srcset=\"https:\/\/wp.craftine.cargo-webproject.com\/wp-content\/uploads\/2021\/02\/20201017_102318c.jpg 1000w, https:\/\/wp.craftine.cargo-webproject.com\/wp-content\/uploads\/2021\/02\/20201017_102318c-300x206.jpg 300w, https:\/\/wp.craftine.cargo-webproject.com\/wp-content\/uploads\/2021\/02\/20201017_102318c-768x527.jpg 768w, https:\/\/wp.craftine.cargo-webproject.com\/wp-content\/uploads\/2021\/02\/20201017_102318c-100x70.jpg 100w, https:\/\/wp.craftine.cargo-webproject.com\/wp-content\/uploads\/2021\/02\/20201017_102318c-218x150.jpg 218w, https:\/\/wp.craftine.cargo-webproject.com\/wp-content\/uploads\/2021\/02\/20201017_102318c-696x477.jpg 696w, https:\/\/wp.craftine.cargo-webproject.com\/wp-content\/uploads\/2021\/02\/20201017_102318c-612x420.jpg 612w\" sizes=\"auto, (max-width: 1000px) 100vw, 1000px\" \/><figcaption> <em> Le masque Nighty \u2013 Fiche tuto patron et pas \u00e0 pas en images<\/em> <\/figcaption><\/figure>\n\n\n\n<div class=\"wp-block-media-text has-media-on-the-right\"><figure class=\"wp-block-media-text__media\"><img loading=\"lazy\" decoding=\"async\" width=\"683\" height=\"1024\" src=\"https:\/\/www.craftine.com\/blog\/wp-content\/uploads\/2020\/11\/AMB_CraftineF\u00e9vrier2020-0185_taille_petit-683x1024.jpg\" alt=\"\" class=\"wp-image-4764\" srcset=\"https:\/\/wp.craftine.cargo-webproject.com\/wp-content\/uploads\/2020\/11\/AMB_CraftineF\u00e9vrier2020-0185_taille_petit-683x1024.jpg 683w, https:\/\/wp.craftine.cargo-webproject.com\/wp-content\/uploads\/2020\/11\/AMB_CraftineF\u00e9vrier2020-0185_taille_petit-200x300.jpg 200w, https:\/\/wp.craftine.cargo-webproject.com\/wp-content\/uploads\/2020\/11\/AMB_CraftineF\u00e9vrier2020-0185_taille_petit-768x1152.jpg 768w, https:\/\/wp.craftine.cargo-webproject.com\/wp-content\/uploads\/2020\/11\/AMB_CraftineF\u00e9vrier2020-0185_taille_petit-696x1044.jpg 696w, https:\/\/wp.craftine.cargo-webproject.com\/wp-content\/uploads\/2020\/11\/AMB_CraftineF\u00e9vrier2020-0185_taille_petit-1068x1602.jpg 1068w, https:\/\/wp.craftine.cargo-webproject.com\/wp-content\/uploads\/2020\/11\/AMB_CraftineF\u00e9vrier2020-0185_taille_petit-280x420.jpg 280w, https:\/\/wp.craftine.cargo-webproject.com\/wp-content\/uploads\/2020\/11\/AMB_CraftineF\u00e9vrier2020-0185_taille_petit-1920x2880.jpg 1920w\" sizes=\"auto, (max-width: 683px) 100vw, 683px\" \/><\/figure><div class=\"wp-block-media-text__content\">\n<p class=\"has-regular-font-size\">Le masque de nuit est l\u2019accessoire indispensable pour se couper de la lumi\u00e8re, faire la sieste ou encore pour reposer ses yeux. Il permet d\u2019am\u00e9liorer la qualit\u00e9 de son sommeil tout en beaut\u00e9 !<\/p>\n<\/div><\/div>\n\n\n\n<h2 class=\"wp-block-heading\">Mes avantages fid\u00e9lit\u00e9 abonn\u00e9e box <\/h2>\n\n\n\n<figure class=\"wp-block-image\"><img loading=\"lazy\" decoding=\"async\" width=\"1000\" height=\"711\" src=\"https:\/\/www.craftine.com\/blog\/wp-content\/uploads\/2020\/11\/FLYER_VERSO_FEVRIER_2021_PLUS_TISSUS.jpg\" alt=\"\" class=\"wp-image-4766\" srcset=\"https:\/\/wp.craftine.cargo-webproject.com\/wp-content\/uploads\/2020\/11\/FLYER_VERSO_FEVRIER_2021_PLUS_TISSUS.jpg 1000w, https:\/\/wp.craftine.cargo-webproject.com\/wp-content\/uploads\/2020\/11\/FLYER_VERSO_FEVRIER_2021_PLUS_TISSUS-300x213.jpg 300w, https:\/\/wp.craftine.cargo-webproject.com\/wp-content\/uploads\/2020\/11\/FLYER_VERSO_FEVRIER_2021_PLUS_TISSUS-768x546.jpg 768w, https:\/\/wp.craftine.cargo-webproject.com\/wp-content\/uploads\/2020\/11\/FLYER_VERSO_FEVRIER_2021_PLUS_TISSUS-100x70.jpg 100w, https:\/\/wp.craftine.cargo-webproject.com\/wp-content\/uploads\/2020\/11\/FLYER_VERSO_FEVRIER_2021_PLUS_TISSUS-696x495.jpg 696w, https:\/\/wp.craftine.cargo-webproject.com\/wp-content\/uploads\/2020\/11\/FLYER_VERSO_FEVRIER_2021_PLUS_TISSUS-591x420.jpg 591w\" sizes=\"auto, (max-width: 1000px) 100vw, 1000px\" \/><figcaption> <em>Programme de fid\u00e9lit\u00e9 &#8211; Craftine Box<\/em> <\/figcaption><\/figure>\n\n\n\n<h2 class=\"wp-block-heading\">Ma s\u00e9lection de tissus du mois \u00e0 -50%<\/h2>\n\n\n\n<p>Impossible de faire un choix entre les deux patrons ? Vous voulez coudre les 2 ? Ou les d\u00e9cliner dans d&rsquo;autres coloris ? Alors faites vous plaisir avec notre s\u00e9lection de tissus \u00e0 prix co\u00fbtant :  <a href=\"https:\/\/www.craftine.com\/vp2102\">https:\/\/www.craftine.com\/vp2102<\/a><br>Si votre abonnement est <strong>actif<\/strong> et que vous vous connectez avec votre compte Craftine Shop, <strong>une remise de 50% va \u00eatre appliqu\u00e9e automatiquement<\/strong> \u00e0 tous les tissus de la s\u00e9lection. Si vous n&rsquo;avez pas encore de compte Craftine Shop, <a href=\"https:\/\/www.craftine.com\/customer\/account\/login\/\">cr\u00e9ez-en<\/a> un avec le m\u00eame email que celui utilis\u00e9 pour Craftine Box. <\/p>\n\n\n\n<figure class=\"wp-block-image\"><img loading=\"lazy\" decoding=\"async\" width=\"1000\" height=\"711\" src=\"https:\/\/www.craftine.com\/blog\/wp-content\/uploads\/2021\/02\/FLYER_RECTO_FEVRIER_2021_PLUS_TISSUS.jpg\" alt=\"\" class=\"wp-image-4907\" srcset=\"https:\/\/wp.craftine.cargo-webproject.com\/wp-content\/uploads\/2021\/02\/FLYER_RECTO_FEVRIER_2021_PLUS_TISSUS.jpg 1000w, https:\/\/wp.craftine.cargo-webproject.com\/wp-content\/uploads\/2021\/02\/FLYER_RECTO_FEVRIER_2021_PLUS_TISSUS-300x213.jpg 300w, https:\/\/wp.craftine.cargo-webproject.com\/wp-content\/uploads\/2021\/02\/FLYER_RECTO_FEVRIER_2021_PLUS_TISSUS-768x546.jpg 768w, https:\/\/wp.craftine.cargo-webproject.com\/wp-content\/uploads\/2021\/02\/FLYER_RECTO_FEVRIER_2021_PLUS_TISSUS-100x70.jpg 100w, https:\/\/wp.craftine.cargo-webproject.com\/wp-content\/uploads\/2021\/02\/FLYER_RECTO_FEVRIER_2021_PLUS_TISSUS-696x495.jpg 696w, https:\/\/wp.craftine.cargo-webproject.com\/wp-content\/uploads\/2021\/02\/FLYER_RECTO_FEVRIER_2021_PLUS_TISSUS-591x420.jpg 591w\" sizes=\"auto, (max-width: 1000px) 100vw, 1000px\" \/><figcaption> <em>Ma s\u00e9lection de tissus \u00e0 -50% &#8211; Craftine Shop<\/em> <\/figcaption><\/figure>\n\n\n\n<h2 class=\"wp-block-heading\">Rappel : O\u00f9 trouver les patrons et les cahiers des instructions ? <\/h2>\n\n\n\n<p>Nous vous rappelons que nos <strong>patrons<\/strong>&nbsp;sont disponibles de la taille&nbsp;<strong>34 \u00e0 48<\/strong>&nbsp;en<strong>&nbsp;version PDF<\/strong>&nbsp;et&nbsp;<strong>version papier<\/strong>&nbsp;inclus dans votre box si vous avez opt\u00e9 pour cette option.&nbsp;<br>Les&nbsp;<strong>instructions de montage<\/strong>&nbsp;ainsi que les patrons PDF sont disponibles via le lien de t\u00e9l\u00e9chargement qui se trouve sur le flyer gliss\u00e9 dans votre box. Saisissez ce lien directement dans la barre d\u2019adresse de votre navigateur. Pour y acc\u00e9der plus facilement, vous pouvez \u00e9galement cliquer directement&nbsp;<a rel=\"noreferrer noopener\" href=\"https:\/\/www.craftine.com\/mon-patron\" target=\"_blank\">ici<\/a>. Il vous suffit ensuite de renseigner votre code confidentiel inscrit sur votre flyer. Vous pourrez alors r\u00e9cup\u00e9rer les fichiers.<\/p>\n\n\n\n<ul class=\"wp-block-gallery columns-2 is-cropped wp-block-gallery-2 is-layout-flex wp-block-gallery-is-layout-flex\"><li class=\"blocks-gallery-item\"><figure><img loading=\"lazy\" decoding=\"async\" width=\"800\" height=\"621\" src=\"https:\/\/www.craftine.com\/blog\/wp-content\/uploads\/2019\/12\/patrons-couture-tendance.jpg\" alt=\"\" data-id=\"4551\" data-link=\"https:\/\/www.craftine.com\/blog\/craftine-la-box-hiver-chic-est-arrivee\/patrons-couture-tendance\/\" class=\"wp-image-4551\" srcset=\"https:\/\/wp.craftine.cargo-webproject.com\/wp-content\/uploads\/2019\/12\/patrons-couture-tendance.jpg 800w, https:\/\/wp.craftine.cargo-webproject.com\/wp-content\/uploads\/2019\/12\/patrons-couture-tendance-300x233.jpg 300w, https:\/\/wp.craftine.cargo-webproject.com\/wp-content\/uploads\/2019\/12\/patrons-couture-tendance-768x596.jpg 768w, https:\/\/wp.craftine.cargo-webproject.com\/wp-content\/uploads\/2019\/12\/patrons-couture-tendance-696x540.jpg 696w, https:\/\/wp.craftine.cargo-webproject.com\/wp-content\/uploads\/2019\/12\/patrons-couture-tendance-541x420.jpg 541w\" sizes=\"auto, (max-width: 800px) 100vw, 800px\" \/><figcaption>Patrons PDF ou papier<\/figcaption><\/figure><\/li><li class=\"blocks-gallery-item\"><figure><img loading=\"lazy\" decoding=\"async\" width=\"800\" height=\"621\" src=\"https:\/\/www.craftine.com\/blog\/wp-content\/uploads\/2019\/12\/gamme-de-montage-detaillee.jpg\" alt=\"\" data-id=\"4550\" data-link=\"https:\/\/www.craftine.com\/blog\/craftine-la-box-hiver-chic-est-arrivee\/gamme-de-montage-detaillee\/\" class=\"wp-image-4550\" srcset=\"https:\/\/wp.craftine.cargo-webproject.com\/wp-content\/uploads\/2019\/12\/gamme-de-montage-detaillee.jpg 800w, https:\/\/wp.craftine.cargo-webproject.com\/wp-content\/uploads\/2019\/12\/gamme-de-montage-detaillee-300x233.jpg 300w, https:\/\/wp.craftine.cargo-webproject.com\/wp-content\/uploads\/2019\/12\/gamme-de-montage-detaillee-768x596.jpg 768w, https:\/\/wp.craftine.cargo-webproject.com\/wp-content\/uploads\/2019\/12\/gamme-de-montage-detaillee-696x540.jpg 696w, https:\/\/wp.craftine.cargo-webproject.com\/wp-content\/uploads\/2019\/12\/gamme-de-montage-detaillee-541x420.jpg 541w\" sizes=\"auto, (max-width: 800px) 100vw, 800px\" \/><figcaption>Gammes de montage d\u00e9taill\u00e9es<\/figcaption><\/figure><\/li><\/ul>\n\n\n\n<h2 class=\"wp-block-heading\">Vous souhaitez vous aussi rejoindre notre communaut\u00e9 d\u2019abonn\u00e9es et profiter d&rsquo;avantages fid\u00e9lit\u00e9 ?<\/h2>\n\n\n\n<p>Pour recevoir la <strong>Craftine Box<\/strong>, inscrivez-vous :&nbsp;<strong><a href=\"https:\/\/box.craftine.com\/\">ici<\/a><\/strong>.<br>Pour d\u00e9couvrir nos tissus, rubans, mercerie, patrons couture, visitez notre&nbsp;<strong><a href=\"https:\/\/www.craftine.com\/\">mercerie en ligne<\/a><\/strong>.   <\/p>\n","protected":false},"excerpt":{"rendered":"<p>En cette fin d&rsquo;hiver, on est bien \u00e0 se pr\u00e9lasser chez soi, \u00e0 fl\u00e2ner au lit et rester au chaud en attente des jours plus doux. C&rsquo;est pourquoi, nous vous avons concoct\u00e9 pour la premi\u00e8re fois, une box in\u00e9dite pour vous cr\u00e9er une tenue \u00e0 porter chez soi ! Se pr\u00e9lasser chez soi oui mais [&hellip;]<\/p>\n","protected":false},"author":5,"featured_media":4769,"comment_status":"open","ping_status":"open","sticky":false,"template":"","format":"standard","meta":{"footnotes":""},"categories":[17],"tags":[],"class_list":{"0":"post-4742","1":"post","2":"type-post","3":"status-publish","4":"format-standard","5":"has-post-thumbnail","7":"category-box"},"_links":{"self":[{"href":"https:\/\/wp.craftine.cargo-webproject.com\/wp-json\/wp\/v2\/posts\/4742","targetHints":{"allow":["GET"]}}],"collection":[{"href":"https:\/\/wp.craftine.cargo-webproject.com\/wp-json\/wp\/v2\/posts"}],"about":[{"href":"https:\/\/wp.craftine.cargo-webproject.com\/wp-json\/wp\/v2\/types\/post"}],"author":[{"embeddable":true,"href":"https:\/\/wp.craftine.cargo-webproject.com\/wp-json\/wp\/v2\/users\/5"}],"replies":[{"embeddable":true,"href":"https:\/\/wp.craftine.cargo-webproject.com\/wp-json\/wp\/v2\/comments?post=4742"}],"version-history":[{"count":22,"href":"https:\/\/wp.craftine.cargo-webproject.com\/wp-json\/wp\/v2\/posts\/4742\/revisions"}],"predecessor-version":[{"id":4910,"href":"https:\/\/wp.craftine.cargo-webproject.com\/wp-json\/wp\/v2\/posts\/4742\/revisions\/4910"}],"wp:featuredmedia":[{"embeddable":true,"href":"https:\/\/wp.craftine.cargo-webproject.com\/wp-json\/wp\/v2\/media\/4769"}],"wp:attachment":[{"href":"https:\/\/wp.craftine.cargo-webproject.com\/wp-json\/wp\/v2\/media?parent=4742"}],"wp:term":[{"taxonomy":"category","embeddable":true,"href":"https:\/\/wp.craftine.cargo-webproject.com\/wp-json\/wp\/v2\/categories?post=4742"},{"taxonomy":"post_tag","embeddable":true,"href":"https:\/\/wp.craftine.cargo-webproject.com\/wp-json\/wp\/v2\/tags?post=4742"}],"curies":[{"name":"wp","href":"https:\/\/api.w.org\/{rel}","templated":true}]}}