{"id":4913,"date":"2021-04-22T11:41:30","date_gmt":"2021-04-22T09:41:30","guid":{"rendered":"https:\/\/www.craftine.com\/blog\/?p=4913"},"modified":"2021-10-05T10:26:41","modified_gmt":"2021-10-05T08:26:41","slug":"la-craftine-box-de-printemps-2021-est-arrivee","status":"publish","type":"post","link":"https:\/\/wp.craftine.cargo-webproject.com\/la-craftine-box-de-printemps-2021-est-arrivee\/","title":{"rendered":"Craftine Box : la box de printemps est arriv\u00e9e !"},"content":{"rendered":"\n<p>Le printemps commence \u00e0 s&rsquo;installer doucement et cela donne la p\u00eache, de l&rsquo;\u00e9nergie et de l&rsquo;entrain. Au placard, la garde robe d&rsquo;hiver, on a envie de faire rosir nos gambettes et nos bras ! Il est tant de se pr\u00e9parer de nouvelles tenues l\u00e9g\u00e8res et color\u00e9es ! C&rsquo;est pourquoi, nous vous avons pr\u00e9par\u00e9 une nouvelle box explosive, un vrai cocktail vitamin\u00e9 avec de belles mati\u00e8res agr\u00e9ables \u00e0 porter et un joli imprim\u00e9 frais et gai. <br>Elle s&rsquo;accompagne aussi de deux nouveaux patrons en avant premi\u00e8re et en exclusivit\u00e9, deux pi\u00e8ces pens\u00e9es pour le printemps avec de jolis d\u00e9tails raffin\u00e9s. Audace, \u00e9l\u00e9gance, sport-chic seront au RDV ! Vous allez \u00e9galement pouvoir cr\u00e9er un accessoire \u00e0 utiliser de multiples fa\u00e7ons et qui s\u2019adaptera \u00e0 toutes vos envies ! <br>Voici donc une box qui va vous permettre de cr\u00e9er vos v\u00eatements de printemps sur-mesure et d&rsquo;ajouter du soleil \u00e0 votre dressing !<\/p>\n\n\n\n<h2 class=\"wp-block-heading\">Voici le contenu de votre box couture surprise :<\/h2>\n\n\n\n<figure class=\"wp-block-image\"><img loading=\"lazy\" decoding=\"async\" width=\"1000\" height=\"710\" src=\"https:\/\/www.craftine.com\/blog\/wp-content\/uploads\/2021\/04\/FLYER_VERSO_AVRIL_21_v3.jpg\" alt=\"\" class=\"wp-image-4914\" srcset=\"https:\/\/wp.craftine.cargo-webproject.com\/wp-content\/uploads\/2021\/04\/FLYER_VERSO_AVRIL_21_v3.jpg 1000w, https:\/\/wp.craftine.cargo-webproject.com\/wp-content\/uploads\/2021\/04\/FLYER_VERSO_AVRIL_21_v3-300x213.jpg 300w, https:\/\/wp.craftine.cargo-webproject.com\/wp-content\/uploads\/2021\/04\/FLYER_VERSO_AVRIL_21_v3-768x545.jpg 768w, https:\/\/wp.craftine.cargo-webproject.com\/wp-content\/uploads\/2021\/04\/FLYER_VERSO_AVRIL_21_v3-100x70.jpg 100w, https:\/\/wp.craftine.cargo-webproject.com\/wp-content\/uploads\/2021\/04\/FLYER_VERSO_AVRIL_21_v3-696x494.jpg 696w, https:\/\/wp.craftine.cargo-webproject.com\/wp-content\/uploads\/2021\/04\/FLYER_VERSO_AVRIL_21_v3-592x420.jpg 592w\" sizes=\"auto, (max-width: 1000px) 100vw, 1000px\" \/><\/figure>\n\n\n\n<p>Un tissu lin viscose m\u00e9lang\u00e9, souple et doux, avec un joli tomb\u00e9 et tr\u00e8s agr\u00e9able \u00e0 porter. Sa couleur past\u00e8que tr\u00e8s tendance cette saison nous fait craquer : un coloris parfait pour faire ressortir un teint h\u00e2l\u00e9.<\/p>\n\n\n\n<h2 class=\"wp-block-heading\">Nos propositions avec ce contenu <\/h2>\n\n\n\n<p>Ce mois-ci, d\u00e9couvrez en exclusivit\u00e9 nos deux nouveaux patrons couture mode femme : Le <strong>short Pomme<\/strong> et le <strong>top Pamplemousse<\/strong>.<\/p>\n\n\n\n<figure class=\"wp-block-image\"><img loading=\"lazy\" decoding=\"async\" width=\"1000\" height=\"711\" src=\"https:\/\/www.craftine.com\/blog\/wp-content\/uploads\/2021\/04\/FLYER_RECTO_AVRIL-21.jpg\" alt=\"\" class=\"wp-image-4915\" srcset=\"https:\/\/wp.craftine.cargo-webproject.com\/wp-content\/uploads\/2021\/04\/FLYER_RECTO_AVRIL-21.jpg 1000w, https:\/\/wp.craftine.cargo-webproject.com\/wp-content\/uploads\/2021\/04\/FLYER_RECTO_AVRIL-21-300x213.jpg 300w, https:\/\/wp.craftine.cargo-webproject.com\/wp-content\/uploads\/2021\/04\/FLYER_RECTO_AVRIL-21-768x546.jpg 768w, https:\/\/wp.craftine.cargo-webproject.com\/wp-content\/uploads\/2021\/04\/FLYER_RECTO_AVRIL-21-100x70.jpg 100w, https:\/\/wp.craftine.cargo-webproject.com\/wp-content\/uploads\/2021\/04\/FLYER_RECTO_AVRIL-21-696x495.jpg 696w, https:\/\/wp.craftine.cargo-webproject.com\/wp-content\/uploads\/2021\/04\/FLYER_RECTO_AVRIL-21-591x420.jpg 591w\" sizes=\"auto, (max-width: 1000px) 100vw, 1000px\" \/><\/figure>\n\n\n\n<h3 class=\"wp-block-heading\">Suggestion #1 : Oiseau de paradis<\/h3>\n\n\n\n<p>Le <strong>short Pomme<\/strong> est l\u2019indispensable du dressing printanier ! Tel un oiseau de paradis, ce short \u00e9l\u00e9gant et ornemental habillera les silhouettes d\u2019un style audacieux et color\u00e9. Plis plats, poches italiennes et volants raffin\u00e9s, de jolis d\u00e9tails pour parfaire sa coupe droite. <\/p>\n\n\n\n<figure class=\"wp-block-image\"><img loading=\"lazy\" decoding=\"async\" width=\"1000\" height=\"800\" src=\"https:\/\/www.craftine.com\/blog\/wp-content\/uploads\/2021\/04\/202104_VISUELS-05.jpg\" alt=\"\" class=\"wp-image-4919\" srcset=\"https:\/\/wp.craftine.cargo-webproject.com\/wp-content\/uploads\/2021\/04\/202104_VISUELS-05.jpg 1000w, https:\/\/wp.craftine.cargo-webproject.com\/wp-content\/uploads\/2021\/04\/202104_VISUELS-05-300x240.jpg 300w, https:\/\/wp.craftine.cargo-webproject.com\/wp-content\/uploads\/2021\/04\/202104_VISUELS-05-768x614.jpg 768w, https:\/\/wp.craftine.cargo-webproject.com\/wp-content\/uploads\/2021\/04\/202104_VISUELS-05-696x557.jpg 696w, https:\/\/wp.craftine.cargo-webproject.com\/wp-content\/uploads\/2021\/04\/202104_VISUELS-05-525x420.jpg 525w\" sizes=\"auto, (max-width: 1000px) 100vw, 1000px\" \/><figcaption> <em>Le short Pomme &#8211; Craftine Patrons <\/em> <\/figcaption><\/figure>\n\n\n\n<p class=\"has-drop-cap\">Conseil style :  A porter avec un top en broderie ou dentelle, des baskets et la ceinture-foulard Foulcy \u00e0 la taille pour une silhouette sport-chic irr\u00e9sistible.<\/p>\n\n\n\n<h3 class=\"wp-block-heading\">Suggestion #2 : Cocktail vitamin\u00e9<\/h3>\n\n\n\n<p>Le <strong>top Pamplemousse<\/strong> est un petit bijou. Il fait entrer le soleil dans le dressing avec ses volants \u00e0 en faire tourner la t\u00eate et son d\u00e9collet\u00e9 dos boutonn\u00e9 si raffin\u00e9. C\u2019est un v\u00e9ritable cocktail vitamin\u00e9 ! <\/p>\n\n\n\n<figure class=\"wp-block-image\"><img loading=\"lazy\" decoding=\"async\" width=\"1000\" height=\"800\" src=\"https:\/\/www.craftine.com\/blog\/wp-content\/uploads\/2021\/04\/202104_VISUELS-04.jpg\" alt=\"\" class=\"wp-image-4918\" srcset=\"https:\/\/wp.craftine.cargo-webproject.com\/wp-content\/uploads\/2021\/04\/202104_VISUELS-04.jpg 1000w, https:\/\/wp.craftine.cargo-webproject.com\/wp-content\/uploads\/2021\/04\/202104_VISUELS-04-300x240.jpg 300w, https:\/\/wp.craftine.cargo-webproject.com\/wp-content\/uploads\/2021\/04\/202104_VISUELS-04-768x614.jpg 768w, https:\/\/wp.craftine.cargo-webproject.com\/wp-content\/uploads\/2021\/04\/202104_VISUELS-04-696x557.jpg 696w, https:\/\/wp.craftine.cargo-webproject.com\/wp-content\/uploads\/2021\/04\/202104_VISUELS-04-525x420.jpg 525w\" sizes=\"auto, (max-width: 1000px) 100vw, 1000px\" \/><figcaption> <em>Le top Pamplemousse &#8211; Craftine Patrons <\/em> <\/figcaption><\/figure>\n\n\n\n<p>Conseil style : A porter avec un jean clair, des sandales \u00e0 talons, sans oublier le maxi chapeau de paille orn\u00e9 de la ceinture-foulard Foulcy. C\u2019est une tenue dont on ne pourra plus se passer !<\/p>\n\n\n\n<h2 class=\"wp-block-heading\">En exclusivit\u00e9 : Tuto de la ceinture-foulard Foulcy<\/h2>\n\n\n\n<figure class=\"wp-block-image\"><img loading=\"lazy\" decoding=\"async\" width=\"1024\" height=\"768\" src=\"https:\/\/www.craftine.com\/blog\/wp-content\/uploads\/2021\/04\/20210413_150127c-1024x768.jpg\" alt=\"\" class=\"wp-image-4936\" srcset=\"https:\/\/wp.craftine.cargo-webproject.com\/wp-content\/uploads\/2021\/04\/20210413_150127c-1024x768.jpg 1024w, https:\/\/wp.craftine.cargo-webproject.com\/wp-content\/uploads\/2021\/04\/20210413_150127c-300x225.jpg 300w, https:\/\/wp.craftine.cargo-webproject.com\/wp-content\/uploads\/2021\/04\/20210413_150127c-768x576.jpg 768w, https:\/\/wp.craftine.cargo-webproject.com\/wp-content\/uploads\/2021\/04\/20210413_150127c-80x60.jpg 80w, https:\/\/wp.craftine.cargo-webproject.com\/wp-content\/uploads\/2021\/04\/20210413_150127c-265x198.jpg 265w, https:\/\/wp.craftine.cargo-webproject.com\/wp-content\/uploads\/2021\/04\/20210413_150127c-696x522.jpg 696w, https:\/\/wp.craftine.cargo-webproject.com\/wp-content\/uploads\/2021\/04\/20210413_150127c-1068x801.jpg 1068w, https:\/\/wp.craftine.cargo-webproject.com\/wp-content\/uploads\/2021\/04\/20210413_150127c-560x420.jpg 560w, https:\/\/wp.craftine.cargo-webproject.com\/wp-content\/uploads\/2021\/04\/20210413_150127c.jpg 1240w\" sizes=\"auto, (max-width: 1024px) 100vw, 1024px\" \/><figcaption> <em> La ceinture-foulard Foulcy \u2013 Fiche tuto patron et pas \u00e0 pas en images <\/em> <\/figcaption><\/figure>\n\n\n\n<div class=\"wp-block-media-text has-media-on-the-right\"><figure class=\"wp-block-media-text__media\"><img loading=\"lazy\" decoding=\"async\" width=\"683\" height=\"1024\" src=\"https:\/\/www.craftine.com\/blog\/wp-content\/uploads\/2021\/04\/AMB_AvrilJuin2021_0252_PAO_taille_petit-683x1024.jpg\" alt=\"\" class=\"wp-image-4921\" srcset=\"https:\/\/wp.craftine.cargo-webproject.com\/wp-content\/uploads\/2021\/04\/AMB_AvrilJuin2021_0252_PAO_taille_petit-683x1024.jpg 683w, https:\/\/wp.craftine.cargo-webproject.com\/wp-content\/uploads\/2021\/04\/AMB_AvrilJuin2021_0252_PAO_taille_petit-200x300.jpg 200w, https:\/\/wp.craftine.cargo-webproject.com\/wp-content\/uploads\/2021\/04\/AMB_AvrilJuin2021_0252_PAO_taille_petit-768x1152.jpg 768w, https:\/\/wp.craftine.cargo-webproject.com\/wp-content\/uploads\/2021\/04\/AMB_AvrilJuin2021_0252_PAO_taille_petit-696x1044.jpg 696w, https:\/\/wp.craftine.cargo-webproject.com\/wp-content\/uploads\/2021\/04\/AMB_AvrilJuin2021_0252_PAO_taille_petit-280x420.jpg 280w, https:\/\/wp.craftine.cargo-webproject.com\/wp-content\/uploads\/2021\/04\/AMB_AvrilJuin2021_0252_PAO_taille_petit.jpg 1000w\" sizes=\"auto, (max-width: 683px) 100vw, 683px\" \/><\/figure><div class=\"wp-block-media-text__content\">\n<p class=\"has-regular-font-size\">La ceinture-foulard Foulcy est la cr\u00e9ation hyper simple et rapide qui accessoirise avec style.<br>Nou\u00e9e dans les cheveux, autour d&rsquo;un chapeau, du poignet, pour m\u00e9tamorphoser un sac ou encore nou\u00e9e \u00e0 la taille, elle s\u2019adapte \u00e0 toutes vos envies ! Voici le tuto pas \u00e0 pas pour la confectionner en un tour de main.<\/p>\n<\/div><\/div>\n\n\n\n<h2 class=\"wp-block-heading\">Mes avantages fid\u00e9lit\u00e9 abonn\u00e9e box <\/h2>\n\n\n\n<figure class=\"wp-block-image\"><img loading=\"lazy\" decoding=\"async\" width=\"1000\" height=\"712\" src=\"https:\/\/www.craftine.com\/blog\/wp-content\/uploads\/2021\/04\/FLYER_VERSO_AVRIL_2021_PLUS_TISSUS.jpg\" alt=\"\" class=\"wp-image-4922\" srcset=\"https:\/\/wp.craftine.cargo-webproject.com\/wp-content\/uploads\/2021\/04\/FLYER_VERSO_AVRIL_2021_PLUS_TISSUS.jpg 1000w, https:\/\/wp.craftine.cargo-webproject.com\/wp-content\/uploads\/2021\/04\/FLYER_VERSO_AVRIL_2021_PLUS_TISSUS-300x214.jpg 300w, https:\/\/wp.craftine.cargo-webproject.com\/wp-content\/uploads\/2021\/04\/FLYER_VERSO_AVRIL_2021_PLUS_TISSUS-768x547.jpg 768w, https:\/\/wp.craftine.cargo-webproject.com\/wp-content\/uploads\/2021\/04\/FLYER_VERSO_AVRIL_2021_PLUS_TISSUS-100x70.jpg 100w, https:\/\/wp.craftine.cargo-webproject.com\/wp-content\/uploads\/2021\/04\/FLYER_VERSO_AVRIL_2021_PLUS_TISSUS-696x496.jpg 696w, https:\/\/wp.craftine.cargo-webproject.com\/wp-content\/uploads\/2021\/04\/FLYER_VERSO_AVRIL_2021_PLUS_TISSUS-590x420.jpg 590w\" sizes=\"auto, (max-width: 1000px) 100vw, 1000px\" \/><figcaption> <em>Programme de fid\u00e9lit\u00e9 &#8211; Craftine Box <\/em> <\/figcaption><\/figure>\n\n\n\n<h2 class=\"wp-block-heading\">Ma s\u00e9lection de tissus du mois \u00e0 -50%<\/h2>\n\n\n\n<p>Impossible de faire un choix entre les deux patrons ? Vous voulez coudre les 2 ? Ou les d\u00e9cliner dans d&rsquo;autres coloris ? Alors faites vous plaisir avec notre s\u00e9lection de tissus \u00e0 prix co\u00fbtant :  <a href=\"https:\/\/www.craftine.com\/vp2104\">https:\/\/www.craftine.com\/vp2104<\/a><br>Si votre abonnement est <strong>actif<\/strong> et que vous vous connectez avec votre compte Craftine Shop, <strong>une remise de 50% va \u00eatre appliqu\u00e9e automatiquement<\/strong> \u00e0 tous les tissus de la s\u00e9lection. Si vous n&rsquo;avez pas encore de compte Craftine Shop, <a href=\"https:\/\/www.craftine.com\/customer\/account\/login\/\">cr\u00e9ez-en<\/a> un avec le m\u00eame email que celui utilis\u00e9 pour Craftine Box. <\/p>\n\n\n\n<figure class=\"wp-block-image\"><img loading=\"lazy\" decoding=\"async\" width=\"1024\" height=\"729\" src=\"https:\/\/www.craftine.com\/blog\/wp-content\/uploads\/2021\/04\/FLYER_RECTO_AVRIL_2021_PLUS_TISSUS_V2-1024x729.jpg\" alt=\"\" class=\"wp-image-4924\" srcset=\"https:\/\/wp.craftine.cargo-webproject.com\/wp-content\/uploads\/2021\/04\/FLYER_RECTO_AVRIL_2021_PLUS_TISSUS_V2-1024x729.jpg 1024w, https:\/\/wp.craftine.cargo-webproject.com\/wp-content\/uploads\/2021\/04\/FLYER_RECTO_AVRIL_2021_PLUS_TISSUS_V2-300x213.jpg 300w, https:\/\/wp.craftine.cargo-webproject.com\/wp-content\/uploads\/2021\/04\/FLYER_RECTO_AVRIL_2021_PLUS_TISSUS_V2-768x546.jpg 768w, https:\/\/wp.craftine.cargo-webproject.com\/wp-content\/uploads\/2021\/04\/FLYER_RECTO_AVRIL_2021_PLUS_TISSUS_V2-100x70.jpg 100w, https:\/\/wp.craftine.cargo-webproject.com\/wp-content\/uploads\/2021\/04\/FLYER_RECTO_AVRIL_2021_PLUS_TISSUS_V2-696x495.jpg 696w, https:\/\/wp.craftine.cargo-webproject.com\/wp-content\/uploads\/2021\/04\/FLYER_RECTO_AVRIL_2021_PLUS_TISSUS_V2-1068x760.jpg 1068w, https:\/\/wp.craftine.cargo-webproject.com\/wp-content\/uploads\/2021\/04\/FLYER_RECTO_AVRIL_2021_PLUS_TISSUS_V2-590x420.jpg 590w, https:\/\/wp.craftine.cargo-webproject.com\/wp-content\/uploads\/2021\/04\/FLYER_RECTO_AVRIL_2021_PLUS_TISSUS_V2-1920x1366.jpg 1920w\" sizes=\"auto, (max-width: 1024px) 100vw, 1024px\" \/><figcaption> <em>Ma s\u00e9lection de tissus \u00e0 -50% &#8211; Craftine Shop <\/em> <\/figcaption><\/figure>\n\n\n\n<h2 class=\"wp-block-heading\">Rappel : O\u00f9 trouver les patrons et les cahiers des instructions ? <\/h2>\n\n\n\n<p>Nous vous rappelons que nos <strong>patrons<\/strong>&nbsp;sont disponibles de la taille&nbsp;<strong>34 \u00e0 48<\/strong>&nbsp;en<strong>&nbsp;version PDF<\/strong>&nbsp;et&nbsp;<strong>version papier<\/strong>&nbsp;inclus dans votre box si vous avez opt\u00e9 pour cette option.&nbsp;<br>Les&nbsp;<strong>instructions de montage<\/strong>&nbsp;ainsi que les patrons PDF sont disponibles via le lien de t\u00e9l\u00e9chargement qui se trouve sur le flyer gliss\u00e9 dans votre box. Saisissez ce lien directement dans la barre d\u2019adresse de votre navigateur. Pour y acc\u00e9der plus facilement, vous pouvez \u00e9galement cliquer directement&nbsp;<a rel=\"noreferrer noopener\" href=\"https:\/\/www.craftine.com\/mon-patron\" target=\"_blank\">ici<\/a>. Il vous suffit ensuite de renseigner votre code confidentiel inscrit sur votre flyer. Vous pourrez alors r\u00e9cup\u00e9rer les fichiers.<\/p>\n\n\n\n<ul class=\"wp-block-list\"><li>Patrons PDF ou papier<\/li><li>Gammes de montage d\u00e9taill\u00e9es<\/li><\/ul>\n\n\n\n<h2 class=\"wp-block-heading\">Vous souhaitez vous aussi rejoindre notre communaut\u00e9 d\u2019abonn\u00e9es et profiter d&rsquo;avantages fid\u00e9lit\u00e9 ?<\/h2>\n\n\n\n<p>Pour recevoir la <strong>Craftine Box<\/strong>, inscrivez-vous :&nbsp;<strong><a href=\"https:\/\/box.craftine.com\/\">ici<\/a><\/strong>.<br>Pour d\u00e9couvrir nos tissus, rubans, mercerie, patrons couture, visitez notre&nbsp;<strong><a href=\"https:\/\/www.craftine.com\/\">mercerie en ligne<\/a><\/strong>.   <\/p>\n","protected":false},"excerpt":{"rendered":"<p>Le printemps commence \u00e0 s&rsquo;installer doucement et cela donne la p\u00eache, de l&rsquo;\u00e9nergie et de l&rsquo;entrain. Au placard, la garde robe d&rsquo;hiver, on a envie de faire rosir nos gambettes et nos bras ! Il est tant de se pr\u00e9parer de nouvelles tenues l\u00e9g\u00e8res et color\u00e9es ! C&rsquo;est pourquoi, nous vous avons pr\u00e9par\u00e9 une nouvelle [&hellip;]<\/p>\n","protected":false},"author":5,"featured_media":4928,"comment_status":"open","ping_status":"open","sticky":false,"template":"","format":"standard","meta":{"footnotes":""},"categories":[17],"tags":[],"class_list":{"0":"post-4913","1":"post","2":"type-post","3":"status-publish","4":"format-standard","5":"has-post-thumbnail","7":"category-box"},"_links":{"self":[{"href":"https:\/\/wp.craftine.cargo-webproject.com\/wp-json\/wp\/v2\/posts\/4913","targetHints":{"allow":["GET"]}}],"collection":[{"href":"https:\/\/wp.craftine.cargo-webproject.com\/wp-json\/wp\/v2\/posts"}],"about":[{"href":"https:\/\/wp.craftine.cargo-webproject.com\/wp-json\/wp\/v2\/types\/post"}],"author":[{"embeddable":true,"href":"https:\/\/wp.craftine.cargo-webproject.com\/wp-json\/wp\/v2\/users\/5"}],"replies":[{"embeddable":true,"href":"https:\/\/wp.craftine.cargo-webproject.com\/wp-json\/wp\/v2\/comments?post=4913"}],"version-history":[{"count":16,"href":"https:\/\/wp.craftine.cargo-webproject.com\/wp-json\/wp\/v2\/posts\/4913\/revisions"}],"predecessor-version":[{"id":5002,"href":"https:\/\/wp.craftine.cargo-webproject.com\/wp-json\/wp\/v2\/posts\/4913\/revisions\/5002"}],"wp:featuredmedia":[{"embeddable":true,"href":"https:\/\/wp.craftine.cargo-webproject.com\/wp-json\/wp\/v2\/media\/4928"}],"wp:attachment":[{"href":"https:\/\/wp.craftine.cargo-webproject.com\/wp-json\/wp\/v2\/media?parent=4913"}],"wp:term":[{"taxonomy":"category","embeddable":true,"href":"https:\/\/wp.craftine.cargo-webproject.com\/wp-json\/wp\/v2\/categories?post=4913"},{"taxonomy":"post_tag","embeddable":true,"href":"https:\/\/wp.craftine.cargo-webproject.com\/wp-json\/wp\/v2\/tags?post=4913"}],"curies":[{"name":"wp","href":"https:\/\/api.w.org\/{rel}","templated":true}]}}