{"id":4945,"date":"2021-06-21T11:10:13","date_gmt":"2021-06-21T09:10:13","guid":{"rendered":"https:\/\/www.craftine.com\/blog\/?p=4945"},"modified":"2024-02-28T17:12:40","modified_gmt":"2024-02-28T16:12:40","slug":"la-craftine-box-d-ete-2021-est-arrivee","status":"publish","type":"post","link":"https:\/\/wp.craftine.cargo-webproject.com\/la-craftine-box-d-ete-2021-est-arrivee\/","title":{"rendered":"Craftine Box : la box d&rsquo;\u00e9t\u00e9 est arriv\u00e9e !"},"content":{"rendered":"\n<p>L&rsquo;\u00e9t\u00e9 avec sa chaleur, ses belles journ\u00e9es, les vacances et le farniente sont enfin l\u00e0 pour notre plus grand bonheur ! Les tenues l\u00e9g\u00e8res sont de la partie, robes et tops l\u00e9gers sont de sortie. Il est grand temps de vous coudre alors votre tenue d&rsquo;\u00e9t\u00e9, cette pi\u00e8ce unique fait par vous, qui vous illuminera et fera votre fiert\u00e9 !<br>Cette <a href=\"https:\/\/www.craftine.com\/box\">nouvelle Craftine Box<\/a> d&rsquo;\u00e9t\u00e9 va vous permettre de vous confectionner cette p\u00e9pite pour l&rsquo;\u00e9t\u00e9 : romantisme, idylle d&rsquo;\u00e9t\u00e9, jardin secret sont au RDV.<br>Cette box renferme de belles mati\u00e8res naturelles et estivales dont une qui est in\u00e9dite dans les box.<br>Elle s&rsquo;accompagne aussi de deux nouveaux patrons en avant premi\u00e8re et en exclusivit\u00e9, deux pi\u00e8ces tr\u00e8s f\u00e9minines, virevoltantes, l\u00e9g\u00e8res, pour se sentir belle cet \u00e9t\u00e9. Cette box est \u00e9galement l&rsquo;occasion de vous coudre un accessoire chic et tendance cet \u00e9t\u00e9, un compagnon qui vous accompagnera avec style et originalit\u00e9 !<br>En r\u00e9sum\u00e9, une box qui va vous f\u00e9miniser et vous mettre en beaut\u00e9 pour une v\u00e9ritable idylle d\u2019\u00e9t\u00e9 ! <\/p>\n\n\n\n<h2 class=\"wp-block-heading\">Voici le contenu de votre box couture surprise :<\/h2>\n\n\n\n<figure class=\"wp-block-image\"><img loading=\"lazy\" decoding=\"async\" width=\"1024\" height=\"729\" src=\"https:\/\/www.craftine.com\/blog\/wp-content\/uploads\/2021\/06\/FLYER_VERSO_JUIN_21-1024x729.jpg\" alt=\"\" class=\"wp-image-4959\" srcset=\"https:\/\/wp.craftine.cargo-webproject.com\/wp-content\/uploads\/2021\/06\/FLYER_VERSO_JUIN_21-1024x729.jpg 1024w, https:\/\/wp.craftine.cargo-webproject.com\/wp-content\/uploads\/2021\/06\/FLYER_VERSO_JUIN_21-300x214.jpg 300w, https:\/\/wp.craftine.cargo-webproject.com\/wp-content\/uploads\/2021\/06\/FLYER_VERSO_JUIN_21-768x547.jpg 768w, https:\/\/wp.craftine.cargo-webproject.com\/wp-content\/uploads\/2021\/06\/FLYER_VERSO_JUIN_21-100x70.jpg 100w, https:\/\/wp.craftine.cargo-webproject.com\/wp-content\/uploads\/2021\/06\/FLYER_VERSO_JUIN_21-696x495.jpg 696w, https:\/\/wp.craftine.cargo-webproject.com\/wp-content\/uploads\/2021\/06\/FLYER_VERSO_JUIN_21-1068x760.jpg 1068w, https:\/\/wp.craftine.cargo-webproject.com\/wp-content\/uploads\/2021\/06\/FLYER_VERSO_JUIN_21-590x420.jpg 590w, https:\/\/wp.craftine.cargo-webproject.com\/wp-content\/uploads\/2021\/06\/FLYER_VERSO_JUIN_21-1920x1367.jpg 1920w\" sizes=\"auto, (max-width: 1024px) 100vw, 1024px\" \/><\/figure>\n\n\n\n<p><a href=\"https:\/\/www.craftine.com\/tissus\/mode\/viscose.html\">Un tissu viscose<\/a> aux coloris subtils et d\u00e9licats dessin\u00e9 en exclusivit\u00e9 pour vous \u00e0 l&rsquo;aquarelle, la grande tendance de cet \u00e9t\u00e9 ! C&rsquo;est aussi une mati\u00e8re fra\u00eeche, respirante et tr\u00e8s agr\u00e9able \u00e0 porter lorsqu&rsquo;il fait chaud. La <a href=\"https:\/\/www.craftine.com\/tissus\/deco\/toile-de-jute.html\">toile de jute<\/a>, mati\u00e8re encore in\u00e9dite, mati\u00e8re naturelle id\u00e9ale pour vous confectionner un accessoire tendance.<\/p>\n\n\n\n<h2 class=\"wp-block-heading\">Nos propositions avec ce contenu <\/h2>\n\n\n\n<p>Ce mois-ci, d\u00e9couvrez en exclusivit\u00e9 nos deux nouveaux patrons couture mode femme : La <strong>robe Nectarine<\/strong> et la <strong>blouse P\u00eache<\/strong>.<\/p>\n\n\n\n<figure class=\"wp-block-image\"><img loading=\"lazy\" decoding=\"async\" width=\"1024\" height=\"725\" src=\"https:\/\/www.craftine.com\/blog\/wp-content\/uploads\/2021\/06\/FLYER_RECTO_JUIN-21-copie-1024x725.jpg\" alt=\"\" class=\"wp-image-4958\" srcset=\"https:\/\/wp.craftine.cargo-webproject.com\/wp-content\/uploads\/2021\/06\/FLYER_RECTO_JUIN-21-copie-1024x725.jpg 1024w, https:\/\/wp.craftine.cargo-webproject.com\/wp-content\/uploads\/2021\/06\/FLYER_RECTO_JUIN-21-copie-300x213.jpg 300w, https:\/\/wp.craftine.cargo-webproject.com\/wp-content\/uploads\/2021\/06\/FLYER_RECTO_JUIN-21-copie-768x544.jpg 768w, https:\/\/wp.craftine.cargo-webproject.com\/wp-content\/uploads\/2021\/06\/FLYER_RECTO_JUIN-21-copie-100x70.jpg 100w, https:\/\/wp.craftine.cargo-webproject.com\/wp-content\/uploads\/2021\/06\/FLYER_RECTO_JUIN-21-copie-696x493.jpg 696w, https:\/\/wp.craftine.cargo-webproject.com\/wp-content\/uploads\/2021\/06\/FLYER_RECTO_JUIN-21-copie-1068x757.jpg 1068w, https:\/\/wp.craftine.cargo-webproject.com\/wp-content\/uploads\/2021\/06\/FLYER_RECTO_JUIN-21-copie-593x420.jpg 593w, https:\/\/wp.craftine.cargo-webproject.com\/wp-content\/uploads\/2021\/06\/FLYER_RECTO_JUIN-21-copie-1920x1360.jpg 1920w\" sizes=\"auto, (max-width: 1024px) 100vw, 1024px\" \/><\/figure>\n\n\n\n<h3 class=\"wp-block-heading\">Suggestion #1 : Jardin secret<\/h3>\n\n\n\n<p>La <strong>robe Nectarine<\/strong> est une pi\u00e8ce tr\u00e8s f\u00e9minine avec un joli d\u00e9collet\u00e9 devant et des bretelles volant\u00e9es. Elle cache un superbe secret dans son dos : des rubans virevoltants \u00e0 nouer avec gr\u00e2ce. Son volume a\u00e9rien, ses fronces et ses d\u00e9tails f\u00e9minins en font une robe indispensable \u00e0 d\u00e9voiler cet \u00e9t\u00e9.<\/p>\n\n\n\n<figure class=\"wp-block-image\"><img loading=\"lazy\" decoding=\"async\" width=\"1024\" height=\"819\" src=\"https:\/\/www.craftine.com\/blog\/wp-content\/uploads\/2021\/06\/202106_VISUELS-07_taille_petit-1024x819.jpg\" alt=\"\" class=\"wp-image-4953\" srcset=\"https:\/\/wp.craftine.cargo-webproject.com\/wp-content\/uploads\/2021\/06\/202106_VISUELS-07_taille_petit-1024x819.jpg 1024w, https:\/\/wp.craftine.cargo-webproject.com\/wp-content\/uploads\/2021\/06\/202106_VISUELS-07_taille_petit-300x240.jpg 300w, https:\/\/wp.craftine.cargo-webproject.com\/wp-content\/uploads\/2021\/06\/202106_VISUELS-07_taille_petit-768x614.jpg 768w, https:\/\/wp.craftine.cargo-webproject.com\/wp-content\/uploads\/2021\/06\/202106_VISUELS-07_taille_petit-696x557.jpg 696w, https:\/\/wp.craftine.cargo-webproject.com\/wp-content\/uploads\/2021\/06\/202106_VISUELS-07_taille_petit-1068x854.jpg 1068w, https:\/\/wp.craftine.cargo-webproject.com\/wp-content\/uploads\/2021\/06\/202106_VISUELS-07_taille_petit-525x420.jpg 525w, https:\/\/wp.craftine.cargo-webproject.com\/wp-content\/uploads\/2021\/06\/202106_VISUELS-07_taille_petit.jpg 1250w\" sizes=\"auto, (max-width: 1024px) 100vw, 1024px\" \/><figcaption class=\"wp-element-caption\"> <em>La robe Nectarine &#8211; Craftine Patrons  <\/em> <\/figcaption><\/figure>\n\n\n\n<p class=\"has-drop-cap\">Conseil style :  \u00c0 porter en toute simplicit\u00e9 avec le sac Juty au bras !<\/p>\n\n\n\n<h3 class=\"wp-block-heading\">Suggestion #2 : Idylle d&rsquo;\u00e9t\u00e9<\/h3>\n\n\n\n<p>La <strong>blouse P\u00eache<\/strong> \u00e9merveille les sens face \u00e0 la d\u00e9licatesse de ses manches flottantes et volant\u00e9es. C\u2019est une blouse l\u00e9g\u00e8re et d\u00e9sinvolte qui d\u00e9voile \u00e9l\u00e9gamment le d\u00e9collet\u00e9 devant et dos dor\u00e9 par le soleil.<\/p>\n\n\n\n<figure class=\"wp-block-image\"><img loading=\"lazy\" decoding=\"async\" width=\"1024\" height=\"819\" src=\"https:\/\/www.craftine.com\/blog\/wp-content\/uploads\/2021\/06\/202106_VISUELS-03_taille_petit-1024x819.jpg\" alt=\"\" class=\"wp-image-4954\" srcset=\"https:\/\/wp.craftine.cargo-webproject.com\/wp-content\/uploads\/2021\/06\/202106_VISUELS-03_taille_petit-1024x819.jpg 1024w, https:\/\/wp.craftine.cargo-webproject.com\/wp-content\/uploads\/2021\/06\/202106_VISUELS-03_taille_petit-300x240.jpg 300w, https:\/\/wp.craftine.cargo-webproject.com\/wp-content\/uploads\/2021\/06\/202106_VISUELS-03_taille_petit-768x614.jpg 768w, https:\/\/wp.craftine.cargo-webproject.com\/wp-content\/uploads\/2021\/06\/202106_VISUELS-03_taille_petit-696x557.jpg 696w, https:\/\/wp.craftine.cargo-webproject.com\/wp-content\/uploads\/2021\/06\/202106_VISUELS-03_taille_petit-1068x854.jpg 1068w, https:\/\/wp.craftine.cargo-webproject.com\/wp-content\/uploads\/2021\/06\/202106_VISUELS-03_taille_petit-525x420.jpg 525w, https:\/\/wp.craftine.cargo-webproject.com\/wp-content\/uploads\/2021\/06\/202106_VISUELS-03_taille_petit.jpg 1250w\" sizes=\"auto, (max-width: 1024px) 100vw, 1024px\" \/><figcaption class=\"wp-element-caption\"> <em>La blouse P\u00eache &#8211; Craftine Patrons  <\/em> <\/figcaption><\/figure>\n\n\n\n<p class=\"has-drop-cap\">Conseil style : \u00c0 porter avec un short et des sandales, par une belle journ\u00e9e ensoleill\u00e9e et c\u2019est l\u2019assurance d\u2019une v\u00e9ritable idylle d\u2019\u00e9t\u00e9.<\/p>\n\n\n\n<h2 class=\"wp-block-heading\">En exclusivit\u00e9 : Tuto du sac Juty<\/h2>\n\n\n\n<figure class=\"wp-block-image\"><img loading=\"lazy\" decoding=\"async\" width=\"1024\" height=\"811\" src=\"https:\/\/www.craftine.com\/blog\/wp-content\/uploads\/2021\/06\/20210618_124610-copie-1024x811.jpg\" alt=\"\" class=\"wp-image-4962\" srcset=\"https:\/\/wp.craftine.cargo-webproject.com\/wp-content\/uploads\/2021\/06\/20210618_124610-copie-1024x811.jpg 1024w, https:\/\/wp.craftine.cargo-webproject.com\/wp-content\/uploads\/2021\/06\/20210618_124610-copie-300x238.jpg 300w, https:\/\/wp.craftine.cargo-webproject.com\/wp-content\/uploads\/2021\/06\/20210618_124610-copie-768x608.jpg 768w, https:\/\/wp.craftine.cargo-webproject.com\/wp-content\/uploads\/2021\/06\/20210618_124610-copie-696x551.jpg 696w, https:\/\/wp.craftine.cargo-webproject.com\/wp-content\/uploads\/2021\/06\/20210618_124610-copie-1068x846.jpg 1068w, https:\/\/wp.craftine.cargo-webproject.com\/wp-content\/uploads\/2021\/06\/20210618_124610-copie-530x420.jpg 530w, https:\/\/wp.craftine.cargo-webproject.com\/wp-content\/uploads\/2021\/06\/20210618_124610-copie.jpg 1263w\" sizes=\"auto, (max-width: 1024px) 100vw, 1024px\" \/><figcaption class=\"wp-element-caption\"><em>Le sac Juty \u2013 Fiche tuto patron et pas \u00e0 pas en images  <\/em> <\/figcaption><\/figure>\n\n\n\n<div class=\"wp-block-media-text has-media-on-the-right\"><div class=\"wp-block-media-text__content\">\n<p class=\"has-regular-font-size\">Le sac Juty sera votre compagnon chic et tendance de l\u2019\u00e9t\u00e9. Parfait pour y glisser votre petit bazar, ce joli sac en mati\u00e8res naturelles, jute et corde, vous accompagnera avec style et originalit\u00e9 ! <\/p>\n<\/div><figure class=\"wp-block-media-text__media\"><img loading=\"lazy\" decoding=\"async\" width=\"683\" height=\"1024\" src=\"https:\/\/www.craftine.com\/blog\/wp-content\/uploads\/2021\/06\/AMB_AvrilJuin2021_0436_PAO-copie-683x1024.jpg\" alt=\"\" class=\"wp-image-4963 size-full\" srcset=\"https:\/\/wp.craftine.cargo-webproject.com\/wp-content\/uploads\/2021\/06\/AMB_AvrilJuin2021_0436_PAO-copie-683x1024.jpg 683w, https:\/\/wp.craftine.cargo-webproject.com\/wp-content\/uploads\/2021\/06\/AMB_AvrilJuin2021_0436_PAO-copie-200x300.jpg 200w, https:\/\/wp.craftine.cargo-webproject.com\/wp-content\/uploads\/2021\/06\/AMB_AvrilJuin2021_0436_PAO-copie-768x1152.jpg 768w, https:\/\/wp.craftine.cargo-webproject.com\/wp-content\/uploads\/2021\/06\/AMB_AvrilJuin2021_0436_PAO-copie-696x1044.jpg 696w, https:\/\/wp.craftine.cargo-webproject.com\/wp-content\/uploads\/2021\/06\/AMB_AvrilJuin2021_0436_PAO-copie-280x420.jpg 280w, https:\/\/wp.craftine.cargo-webproject.com\/wp-content\/uploads\/2021\/06\/AMB_AvrilJuin2021_0436_PAO-copie.jpg 1000w\" sizes=\"auto, (max-width: 683px) 100vw, 683px\" \/><\/figure><\/div>\n\n\n\n<h2 class=\"wp-block-heading\">Mes avantages fid\u00e9lit\u00e9 abonn\u00e9e box <\/h2>\n\n\n\n<figure class=\"wp-block-image\"><img loading=\"lazy\" decoding=\"async\" width=\"1024\" height=\"729\" src=\"https:\/\/www.craftine.com\/blog\/wp-content\/uploads\/2021\/06\/FLYER_VERSO_JUIN_2021_PLUS_TISSUS-1024x729.jpg\" alt=\"\" class=\"wp-image-4960\" srcset=\"https:\/\/wp.craftine.cargo-webproject.com\/wp-content\/uploads\/2021\/06\/FLYER_VERSO_JUIN_2021_PLUS_TISSUS-1024x729.jpg 1024w, https:\/\/wp.craftine.cargo-webproject.com\/wp-content\/uploads\/2021\/06\/FLYER_VERSO_JUIN_2021_PLUS_TISSUS-300x214.jpg 300w, https:\/\/wp.craftine.cargo-webproject.com\/wp-content\/uploads\/2021\/06\/FLYER_VERSO_JUIN_2021_PLUS_TISSUS-768x547.jpg 768w, https:\/\/wp.craftine.cargo-webproject.com\/wp-content\/uploads\/2021\/06\/FLYER_VERSO_JUIN_2021_PLUS_TISSUS-100x70.jpg 100w, https:\/\/wp.craftine.cargo-webproject.com\/wp-content\/uploads\/2021\/06\/FLYER_VERSO_JUIN_2021_PLUS_TISSUS-696x496.jpg 696w, https:\/\/wp.craftine.cargo-webproject.com\/wp-content\/uploads\/2021\/06\/FLYER_VERSO_JUIN_2021_PLUS_TISSUS-1068x761.jpg 1068w, https:\/\/wp.craftine.cargo-webproject.com\/wp-content\/uploads\/2021\/06\/FLYER_VERSO_JUIN_2021_PLUS_TISSUS-590x420.jpg 590w, https:\/\/wp.craftine.cargo-webproject.com\/wp-content\/uploads\/2021\/06\/FLYER_VERSO_JUIN_2021_PLUS_TISSUS-1920x1368.jpg 1920w\" sizes=\"auto, (max-width: 1024px) 100vw, 1024px\" \/><figcaption class=\"wp-element-caption\"> <em> Programme de fid\u00e9lit\u00e9 &#8211; Craftine Box  <\/em> <\/figcaption><\/figure>\n\n\n\n<h2 class=\"wp-block-heading\">Ma s\u00e9lection de tissus du mois \u00e0 -50%<\/h2>\n\n\n\n<p>Impossible de faire un choix entre les deux patrons ? Vous voulez coudre les 2 ? Ou les d\u00e9cliner dans d&rsquo;autres coloris ? Alors faites vous plaisir avec notre s\u00e9lection de tissus \u00e0 prix co\u00fbtant :  <a href=\"https:\/\/www.craftine.com\/vpbox\">https:\/\/www.craftine.com\/vpbox<\/a><br>Si votre abonnement est <strong>actif<\/strong> et que vous vous connectez avec votre compte Craftine Shop, <strong>une remise de 50% va \u00eatre appliqu\u00e9e automatiquement<\/strong> \u00e0 tous les tissus de la s\u00e9lection. Si vous n&rsquo;avez pas encore de compte Craftine Shop, <a href=\"https:\/\/www.craftine.com\/customer\/account\/login\/\">cr\u00e9ez-en<\/a> un avec le m\u00eame email que celui utilis\u00e9 pour Craftine Box. <\/p>\n\n\n\n<figure class=\"wp-block-image\"><img loading=\"lazy\" decoding=\"async\" width=\"1024\" height=\"726\" src=\"https:\/\/www.craftine.com\/blog\/wp-content\/uploads\/2021\/06\/FLYER_RECTO_JUIN_2021_PLUS_TISSUS-1024x726.jpg\" alt=\"\" class=\"wp-image-4957\" srcset=\"https:\/\/wp.craftine.cargo-webproject.com\/wp-content\/uploads\/2021\/06\/FLYER_RECTO_JUIN_2021_PLUS_TISSUS-1024x726.jpg 1024w, https:\/\/wp.craftine.cargo-webproject.com\/wp-content\/uploads\/2021\/06\/FLYER_RECTO_JUIN_2021_PLUS_TISSUS-300x213.jpg 300w, https:\/\/wp.craftine.cargo-webproject.com\/wp-content\/uploads\/2021\/06\/FLYER_RECTO_JUIN_2021_PLUS_TISSUS-768x545.jpg 768w, https:\/\/wp.craftine.cargo-webproject.com\/wp-content\/uploads\/2021\/06\/FLYER_RECTO_JUIN_2021_PLUS_TISSUS-100x70.jpg 100w, https:\/\/wp.craftine.cargo-webproject.com\/wp-content\/uploads\/2021\/06\/FLYER_RECTO_JUIN_2021_PLUS_TISSUS-696x494.jpg 696w, https:\/\/wp.craftine.cargo-webproject.com\/wp-content\/uploads\/2021\/06\/FLYER_RECTO_JUIN_2021_PLUS_TISSUS-1068x758.jpg 1068w, https:\/\/wp.craftine.cargo-webproject.com\/wp-content\/uploads\/2021\/06\/FLYER_RECTO_JUIN_2021_PLUS_TISSUS-592x420.jpg 592w, https:\/\/wp.craftine.cargo-webproject.com\/wp-content\/uploads\/2021\/06\/FLYER_RECTO_JUIN_2021_PLUS_TISSUS-1920x1362.jpg 1920w\" sizes=\"auto, (max-width: 1024px) 100vw, 1024px\" \/><figcaption class=\"wp-element-caption\"> <em>Ma s\u00e9lection de tissus \u00e0 -50% &#8211; Craftine Shop<\/em> <\/figcaption><\/figure>\n\n\n\n<h2 class=\"wp-block-heading\">Rappel : O\u00f9 trouver les patrons et les cahiers des instructions ? <\/h2>\n\n\n\n<p>Nous vous rappelons que nos <strong>patrons<\/strong>&nbsp;sont disponibles de la taille&nbsp;<strong>34 \u00e0 48<\/strong>&nbsp;en<strong>&nbsp;version PDF<\/strong>&nbsp;et&nbsp;<strong>version papier<\/strong>&nbsp;inclus dans votre box si vous avez opt\u00e9 pour cette option.&nbsp;<br>Les&nbsp;<strong>instructions de montage<\/strong>&nbsp;ainsi que les patrons PDF sont disponibles via le lien de t\u00e9l\u00e9chargement qui se trouve sur le flyer gliss\u00e9 dans votre box. Saisissez ce lien directement dans la barre d\u2019adresse de votre navigateur. Pour y acc\u00e9der plus facilement, vous pouvez \u00e9galement cliquer directement&nbsp;<a rel=\"noreferrer noopener\" href=\"https:\/\/www.craftine.com\/mon-patron\" target=\"_blank\">ici<\/a>. Il vous suffit ensuite de renseigner votre code confidentiel inscrit sur votre flyer. Vous pourrez alors r\u00e9cup\u00e9rer les fichiers.<\/p>\n\n\n\n<ul class=\"wp-block-list\">\n<li>Patrons PDF ou papier<\/li>\n\n\n\n<li>Gammes de montage d\u00e9taill\u00e9es<\/li>\n<\/ul>\n\n\n\n<h2 class=\"wp-block-heading\">Vous souhaitez vous aussi rejoindre notre communaut\u00e9 d\u2019abonn\u00e9es et profiter d&rsquo;avantages fid\u00e9lit\u00e9 ?<\/h2>\n\n\n\n<p>Pour recevoir la <strong>Craftine Box<\/strong>, inscrivez-vous :\u00a0<strong><a href=\"https:\/\/www.craftine.com\/box\">ici<\/a><\/strong>.<br>Pour d\u00e9couvrir nos tissus, rubans, mercerie, patrons couture, visitez notre\u00a0<strong><a href=\"https:\/\/www.craftine.com\/\">mercerie en ligne<\/a><\/strong>.   <\/p>\n","protected":false},"excerpt":{"rendered":"<p>L&rsquo;\u00e9t\u00e9 avec sa chaleur, ses belles journ\u00e9es, les vacances et le farniente sont enfin l\u00e0 pour notre plus grand bonheur ! Les tenues l\u00e9g\u00e8res sont de la partie, robes et tops l\u00e9gers sont de sortie. Il est grand temps de vous coudre alors votre tenue d&rsquo;\u00e9t\u00e9, cette pi\u00e8ce unique fait par vous, qui vous illuminera [&hellip;]<\/p>\n","protected":false},"author":5,"featured_media":4971,"comment_status":"open","ping_status":"open","sticky":false,"template":"","format":"standard","meta":{"footnotes":""},"categories":[17],"tags":[],"class_list":{"0":"post-4945","1":"post","2":"type-post","3":"status-publish","4":"format-standard","5":"has-post-thumbnail","7":"category-box"},"_links":{"self":[{"href":"https:\/\/wp.craftine.cargo-webproject.com\/wp-json\/wp\/v2\/posts\/4945","targetHints":{"allow":["GET"]}}],"collection":[{"href":"https:\/\/wp.craftine.cargo-webproject.com\/wp-json\/wp\/v2\/posts"}],"about":[{"href":"https:\/\/wp.craftine.cargo-webproject.com\/wp-json\/wp\/v2\/types\/post"}],"author":[{"embeddable":true,"href":"https:\/\/wp.craftine.cargo-webproject.com\/wp-json\/wp\/v2\/users\/5"}],"replies":[{"embeddable":true,"href":"https:\/\/wp.craftine.cargo-webproject.com\/wp-json\/wp\/v2\/comments?post=4945"}],"version-history":[{"count":16,"href":"https:\/\/wp.craftine.cargo-webproject.com\/wp-json\/wp\/v2\/posts\/4945\/revisions"}],"predecessor-version":[{"id":6222,"href":"https:\/\/wp.craftine.cargo-webproject.com\/wp-json\/wp\/v2\/posts\/4945\/revisions\/6222"}],"wp:featuredmedia":[{"embeddable":true,"href":"https:\/\/wp.craftine.cargo-webproject.com\/wp-json\/wp\/v2\/media\/4971"}],"wp:attachment":[{"href":"https:\/\/wp.craftine.cargo-webproject.com\/wp-json\/wp\/v2\/media?parent=4945"}],"wp:term":[{"taxonomy":"category","embeddable":true,"href":"https:\/\/wp.craftine.cargo-webproject.com\/wp-json\/wp\/v2\/categories?post=4945"},{"taxonomy":"post_tag","embeddable":true,"href":"https:\/\/wp.craftine.cargo-webproject.com\/wp-json\/wp\/v2\/tags?post=4945"}],"curies":[{"name":"wp","href":"https:\/\/api.w.org\/{rel}","templated":true}]}}