{"id":4974,"date":"2021-08-24T10:33:11","date_gmt":"2021-08-24T08:33:11","guid":{"rendered":"https:\/\/www.craftine.com\/blog\/?p=4974"},"modified":"2021-08-24T10:33:13","modified_gmt":"2021-08-24T08:33:13","slug":"la-craftine-box-de-la-rentree-2021-est-arrivee","status":"publish","type":"post","link":"https:\/\/wp.craftine.cargo-webproject.com\/la-craftine-box-de-la-rentree-2021-est-arrivee\/","title":{"rendered":"Craftine Box : la box de la rentr\u00e9e est arriv\u00e9e !"},"content":{"rendered":"\n<p>La rentr\u00e9e approche mais nous aimerions bien prolonger un peu l&rsquo;\u00e9t\u00e9&#8230; Nous avons ce qu&rsquo;il vous faut ! La nouvelle Craftine box, elle ne va pas rallonger vos vacances mais vous proposer un vestiaire de rentr\u00e9e plein d&rsquo;audace, d&rsquo;aventure et d&rsquo;\u00e9vasion ! Tout a \u00e9t\u00e9 pens\u00e9 pour vous faire voyager vers de nouveaux horizons pour cette rentr\u00e9e !<br>Cette nouvelle Craftine Box de la rentr\u00e9e vous r\u00e9serve de belles mati\u00e8res avec des motifs ultra tendances, du bio, de la jolie mercerie, de quoi vous surprendre.<br>Elle s&rsquo;accompagne de deux nouveaux patrons en avant premi\u00e8re et en exclusivit\u00e9, deux pi\u00e8ces audacieuses, pleines de charme pour un souffle de nouveaut\u00e9 dans votre dressing. Vous allez pouvoir \u00e9galement d\u00e9couvrir un nouveau tuto accessoire in\u00e9dit, un accessoire utile, pratique et tellement ravissant.<br>Voici donc au RDV une nouvelle box qui va vous faire vivre de nouvelles aventures lors d&rsquo;un joli moment de couture et vous permettre de compl\u00e9ter votre garde-robe sur mesure !<\/p>\n\n\n\n<h2 class=\"wp-block-heading\">Voici le contenu de votre box couture surprise :<\/h2>\n\n\n\n<figure class=\"wp-block-image\"><img loading=\"lazy\" decoding=\"async\" width=\"1000\" height=\"712\" src=\"https:\/\/www.craftine.com\/blog\/wp-content\/uploads\/2021\/08\/FLYER_VERSO_AOUT_21_V2.jpg\" alt=\"\" class=\"wp-image-4977\" srcset=\"https:\/\/wp.craftine.cargo-webproject.com\/wp-content\/uploads\/2021\/08\/FLYER_VERSO_AOUT_21_V2.jpg 1000w, https:\/\/wp.craftine.cargo-webproject.com\/wp-content\/uploads\/2021\/08\/FLYER_VERSO_AOUT_21_V2-300x214.jpg 300w, https:\/\/wp.craftine.cargo-webproject.com\/wp-content\/uploads\/2021\/08\/FLYER_VERSO_AOUT_21_V2-768x547.jpg 768w, https:\/\/wp.craftine.cargo-webproject.com\/wp-content\/uploads\/2021\/08\/FLYER_VERSO_AOUT_21_V2-100x70.jpg 100w, https:\/\/wp.craftine.cargo-webproject.com\/wp-content\/uploads\/2021\/08\/FLYER_VERSO_AOUT_21_V2-696x496.jpg 696w, https:\/\/wp.craftine.cargo-webproject.com\/wp-content\/uploads\/2021\/08\/FLYER_VERSO_AOUT_21_V2-590x420.jpg 590w\" sizes=\"auto, (max-width: 1000px) 100vw, 1000px\" \/><\/figure>\n\n\n\n<p>On craque pour le vichy, c&rsquo;est le motif tendance et incontournable de la saison. En noir, il s&rsquo;impose dans notre dressing de la rentr\u00e9e pour un look romantico sexy d&rsquo;autant plus avec l&rsquo;effet du tissu seersucker, d\u00e9licatement gaufr\u00e9. On associe l&rsquo;imprim\u00e9 vichy pour un style mix&rsquo;n&rsquo;match avec un joli motif fleuri. Comment ne pas craquer pour le coton Flowers paradise qui nous \u00e9blouie par ses belles couleurs mais aussi parce qu&rsquo;il est bio !<\/p>\n\n\n\n<h2 class=\"wp-block-heading\">Nos propositions avec ce contenu <\/h2>\n\n\n\n<p>Ce mois-ci, d\u00e9couvrez en exclusivit\u00e9 nos deux nouveaux patrons couture mode femme : La <strong>chemise Vanille<\/strong> et la <strong>robe Pistache<\/strong>.<\/p>\n\n\n\n<figure class=\"wp-block-image\"><img loading=\"lazy\" decoding=\"async\" width=\"1000\" height=\"704\" src=\"https:\/\/www.craftine.com\/blog\/wp-content\/uploads\/2021\/08\/FLYER_RECTO_AOUT-21.jpg\" alt=\"\" class=\"wp-image-4978\" srcset=\"https:\/\/wp.craftine.cargo-webproject.com\/wp-content\/uploads\/2021\/08\/FLYER_RECTO_AOUT-21.jpg 1000w, https:\/\/wp.craftine.cargo-webproject.com\/wp-content\/uploads\/2021\/08\/FLYER_RECTO_AOUT-21-300x211.jpg 300w, https:\/\/wp.craftine.cargo-webproject.com\/wp-content\/uploads\/2021\/08\/FLYER_RECTO_AOUT-21-768x541.jpg 768w, https:\/\/wp.craftine.cargo-webproject.com\/wp-content\/uploads\/2021\/08\/FLYER_RECTO_AOUT-21-100x70.jpg 100w, https:\/\/wp.craftine.cargo-webproject.com\/wp-content\/uploads\/2021\/08\/FLYER_RECTO_AOUT-21-200x140.jpg 200w, https:\/\/wp.craftine.cargo-webproject.com\/wp-content\/uploads\/2021\/08\/FLYER_RECTO_AOUT-21-696x490.jpg 696w, https:\/\/wp.craftine.cargo-webproject.com\/wp-content\/uploads\/2021\/08\/FLYER_RECTO_AOUT-21-597x420.jpg 597w\" sizes=\"auto, (max-width: 1000px) 100vw, 1000px\" \/><\/figure>\n\n\n\n<h3 class=\"wp-block-heading\">Suggestion #1 : Si\u00e8ge 2B<\/h3>\n\n\n\n<p>La <strong>chemise Vanille<\/strong> tient ses promesses : allure tendance et romantique, elle est id\u00e9ale pour aller travailler, profiter ou s\u2019\u00e9vader. D\u00e9collet\u00e9 en V ultra f\u00e9minin, coupe cintr\u00e9e, poignets fronc\u00e9s, cette chemise r\u00e9invente les classiques vers des horizons in\u00e9dits.<\/p>\n\n\n\n<figure class=\"wp-block-image\"><img loading=\"lazy\" decoding=\"async\" width=\"1000\" height=\"801\" src=\"https:\/\/www.craftine.com\/blog\/wp-content\/uploads\/2021\/08\/202108_VISUELS-08.jpg\" alt=\"\" class=\"wp-image-4979\" srcset=\"https:\/\/wp.craftine.cargo-webproject.com\/wp-content\/uploads\/2021\/08\/202108_VISUELS-08.jpg 1000w, https:\/\/wp.craftine.cargo-webproject.com\/wp-content\/uploads\/2021\/08\/202108_VISUELS-08-300x240.jpg 300w, https:\/\/wp.craftine.cargo-webproject.com\/wp-content\/uploads\/2021\/08\/202108_VISUELS-08-768x615.jpg 768w, https:\/\/wp.craftine.cargo-webproject.com\/wp-content\/uploads\/2021\/08\/202108_VISUELS-08-696x557.jpg 696w, https:\/\/wp.craftine.cargo-webproject.com\/wp-content\/uploads\/2021\/08\/202108_VISUELS-08-524x420.jpg 524w\" sizes=\"auto, (max-width: 1000px) 100vw, 1000px\" \/><figcaption> <em> La chemise Vanille &#8211; Craftine Patrons<\/em> <\/figcaption><\/figure>\n\n\n\n<p class=\"has-drop-cap\">Conseil style :  A porter avec son jean clair pr\u00e9f\u00e9r\u00e9 pour un souffle nouveau et pour vivre et \u00e9crire de nouvelles aventures ! <\/p>\n\n\n\n<h3 class=\"wp-block-heading\">Suggestion #2 : Que l&rsquo;aventure commence&#8230;<\/h3>\n\n\n\n<p>La <strong>robe Pistache<\/strong> est une pi\u00e8ce pleine d\u2019audace et d\u2019aventure, parfaite pour d\u00e9couvrir de nouveaux horizons. Coupe chasuble, \u00e9chancr\u00e9e et boutonn\u00e9e sur les c\u00f4t\u00e9s, dos crois\u00e9, cette robe a tout pour plaire. Pimpante, intr\u00e9pide et tellement confortable \u00e0 la fois !<\/p>\n\n\n\n<figure class=\"wp-block-image\"><img loading=\"lazy\" decoding=\"async\" width=\"1000\" height=\"801\" src=\"https:\/\/www.craftine.com\/blog\/wp-content\/uploads\/2021\/08\/202108_VISUELS-09.jpg\" alt=\"\" class=\"wp-image-4980\" srcset=\"https:\/\/wp.craftine.cargo-webproject.com\/wp-content\/uploads\/2021\/08\/202108_VISUELS-09.jpg 1000w, https:\/\/wp.craftine.cargo-webproject.com\/wp-content\/uploads\/2021\/08\/202108_VISUELS-09-300x240.jpg 300w, https:\/\/wp.craftine.cargo-webproject.com\/wp-content\/uploads\/2021\/08\/202108_VISUELS-09-768x615.jpg 768w, https:\/\/wp.craftine.cargo-webproject.com\/wp-content\/uploads\/2021\/08\/202108_VISUELS-09-696x557.jpg 696w, https:\/\/wp.craftine.cargo-webproject.com\/wp-content\/uploads\/2021\/08\/202108_VISUELS-09-524x420.jpg 524w\" sizes=\"auto, (max-width: 1000px) 100vw, 1000px\" \/><figcaption> <em>La robe Pistache &#8211; Craftine Patrons<\/em> <\/figcaption><\/figure>\n\n\n\n<p>Conseil style : A porter avec un t-shirt blanc et que l\u2019aventure commence\u2026 <\/p>\n\n\n\n<h2 class=\"wp-block-heading\">En exclusivit\u00e9 : Tuto de la pochette \u00e0 bijoux Biby<\/h2>\n\n\n\n<figure class=\"wp-block-image\"><img loading=\"lazy\" decoding=\"async\" width=\"1000\" height=\"783\" src=\"https:\/\/www.craftine.com\/blog\/wp-content\/uploads\/2021\/08\/20210816_182348c.jpg\" alt=\"\" class=\"wp-image-4981\" srcset=\"https:\/\/wp.craftine.cargo-webproject.com\/wp-content\/uploads\/2021\/08\/20210816_182348c.jpg 1000w, https:\/\/wp.craftine.cargo-webproject.com\/wp-content\/uploads\/2021\/08\/20210816_182348c-300x235.jpg 300w, https:\/\/wp.craftine.cargo-webproject.com\/wp-content\/uploads\/2021\/08\/20210816_182348c-768x601.jpg 768w, https:\/\/wp.craftine.cargo-webproject.com\/wp-content\/uploads\/2021\/08\/20210816_182348c-696x545.jpg 696w, https:\/\/wp.craftine.cargo-webproject.com\/wp-content\/uploads\/2021\/08\/20210816_182348c-536x420.jpg 536w\" sizes=\"auto, (max-width: 1000px) 100vw, 1000px\" \/><figcaption> <em>La pochette \u00e0 bijoux Biby \u2013 Fiche tuto patron et pas \u00e0 pas en images   <\/em> <\/figcaption><\/figure>\n\n\n\n<div class=\"wp-block-media-text has-media-on-the-right\"><figure class=\"wp-block-media-text__media\"><img loading=\"lazy\" decoding=\"async\" width=\"683\" height=\"1024\" src=\"https:\/\/www.craftine.com\/blog\/wp-content\/uploads\/2021\/08\/AMB_AoutOctobre2021_2754_PAO_taille_petit-683x1024.jpg\" alt=\"\" class=\"wp-image-4982\" srcset=\"https:\/\/wp.craftine.cargo-webproject.com\/wp-content\/uploads\/2021\/08\/AMB_AoutOctobre2021_2754_PAO_taille_petit-683x1024.jpg 683w, https:\/\/wp.craftine.cargo-webproject.com\/wp-content\/uploads\/2021\/08\/AMB_AoutOctobre2021_2754_PAO_taille_petit-200x300.jpg 200w, https:\/\/wp.craftine.cargo-webproject.com\/wp-content\/uploads\/2021\/08\/AMB_AoutOctobre2021_2754_PAO_taille_petit-768x1152.jpg 768w, https:\/\/wp.craftine.cargo-webproject.com\/wp-content\/uploads\/2021\/08\/AMB_AoutOctobre2021_2754_PAO_taille_petit-696x1044.jpg 696w, https:\/\/wp.craftine.cargo-webproject.com\/wp-content\/uploads\/2021\/08\/AMB_AoutOctobre2021_2754_PAO_taille_petit-280x420.jpg 280w, https:\/\/wp.craftine.cargo-webproject.com\/wp-content\/uploads\/2021\/08\/AMB_AoutOctobre2021_2754_PAO_taille_petit.jpg 1000w\" sizes=\"auto, (max-width: 683px) 100vw, 683px\" \/><\/figure><div class=\"wp-block-media-text__content\">\n<p style=\"text-align:left\">Pratique et styl\u00e9e, cette pochette emporte vos bijoux en voyage et permet de les ranger \u00e0 la maison. Matelass\u00e9e et avec de nombreux compartiments, elle sera vite votre accessoire complice !<\/p>\n<\/div><\/div>\n\n\n\n<h2 class=\"wp-block-heading\">Mes avantages fid\u00e9lit\u00e9 abonn\u00e9e box <\/h2>\n\n\n\n<figure class=\"wp-block-image\"><img loading=\"lazy\" decoding=\"async\" width=\"1000\" height=\"712\" src=\"https:\/\/www.craftine.com\/blog\/wp-content\/uploads\/2021\/08\/FLYER_VERSO_AOUT_2021_PLUS_TISSUS.jpg\" alt=\"\" class=\"wp-image-4985\" srcset=\"https:\/\/wp.craftine.cargo-webproject.com\/wp-content\/uploads\/2021\/08\/FLYER_VERSO_AOUT_2021_PLUS_TISSUS.jpg 1000w, https:\/\/wp.craftine.cargo-webproject.com\/wp-content\/uploads\/2021\/08\/FLYER_VERSO_AOUT_2021_PLUS_TISSUS-300x214.jpg 300w, https:\/\/wp.craftine.cargo-webproject.com\/wp-content\/uploads\/2021\/08\/FLYER_VERSO_AOUT_2021_PLUS_TISSUS-768x547.jpg 768w, https:\/\/wp.craftine.cargo-webproject.com\/wp-content\/uploads\/2021\/08\/FLYER_VERSO_AOUT_2021_PLUS_TISSUS-100x70.jpg 100w, https:\/\/wp.craftine.cargo-webproject.com\/wp-content\/uploads\/2021\/08\/FLYER_VERSO_AOUT_2021_PLUS_TISSUS-696x496.jpg 696w, https:\/\/wp.craftine.cargo-webproject.com\/wp-content\/uploads\/2021\/08\/FLYER_VERSO_AOUT_2021_PLUS_TISSUS-590x420.jpg 590w\" sizes=\"auto, (max-width: 1000px) 100vw, 1000px\" \/><figcaption><em> Programme de fid\u00e9lit\u00e9 &#8211; Craftine Box   <\/em> <\/figcaption><\/figure>\n\n\n\n<h2 class=\"wp-block-heading\">Ma s\u00e9lection de tissus du mois \u00e0 -50%<\/h2>\n\n\n\n<p>Impossible de faire un choix entre les deux patrons ? Vous voulez coudre les 2 ? Ou les d\u00e9cliner dans d&rsquo;autres coloris ? Alors faites vous plaisir avec notre s\u00e9lection de tissus \u00e0 prix co\u00fbtant :  <a href=\"https:\/\/www.craftine.com\/vpbox\">https:\/\/www.craftine.com\/vpbox<\/a><br>Si votre abonnement est <strong>actif<\/strong> et que vous vous connectez avec votre compte Craftine Shop, <strong>une remise de 50% va \u00eatre appliqu\u00e9e automatiquement<\/strong> \u00e0 tous les tissus de la s\u00e9lection. Si vous n&rsquo;avez pas encore de compte Craftine Shop, <a href=\"https:\/\/www.craftine.com\/customer\/account\/login\/\">cr\u00e9ez-en<\/a> un avec le m\u00eame email que celui utilis\u00e9 pour Craftine Box. <\/p>\n\n\n\n<figure class=\"wp-block-image\"><img loading=\"lazy\" decoding=\"async\" width=\"1024\" height=\"726\" src=\"https:\/\/www.craftine.com\/blog\/wp-content\/uploads\/2021\/08\/FLYER_RECTO_AOUT_2021_PLUS_TISSUS-1024x726.jpg\" alt=\"\" class=\"wp-image-4984\" srcset=\"https:\/\/wp.craftine.cargo-webproject.com\/wp-content\/uploads\/2021\/08\/FLYER_RECTO_AOUT_2021_PLUS_TISSUS-1024x726.jpg 1024w, https:\/\/wp.craftine.cargo-webproject.com\/wp-content\/uploads\/2021\/08\/FLYER_RECTO_AOUT_2021_PLUS_TISSUS-300x213.jpg 300w, https:\/\/wp.craftine.cargo-webproject.com\/wp-content\/uploads\/2021\/08\/FLYER_RECTO_AOUT_2021_PLUS_TISSUS-768x545.jpg 768w, https:\/\/wp.craftine.cargo-webproject.com\/wp-content\/uploads\/2021\/08\/FLYER_RECTO_AOUT_2021_PLUS_TISSUS-100x70.jpg 100w, https:\/\/wp.craftine.cargo-webproject.com\/wp-content\/uploads\/2021\/08\/FLYER_RECTO_AOUT_2021_PLUS_TISSUS-696x494.jpg 696w, https:\/\/wp.craftine.cargo-webproject.com\/wp-content\/uploads\/2021\/08\/FLYER_RECTO_AOUT_2021_PLUS_TISSUS-1068x757.jpg 1068w, https:\/\/wp.craftine.cargo-webproject.com\/wp-content\/uploads\/2021\/08\/FLYER_RECTO_AOUT_2021_PLUS_TISSUS-592x420.jpg 592w, https:\/\/wp.craftine.cargo-webproject.com\/wp-content\/uploads\/2021\/08\/FLYER_RECTO_AOUT_2021_PLUS_TISSUS-1920x1362.jpg 1920w\" sizes=\"auto, (max-width: 1024px) 100vw, 1024px\" \/><figcaption> <em> Ma s\u00e9lection de tissus \u00e0 -50% &#8211; Craftine Shop <\/em> <\/figcaption><\/figure>\n\n\n\n<h2 class=\"wp-block-heading\">Rappel : O\u00f9 trouver les patrons et les cahiers des instructions ? <\/h2>\n\n\n\n<p>Nous vous rappelons que nos <strong>patrons<\/strong>&nbsp;sont disponibles de la taille&nbsp;<strong>34 \u00e0 48<\/strong>&nbsp;en<strong>&nbsp;version PDF<\/strong>&nbsp;et&nbsp;<strong>version papier<\/strong>&nbsp;inclus dans votre box si vous avez opt\u00e9 pour cette option.&nbsp;<br>Les&nbsp;<strong>instructions de montage<\/strong>&nbsp;ainsi que les patrons PDF sont disponibles via le lien de t\u00e9l\u00e9chargement qui se trouve sur le flyer gliss\u00e9 dans votre box. Saisissez ce lien directement dans la barre d\u2019adresse de votre navigateur. Pour y acc\u00e9der plus facilement, vous pouvez \u00e9galement cliquer directement&nbsp;<a rel=\"noreferrer noopener\" href=\"https:\/\/www.craftine.com\/mon-patron\" target=\"_blank\">ici<\/a>. Il vous suffit ensuite de renseigner votre code confidentiel inscrit sur votre flyer. Vous pourrez alors r\u00e9cup\u00e9rer les fichiers.<\/p>\n\n\n\n<ul class=\"wp-block-list\"><li>Patrons PDF ou papier<\/li><li>Gammes de montage d\u00e9taill\u00e9es<\/li><\/ul>\n\n\n\n<h2 class=\"wp-block-heading\">Vous souhaitez vous aussi rejoindre notre communaut\u00e9 d\u2019abonn\u00e9es et profiter d&rsquo;avantages fid\u00e9lit\u00e9 ?<\/h2>\n\n\n\n<p>Pour recevoir la <strong>Craftine Box<\/strong>, inscrivez-vous :&nbsp;<strong><a href=\"https:\/\/box.craftine.com\/\">ici<\/a><\/strong>.<br>Pour d\u00e9couvrir nos tissus, rubans, mercerie, patrons couture, visitez notre&nbsp;<strong><a href=\"https:\/\/www.craftine.com\/\">mercerie en ligne<\/a><\/strong>.   <\/p>\n","protected":false},"excerpt":{"rendered":"<p>La rentr\u00e9e approche mais nous aimerions bien prolonger un peu l&rsquo;\u00e9t\u00e9&#8230; Nous avons ce qu&rsquo;il vous faut ! La nouvelle Craftine box, elle ne va pas rallonger vos vacances mais vous proposer un vestiaire de rentr\u00e9e plein d&rsquo;audace, d&rsquo;aventure et d&rsquo;\u00e9vasion ! Tout a \u00e9t\u00e9 pens\u00e9 pour vous faire voyager vers de nouveaux horizons pour [&hellip;]<\/p>\n","protected":false},"author":5,"featured_media":4976,"comment_status":"open","ping_status":"open","sticky":false,"template":"","format":"standard","meta":{"footnotes":""},"categories":[17],"tags":[],"class_list":{"0":"post-4974","1":"post","2":"type-post","3":"status-publish","4":"format-standard","5":"has-post-thumbnail","7":"category-box"},"_links":{"self":[{"href":"https:\/\/wp.craftine.cargo-webproject.com\/wp-json\/wp\/v2\/posts\/4974","targetHints":{"allow":["GET"]}}],"collection":[{"href":"https:\/\/wp.craftine.cargo-webproject.com\/wp-json\/wp\/v2\/posts"}],"about":[{"href":"https:\/\/wp.craftine.cargo-webproject.com\/wp-json\/wp\/v2\/types\/post"}],"author":[{"embeddable":true,"href":"https:\/\/wp.craftine.cargo-webproject.com\/wp-json\/wp\/v2\/users\/5"}],"replies":[{"embeddable":true,"href":"https:\/\/wp.craftine.cargo-webproject.com\/wp-json\/wp\/v2\/comments?post=4974"}],"version-history":[{"count":16,"href":"https:\/\/wp.craftine.cargo-webproject.com\/wp-json\/wp\/v2\/posts\/4974\/revisions"}],"predecessor-version":[{"id":4999,"href":"https:\/\/wp.craftine.cargo-webproject.com\/wp-json\/wp\/v2\/posts\/4974\/revisions\/4999"}],"wp:featuredmedia":[{"embeddable":true,"href":"https:\/\/wp.craftine.cargo-webproject.com\/wp-json\/wp\/v2\/media\/4976"}],"wp:attachment":[{"href":"https:\/\/wp.craftine.cargo-webproject.com\/wp-json\/wp\/v2\/media?parent=4974"}],"wp:term":[{"taxonomy":"category","embeddable":true,"href":"https:\/\/wp.craftine.cargo-webproject.com\/wp-json\/wp\/v2\/categories?post=4974"},{"taxonomy":"post_tag","embeddable":true,"href":"https:\/\/wp.craftine.cargo-webproject.com\/wp-json\/wp\/v2\/tags?post=4974"}],"curies":[{"name":"wp","href":"https:\/\/api.w.org\/{rel}","templated":true}]}}