{"id":5096,"date":"2022-07-01T12:33:06","date_gmt":"2022-07-01T10:33:06","guid":{"rendered":"https:\/\/www.craftine.com\/blog\/?p=5096"},"modified":"2023-09-26T11:33:56","modified_gmt":"2023-09-26T09:33:56","slug":"la-craftine-box-d-ete-2022-est-arrivee","status":"publish","type":"post","link":"https:\/\/wp.craftine.cargo-webproject.com\/la-craftine-box-d-ete-2022-est-arrivee\/","title":{"rendered":"Craftine box : la box d&rsquo;\u00e9t\u00e9 est arriv\u00e9e !"},"content":{"rendered":"\n<p>Cette <a href=\"https:\/\/www.craftine.com\/box-couture.html\"><strong>nouvelle box<\/strong><\/a> d&rsquo;\u00e9t\u00e9 est une petite p\u00e9pite, avec un contenu color\u00e9, tr\u00e8s estival, empli d&rsquo;une \u00e9nergie solaire. Elle va \u00e0 coup s\u00fbr devenir une de vos box chouchous avec des pi\u00e8ces coup de c\u0153ur qui souligneront la f\u00e9minit\u00e9 et la sensualit\u00e9 de toutes les morphologies. Elle renferme \u00e9galement un tissu de folie que vous n&rsquo;\u00eates pas pr\u00eat d&rsquo;oublier, une vraie p\u00e9pite que l&rsquo;on va vous envier ! Vous trouverez aussi un nouveau <a href=\"https:\/\/www.craftine.com\/blog\/category\/tutos\/\"><strong>tuto <\/strong><\/a>pour cr\u00e9er un <a href=\"https:\/\/www.craftine.com\/kits-couture\/kits-couture-accessoires.html\"><strong>accessoire<\/strong> <\/a><strong><a href=\"https:\/\/www.craftine.com\/kits-couture\/kits-couture-accessoires.html\">mode<\/a> <\/strong>qui sublimera votre look.<br>En r\u00e9sum\u00e9, une nouvelle box estivale qui va marquer votre \u00e9t\u00e9 !<\/p>\n\n\n\n<h2 class=\"wp-block-heading\">Voici le contenu de votre box couture surprise :<\/h2>\n\n\n\n<figure class=\"wp-block-image\"><img loading=\"lazy\" decoding=\"async\" width=\"1000\" height=\"686\" src=\"https:\/\/www.craftine.com\/blog\/wp-content\/uploads\/2022\/06\/FLYER_VERSO_JUIN_22.jpg\" alt=\"\" class=\"wp-image-5100\" srcset=\"https:\/\/wp.craftine.cargo-webproject.com\/wp-content\/uploads\/2022\/06\/FLYER_VERSO_JUIN_22.jpg 1000w, https:\/\/wp.craftine.cargo-webproject.com\/wp-content\/uploads\/2022\/06\/FLYER_VERSO_JUIN_22-300x206.jpg 300w, https:\/\/wp.craftine.cargo-webproject.com\/wp-content\/uploads\/2022\/06\/FLYER_VERSO_JUIN_22-768x527.jpg 768w, https:\/\/wp.craftine.cargo-webproject.com\/wp-content\/uploads\/2022\/06\/FLYER_VERSO_JUIN_22-100x70.jpg 100w, https:\/\/wp.craftine.cargo-webproject.com\/wp-content\/uploads\/2022\/06\/FLYER_VERSO_JUIN_22-218x150.jpg 218w, https:\/\/wp.craftine.cargo-webproject.com\/wp-content\/uploads\/2022\/06\/FLYER_VERSO_JUIN_22-696x477.jpg 696w, https:\/\/wp.craftine.cargo-webproject.com\/wp-content\/uploads\/2022\/06\/FLYER_VERSO_JUIN_22-612x420.jpg 612w\" sizes=\"auto, (max-width: 1000px) 100vw, 1000px\" \/><\/figure>\n\n\n\n<p>La Craftine box d\u2019\u00e9t\u00e9 renferme un sublime tissu, une <a href=\"https:\/\/www.craftine.com\/tissus\/mode\/viscose.html\"><strong>jolie <\/strong><\/a><strong><a href=\"https:\/\/www.craftine.com\/tissus\/mode\/viscose.html\">viscose<\/a> <\/strong>exclusive avec un motif incroyable. Pour la petite histoire, c\u2019est un motif que nous avons longuement r\u00e9fl\u00e9chi, que nous voulions impactant, qui marque les esprits et qui permette de vous sublimer. Pour obtenir ce motif incroyable, il a \u00e9t\u00e9 dessin\u00e9 avec une technique particuli\u00e8re et innovante : le crayon feutre. Avec, vous ne passerez pas inaper\u00e7ue !<\/p>\n\n\n\n<h2 class=\"wp-block-heading\">Nos propositions avec ce contenu <\/h2>\n\n\n\n<p>Ce mois-ci, d\u00e9couvrez en exclusivit\u00e9 nos deux <a href=\"https:\/\/www.craftine.com\/patrons-de-couture.html\"><strong>nouveaux <\/strong><\/a><strong><a href=\"https:\/\/www.craftine.com\/patrons-de-couture.html\">patrons<\/a> <\/strong>couture mode femme : La <strong>robe Azal\u00e9e<\/strong> et la <strong>jupe Capucine<\/strong>.<\/p>\n\n\n\n<figure class=\"wp-block-image\"><img loading=\"lazy\" decoding=\"async\" width=\"1000\" height=\"718\" src=\"https:\/\/www.craftine.com\/blog\/wp-content\/uploads\/2022\/06\/FLYER_RECTO_JUIN-22_V2.jpg\" alt=\"\" class=\"wp-image-5099\" srcset=\"https:\/\/wp.craftine.cargo-webproject.com\/wp-content\/uploads\/2022\/06\/FLYER_RECTO_JUIN-22_V2.jpg 1000w, https:\/\/wp.craftine.cargo-webproject.com\/wp-content\/uploads\/2022\/06\/FLYER_RECTO_JUIN-22_V2-300x215.jpg 300w, https:\/\/wp.craftine.cargo-webproject.com\/wp-content\/uploads\/2022\/06\/FLYER_RECTO_JUIN-22_V2-768x551.jpg 768w, https:\/\/wp.craftine.cargo-webproject.com\/wp-content\/uploads\/2022\/06\/FLYER_RECTO_JUIN-22_V2-696x500.jpg 696w, https:\/\/wp.craftine.cargo-webproject.com\/wp-content\/uploads\/2022\/06\/FLYER_RECTO_JUIN-22_V2-585x420.jpg 585w\" sizes=\"auto, (max-width: 1000px) 100vw, 1000px\" \/><\/figure>\n\n\n\n<h3 class=\"wp-block-heading\">Suggestion #1 : Bohemian dream<\/h3>\n\n\n\n<p>Flatteuse et styl\u00e9e, la <strong>robe longue Azal\u00e9e<\/strong> \u00e0 l\u2019encolure am\u00e9ricaine et d\u00e9collet\u00e9 V discret souligne \u00e0 la perfection les courbes f\u00e9minines gr\u00e2ce \u00e0 sa taille empire. Fendue \u00e0 hauteur de cuisse, tendance mode canon, cette robe facile \u00e0 adopter ne pourra que vous faire craquer. <\/p>\n\n\n\n<figure class=\"wp-block-image\"><img loading=\"lazy\" decoding=\"async\" width=\"1024\" height=\"819\" src=\"https:\/\/www.craftine.com\/blog\/wp-content\/uploads\/2022\/06\/202206_VISUELS_MODELES-02-1024x819.jpg\" alt=\"\" class=\"wp-image-5101\" srcset=\"https:\/\/wp.craftine.cargo-webproject.com\/wp-content\/uploads\/2022\/06\/202206_VISUELS_MODELES-02-1024x819.jpg 1024w, https:\/\/wp.craftine.cargo-webproject.com\/wp-content\/uploads\/2022\/06\/202206_VISUELS_MODELES-02-300x240.jpg 300w, https:\/\/wp.craftine.cargo-webproject.com\/wp-content\/uploads\/2022\/06\/202206_VISUELS_MODELES-02-768x614.jpg 768w, https:\/\/wp.craftine.cargo-webproject.com\/wp-content\/uploads\/2022\/06\/202206_VISUELS_MODELES-02-696x557.jpg 696w, https:\/\/wp.craftine.cargo-webproject.com\/wp-content\/uploads\/2022\/06\/202206_VISUELS_MODELES-02-1068x854.jpg 1068w, https:\/\/wp.craftine.cargo-webproject.com\/wp-content\/uploads\/2022\/06\/202206_VISUELS_MODELES-02-525x420.jpg 525w, https:\/\/wp.craftine.cargo-webproject.com\/wp-content\/uploads\/2022\/06\/202206_VISUELS_MODELES-02-1920x1536.jpg 1920w\" sizes=\"auto, (max-width: 1024px) 100vw, 1024px\" \/><figcaption class=\"wp-element-caption\"> <em>La robe Azal\u00e9e &#8211; Craftine Patrons<\/em> <\/figcaption><\/figure>\n\n\n\n<p>Conseil style : A porter avec des chaussures hautes compens\u00e9es.<\/p>\n\n\n\n<h3 class=\"wp-block-heading\">Suggestion #2 : Colorful mood<\/h3>\n\n\n\n<p>Effet portefeuille, volant\u00e9e et ceintur\u00e9e, la <strong>jupe Capucine <\/strong>joue avec les volumes. Elle a un sacr\u00e9 caract\u00e8re, \u00e0 la fois coquette et sensuelle, id\u00e9ale pour f\u00e9miniser toutes les tenues. Confortable qui plus est avec sa taille \u00e9lastiqu\u00e9e et sa coupe \u00e9vas\u00e9e.<\/p>\n\n\n\n<figure class=\"wp-block-image\"><img loading=\"lazy\" decoding=\"async\" width=\"1024\" height=\"819\" src=\"https:\/\/www.craftine.com\/blog\/wp-content\/uploads\/2022\/06\/202206_VISUELS_MODELES-04-1024x819.jpg\" alt=\"\" class=\"wp-image-5102\" srcset=\"https:\/\/wp.craftine.cargo-webproject.com\/wp-content\/uploads\/2022\/06\/202206_VISUELS_MODELES-04-1024x819.jpg 1024w, https:\/\/wp.craftine.cargo-webproject.com\/wp-content\/uploads\/2022\/06\/202206_VISUELS_MODELES-04-300x240.jpg 300w, https:\/\/wp.craftine.cargo-webproject.com\/wp-content\/uploads\/2022\/06\/202206_VISUELS_MODELES-04-768x614.jpg 768w, https:\/\/wp.craftine.cargo-webproject.com\/wp-content\/uploads\/2022\/06\/202206_VISUELS_MODELES-04-696x557.jpg 696w, https:\/\/wp.craftine.cargo-webproject.com\/wp-content\/uploads\/2022\/06\/202206_VISUELS_MODELES-04-1068x854.jpg 1068w, https:\/\/wp.craftine.cargo-webproject.com\/wp-content\/uploads\/2022\/06\/202206_VISUELS_MODELES-04-525x420.jpg 525w, https:\/\/wp.craftine.cargo-webproject.com\/wp-content\/uploads\/2022\/06\/202206_VISUELS_MODELES-04-1920x1536.jpg 1920w\" sizes=\"auto, (max-width: 1024px) 100vw, 1024px\" \/><figcaption class=\"wp-element-caption\"> <em>La jupe Capucine &#8211; Craftine Patrons<\/em> <\/figcaption><\/figure>\n\n\n\n<p>Conseil style : A porter avec un tee-shirt et des sandales \u00e9clatantes pour un look colorful !  <\/p>\n\n\n\n<h2 class=\"wp-block-heading\">En exclusivit\u00e9 : Tuto de l&rsquo;headband Peppy<\/h2>\n\n\n\n<div class=\"wp-block-media-text has-media-on-the-right is-stacked-on-mobile\"><div class=\"wp-block-media-text__content\">\n<p class=\"has-regular-font-size\">Le tuto accessoire de la Craftine box d\u2019\u00e9t\u00e9 permet de r\u00e9aliser avec les chutes de la box un joli accessoire mode : le <strong><a href=\"https:\/\/www.craftine.com\/kit-couture-craftine-headband-peppy.html\">headband Peppy<\/a><\/strong>. Joli effet twist\u00e9 sur le dessus, cet headband est l\u2019accessoire sympa pour donner style et volume \u00e0 votre coiffure. Confort avec son \u00e9lastique sous nuque, il sublimera votre look !  <\/p>\n<\/div><figure class=\"wp-block-media-text__media\"><img loading=\"lazy\" decoding=\"async\" width=\"576\" height=\"1024\" src=\"https:\/\/www.craftine.com\/blog\/wp-content\/uploads\/2022\/06\/202206_STORY-5-576x1024.jpg\" alt=\"\" class=\"wp-image-5103 size-full\" srcset=\"https:\/\/wp.craftine.cargo-webproject.com\/wp-content\/uploads\/2022\/06\/202206_STORY-5-576x1024.jpg 576w, https:\/\/wp.craftine.cargo-webproject.com\/wp-content\/uploads\/2022\/06\/202206_STORY-5-169x300.jpg 169w, https:\/\/wp.craftine.cargo-webproject.com\/wp-content\/uploads\/2022\/06\/202206_STORY-5-768x1365.jpg 768w, https:\/\/wp.craftine.cargo-webproject.com\/wp-content\/uploads\/2022\/06\/202206_STORY-5-696x1237.jpg 696w, https:\/\/wp.craftine.cargo-webproject.com\/wp-content\/uploads\/2022\/06\/202206_STORY-5-1068x1898.jpg 1068w, https:\/\/wp.craftine.cargo-webproject.com\/wp-content\/uploads\/2022\/06\/202206_STORY-5-236x420.jpg 236w, https:\/\/wp.craftine.cargo-webproject.com\/wp-content\/uploads\/2022\/06\/202206_STORY-5-1920x3412.jpg 1920w\" sizes=\"auto, (max-width: 576px) 100vw, 576px\" \/><\/figure><\/div>\n\n\n\n<figure class=\"wp-block-image\"><img loading=\"lazy\" decoding=\"async\" width=\"1000\" height=\"1000\" src=\"https:\/\/www.craftine.com\/blog\/wp-content\/uploads\/2022\/06\/TUTO_HEADBAND_PEPPY.jpg\" alt=\"\" class=\"wp-image-5116\" srcset=\"https:\/\/wp.craftine.cargo-webproject.com\/wp-content\/uploads\/2022\/06\/TUTO_HEADBAND_PEPPY.jpg 1000w, https:\/\/wp.craftine.cargo-webproject.com\/wp-content\/uploads\/2022\/06\/TUTO_HEADBAND_PEPPY-150x150.jpg 150w, https:\/\/wp.craftine.cargo-webproject.com\/wp-content\/uploads\/2022\/06\/TUTO_HEADBAND_PEPPY-300x300.jpg 300w, https:\/\/wp.craftine.cargo-webproject.com\/wp-content\/uploads\/2022\/06\/TUTO_HEADBAND_PEPPY-768x768.jpg 768w, https:\/\/wp.craftine.cargo-webproject.com\/wp-content\/uploads\/2022\/06\/TUTO_HEADBAND_PEPPY-696x696.jpg 696w, https:\/\/wp.craftine.cargo-webproject.com\/wp-content\/uploads\/2022\/06\/TUTO_HEADBAND_PEPPY-420x420.jpg 420w\" sizes=\"auto, (max-width: 1000px) 100vw, 1000px\" \/><figcaption class=\"wp-element-caption\"><em>Le Headband Peppy \u2013 Fiche tuto patron et pas \u00e0 pas en images<\/em><\/figcaption><\/figure>\n\n\n\n<h2 class=\"wp-block-heading\">Mes avantages fid\u00e9lit\u00e9 abonn\u00e9e box <\/h2>\n\n\n\n<figure class=\"wp-block-image\"><img loading=\"lazy\" decoding=\"async\" width=\"1000\" height=\"718\" src=\"https:\/\/www.craftine.com\/blog\/wp-content\/uploads\/2022\/06\/FLYER_RECTO_JUIN_2022_PLUS_TISSUS2.jpg\" alt=\"\" class=\"wp-image-5098\" srcset=\"https:\/\/wp.craftine.cargo-webproject.com\/wp-content\/uploads\/2022\/06\/FLYER_RECTO_JUIN_2022_PLUS_TISSUS2.jpg 1000w, https:\/\/wp.craftine.cargo-webproject.com\/wp-content\/uploads\/2022\/06\/FLYER_RECTO_JUIN_2022_PLUS_TISSUS2-300x215.jpg 300w, https:\/\/wp.craftine.cargo-webproject.com\/wp-content\/uploads\/2022\/06\/FLYER_RECTO_JUIN_2022_PLUS_TISSUS2-768x551.jpg 768w, https:\/\/wp.craftine.cargo-webproject.com\/wp-content\/uploads\/2022\/06\/FLYER_RECTO_JUIN_2022_PLUS_TISSUS2-696x500.jpg 696w, https:\/\/wp.craftine.cargo-webproject.com\/wp-content\/uploads\/2022\/06\/FLYER_RECTO_JUIN_2022_PLUS_TISSUS2-585x420.jpg 585w\" sizes=\"auto, (max-width: 1000px) 100vw, 1000px\" \/><figcaption class=\"wp-element-caption\"> <em>Programme de fid\u00e9lit\u00e9 \u2013 Craftine Box <\/em> <\/figcaption><\/figure>\n\n\n\n<h2 class=\"wp-block-heading\">Ma s\u00e9lection de tissus du mois \u00e0 -50%<\/h2>\n\n\n\n<p>Impossible de faire un choix entre les deux patrons ? Vous voulez coudre les 2 ? Ou les d\u00e9cliner dans d&rsquo;autres coloris ? Alors faites vous plaisir avec notre s\u00e9lection de tissus \u00e0 prix co\u00fbtant :  <a href=\"https:\/\/www.craftine.com\/vpbox\">https:\/\/www.craftine.com\/vpbox<\/a><br>Si votre abonnement est <strong>actif<\/strong> et que vous vous connectez avec votre compte Craftine Shop, <strong>une remise de 50% va \u00eatre appliqu\u00e9e automatiquement<\/strong> \u00e0 tous les tissus de la s\u00e9lection. Si vous n&rsquo;avez pas encore de compte Craftine Shop, <a href=\"https:\/\/www.craftine.com\/customer\/account\/login\/\">cr\u00e9ez-en<\/a> un avec le m\u00eame email que celui utilis\u00e9 pour Craftine Box. <\/p>\n\n\n\n<h2 class=\"wp-block-heading\">Rappel : O\u00f9 trouver les patrons et les cahiers des instructions ? <\/h2>\n\n\n\n<p>Nous vous rappelons que nos <strong>patrons<\/strong>&nbsp;sont disponibles de la taille&nbsp;<strong>34 \u00e0 48<\/strong>&nbsp;en<strong>&nbsp;version PDF<\/strong>&nbsp;et&nbsp;<strong>version papier<\/strong>&nbsp;inclus dans votre box si vous avez opt\u00e9 pour cette option.&nbsp;<br>Les&nbsp;<strong>instructions de montage<\/strong>&nbsp;ainsi que les patrons PDF sont disponibles via le lien de t\u00e9l\u00e9chargement qui se trouve sur le flyer gliss\u00e9 dans votre box. Saisissez ce lien directement dans la barre d\u2019adresse de votre navigateur. Pour y acc\u00e9der plus facilement, vous pouvez \u00e9galement cliquer directement&nbsp;<a rel=\"noreferrer noopener\" href=\"https:\/\/www.craftine.com\/mon-patron\" target=\"_blank\">ici<\/a>. Il vous suffit ensuite de renseigner votre code confidentiel inscrit sur votre flyer. Vous pourrez alors r\u00e9cup\u00e9rer les fichiers.<\/p>\n\n\n\n<ul class=\"wp-block-list\">\n<li>Patrons PDF ou papier<\/li>\n\n\n\n<li>Gammes de montage d\u00e9taill\u00e9es<\/li>\n<\/ul>\n\n\n\n<h2 class=\"wp-block-heading\">Vous souhaitez vous aussi rejoindre notre communaut\u00e9 d\u2019abonn\u00e9es et profiter d&rsquo;avantages fid\u00e9lit\u00e9 ?<\/h2>\n\n\n\n<p>Pour recevoir la <strong>Craftine Box<\/strong>, ou pour l&rsquo;offrir, inscrivez-vous :\u00a0<strong><a href=\"https:\/\/www.craftine.com\/offrir-box-couture.html\">ici<\/a><\/strong>.<br>Pour d\u00e9couvrir nos tissus, rubans, mercerie, patrons couture, visitez notre\u00a0<strong><a href=\"https:\/\/www.craftine.com\/\">mercerie en ligne<\/a><\/strong>.   <\/p>\n","protected":false},"excerpt":{"rendered":"<p>Cette nouvelle box d&rsquo;\u00e9t\u00e9 est une petite p\u00e9pite, avec un contenu color\u00e9, tr\u00e8s estival, empli d&rsquo;une \u00e9nergie solaire. Elle va \u00e0 coup s\u00fbr devenir une de vos box chouchous avec des pi\u00e8ces coup de c\u0153ur qui souligneront la f\u00e9minit\u00e9 et la sensualit\u00e9 de toutes les morphologies. Elle renferme \u00e9galement un tissu de folie que vous [&hellip;]<\/p>\n","protected":false},"author":5,"featured_media":5110,"comment_status":"open","ping_status":"open","sticky":false,"template":"","format":"standard","meta":{"footnotes":""},"categories":[17],"tags":[],"class_list":{"0":"post-5096","1":"post","2":"type-post","3":"status-publish","4":"format-standard","5":"has-post-thumbnail","7":"category-box"},"_links":{"self":[{"href":"https:\/\/wp.craftine.cargo-webproject.com\/wp-json\/wp\/v2\/posts\/5096","targetHints":{"allow":["GET"]}}],"collection":[{"href":"https:\/\/wp.craftine.cargo-webproject.com\/wp-json\/wp\/v2\/posts"}],"about":[{"href":"https:\/\/wp.craftine.cargo-webproject.com\/wp-json\/wp\/v2\/types\/post"}],"author":[{"embeddable":true,"href":"https:\/\/wp.craftine.cargo-webproject.com\/wp-json\/wp\/v2\/users\/5"}],"replies":[{"embeddable":true,"href":"https:\/\/wp.craftine.cargo-webproject.com\/wp-json\/wp\/v2\/comments?post=5096"}],"version-history":[{"count":14,"href":"https:\/\/wp.craftine.cargo-webproject.com\/wp-json\/wp\/v2\/posts\/5096\/revisions"}],"predecessor-version":[{"id":5825,"href":"https:\/\/wp.craftine.cargo-webproject.com\/wp-json\/wp\/v2\/posts\/5096\/revisions\/5825"}],"wp:featuredmedia":[{"embeddable":true,"href":"https:\/\/wp.craftine.cargo-webproject.com\/wp-json\/wp\/v2\/media\/5110"}],"wp:attachment":[{"href":"https:\/\/wp.craftine.cargo-webproject.com\/wp-json\/wp\/v2\/media?parent=5096"}],"wp:term":[{"taxonomy":"category","embeddable":true,"href":"https:\/\/wp.craftine.cargo-webproject.com\/wp-json\/wp\/v2\/categories?post=5096"},{"taxonomy":"post_tag","embeddable":true,"href":"https:\/\/wp.craftine.cargo-webproject.com\/wp-json\/wp\/v2\/tags?post=5096"}],"curies":[{"name":"wp","href":"https:\/\/api.w.org\/{rel}","templated":true}]}}