{"id":5145,"date":"2022-11-02T14:28:56","date_gmt":"2022-11-02T13:28:56","guid":{"rendered":"https:\/\/www.craftine.com\/blog\/?p=5145"},"modified":"2024-09-17T09:23:19","modified_gmt":"2024-09-17T07:23:19","slug":"la-craftine-box-dautomne-2022-est-arrivee","status":"publish","type":"post","link":"https:\/\/wp.craftine.cargo-webproject.com\/la-craftine-box-dautomne-2022-est-arrivee\/","title":{"rendered":"Craftine box : la box d&rsquo;automne est arriv\u00e9e !"},"content":{"rendered":"\n<p>Cette <a href=\"https:\/\/www.craftine.com\/box-couture.html\"><strong>nouvelle box<\/strong><\/a> d&rsquo;automne est une box in\u00e9dite et innovante pour coudre soi-m\u00eame un v\u00eatement impactant. Cette box renferme une belle mati\u00e8re pile dans la tendance matelass\u00e9e et m\u00e9tallis\u00e9e. Elle vous propose ainsi de coudre une mati\u00e8re que vous n&rsquo;avez s\u00fbrement pas souvent eu l&rsquo;occasion de travailler et qui vous permet ainsi s&rsquo;apprendre de nouvelles techniques couture !<br>Cette nouvelle box est aussi l&rsquo;occasion de d\u00e9couvrir deux <strong><a href=\"https:\/\/www.craftine.com\/patrons-de-couture.html\">nouveaux patrons<\/a><\/strong> en avant premi\u00e8re et en exclusivit\u00e9, deux jolies pi\u00e8ces avec deux styles diff\u00e9rents \u00e0 porter avec toutes vos tenues. Vous allez \u00e9galement pouvoir cr\u00e9er un nouvel accessoire pratique et styl\u00e9.<br>Voici donc une jolie box \u00e0 coudre d&rsquo;urgence !<\/p>\n\n\n\n<h2 class=\"wp-block-heading\">Voici le contenu de votre box couture surprise :<\/h2>\n\n\n\n<figure class=\"wp-block-image\"><img loading=\"lazy\" decoding=\"async\" width=\"1024\" height=\"702\" src=\"https:\/\/www.craftine.com\/blog\/wp-content\/uploads\/2022\/10\/FLYER_VERSO_OCTOBRE_22-1024x702.jpg\" alt=\"\" class=\"wp-image-5151\" srcset=\"https:\/\/wp.craftine.cargo-webproject.com\/wp-content\/uploads\/2022\/10\/FLYER_VERSO_OCTOBRE_22-1024x702.jpg 1024w, https:\/\/wp.craftine.cargo-webproject.com\/wp-content\/uploads\/2022\/10\/FLYER_VERSO_OCTOBRE_22-300x206.jpg 300w, https:\/\/wp.craftine.cargo-webproject.com\/wp-content\/uploads\/2022\/10\/FLYER_VERSO_OCTOBRE_22-768x527.jpg 768w, https:\/\/wp.craftine.cargo-webproject.com\/wp-content\/uploads\/2022\/10\/FLYER_VERSO_OCTOBRE_22-100x70.jpg 100w, https:\/\/wp.craftine.cargo-webproject.com\/wp-content\/uploads\/2022\/10\/FLYER_VERSO_OCTOBRE_22-218x150.jpg 218w, https:\/\/wp.craftine.cargo-webproject.com\/wp-content\/uploads\/2022\/10\/FLYER_VERSO_OCTOBRE_22-696x477.jpg 696w, https:\/\/wp.craftine.cargo-webproject.com\/wp-content\/uploads\/2022\/10\/FLYER_VERSO_OCTOBRE_22-1068x733.jpg 1068w, https:\/\/wp.craftine.cargo-webproject.com\/wp-content\/uploads\/2022\/10\/FLYER_VERSO_OCTOBRE_22-612x420.jpg 612w, https:\/\/wp.craftine.cargo-webproject.com\/wp-content\/uploads\/2022\/10\/FLYER_VERSO_OCTOBRE_22-1920x1317.jpg 1920w\" sizes=\"auto, (max-width: 1024px) 100vw, 1024px\" \/><\/figure>\n\n\n\n<p>La Craftine box d&rsquo;automne renferme le tissu incontournable de la saison : le tissu matelass\u00e9 m\u00e9tallis\u00e9. C&rsquo;est une v\u00e9ritable p\u00e9pite qui permet de r\u00e9aliser une pi\u00e8ce impactante et indispensable de son dressing.<\/p>\n\n\n\n<p>Nos conseils pour coudre cette jolie mati\u00e8re matelass\u00e9e :<br>&#8211; Pas de lavage<br>&#8211; Repassage doux avec une pattemouille<br>&#8211; <a href=\"https:\/\/www.craftine.com\/mercerie\/aiguilles-epingles\/aiguilles-main\/aiguilles-cuir.html\">Aiguille sp\u00e9ciale cuir<\/a> 80\/90<br>&#8211; Utilisation de <a href=\"https:\/\/www.craftine.com\/mercerie\/outils-couture\/pinces.html\">pinces<\/a> et non d&rsquo;\u00e9pingles<br>&#8211; \u00c9ventuellement pied T\u00e9flon ou fixation de papier patron sous <a href=\"https:\/\/www.craftine.com\/mercerie\/outils-couture\/accessoires-machines-a-coudre\/pied-de-biche-machine-a-coudre.html\">le pied de biche<\/a> (pour le c\u00f4t\u00e9 de tissu face enduite)<br>&#8211; Report des rep\u00e8res \u00e0 l&rsquo;aide d&rsquo;un ruban adh\u00e9sif sp\u00e9cial quilting<br>&#8211; Utilisation de poids pour maintenir les pi\u00e8ces du patron sur le tissu<br>&#8211; Retrouver notre <a href=\"https:\/\/www.craftine.com\/tissus\/shopby\/tissus-automne.html\">collection de tissus d&rsquo;automne<\/a><\/p>\n\n\n\n<p><\/p>\n\n\n\n<h2 class=\"wp-block-heading\">Nos propositions avec ce contenu <\/h2>\n\n\n\n<p>Ce mois-ci, d\u00e9couvrez en exclusivit\u00e9 nos deux nouveaux patrons couture mode femme : La <strong><a href=\"https:\/\/www.craftine.com\/patron-craftine-doudoune-badiane.html\">doudoune Badiane<\/a><\/strong> et la <strong><a href=\"https:\/\/www.craftine.com\/patron-craftine-veste-sauge.html\">veste Sauge<\/a><\/strong>.<\/p>\n\n\n\n<figure class=\"wp-block-image\"><img loading=\"lazy\" decoding=\"async\" width=\"1024\" height=\"736\" src=\"https:\/\/www.craftine.com\/blog\/wp-content\/uploads\/2022\/10\/FLYER_RECTO_OCTOBRE-22-1024x736.jpg\" alt=\"\" class=\"wp-image-5150\" srcset=\"https:\/\/wp.craftine.cargo-webproject.com\/wp-content\/uploads\/2022\/10\/FLYER_RECTO_OCTOBRE-22-1024x736.jpg 1024w, https:\/\/wp.craftine.cargo-webproject.com\/wp-content\/uploads\/2022\/10\/FLYER_RECTO_OCTOBRE-22-300x216.jpg 300w, https:\/\/wp.craftine.cargo-webproject.com\/wp-content\/uploads\/2022\/10\/FLYER_RECTO_OCTOBRE-22-768x552.jpg 768w, https:\/\/wp.craftine.cargo-webproject.com\/wp-content\/uploads\/2022\/10\/FLYER_RECTO_OCTOBRE-22-696x500.jpg 696w, https:\/\/wp.craftine.cargo-webproject.com\/wp-content\/uploads\/2022\/10\/FLYER_RECTO_OCTOBRE-22-1068x767.jpg 1068w, https:\/\/wp.craftine.cargo-webproject.com\/wp-content\/uploads\/2022\/10\/FLYER_RECTO_OCTOBRE-22-585x420.jpg 585w, https:\/\/wp.craftine.cargo-webproject.com\/wp-content\/uploads\/2022\/10\/FLYER_RECTO_OCTOBRE-22-1920x1379.jpg 1920w\" sizes=\"auto, (max-width: 1024px) 100vw, 1024px\" \/><\/figure>\n\n\n\n<h3 class=\"wp-block-heading\">Suggestion #1 : Pretty in quilted<\/h3>\n\n\n\n<p>Coupe allong\u00e9e et ceintur\u00e9e \u00e0 la taille pour un max de f\u00e9minit\u00e9, poches plaqu\u00e9es et col montant, la <strong>doudoune Badiane<\/strong> a tout pour plaire. V\u00e9ritable allure affirm\u00e9e avec sa coupe sans manches, c\u2019est la pi\u00e8ce \u00e0 porter au plus vite.<\/p>\n\n\n\n<figure class=\"wp-block-image\"><img loading=\"lazy\" decoding=\"async\" width=\"1024\" height=\"820\" src=\"https:\/\/www.craftine.com\/blog\/wp-content\/uploads\/2022\/10\/202210_VISUELS_MODELES-04-1024x820.jpg\" alt=\"\" class=\"wp-image-5147\" srcset=\"https:\/\/wp.craftine.cargo-webproject.com\/wp-content\/uploads\/2022\/10\/202210_VISUELS_MODELES-04-1024x820.jpg 1024w, https:\/\/wp.craftine.cargo-webproject.com\/wp-content\/uploads\/2022\/10\/202210_VISUELS_MODELES-04-300x240.jpg 300w, https:\/\/wp.craftine.cargo-webproject.com\/wp-content\/uploads\/2022\/10\/202210_VISUELS_MODELES-04-768x615.jpg 768w, https:\/\/wp.craftine.cargo-webproject.com\/wp-content\/uploads\/2022\/10\/202210_VISUELS_MODELES-04-696x557.jpg 696w, https:\/\/wp.craftine.cargo-webproject.com\/wp-content\/uploads\/2022\/10\/202210_VISUELS_MODELES-04-1068x855.jpg 1068w, https:\/\/wp.craftine.cargo-webproject.com\/wp-content\/uploads\/2022\/10\/202210_VISUELS_MODELES-04-525x420.jpg 525w, https:\/\/wp.craftine.cargo-webproject.com\/wp-content\/uploads\/2022\/10\/202210_VISUELS_MODELES-04-1920x1537.jpg 1920w\" sizes=\"auto, (max-width: 1024px) 100vw, 1024px\" \/><figcaption class=\"wp-element-caption\"> <em>La doudoune Badiane &#8211; Craftine Patrons   <\/em> <\/figcaption><\/figure>\n\n\n\n<p>Conseil style : A mixer avec toutes les pi\u00e8ces du dressing, voici votre nouveau meilleur alli\u00e9 de la saison !<\/p>\n\n\n\n<h3 class=\"wp-block-heading\">Suggestion #2 : H\u00e9ro\u00efne-rock<\/h3>\n\n\n\n<p>Courte et \u00e9pur\u00e9e, coupe droite et finition biais, la <strong><a href=\"https:\/\/www.craftine.com\/patron-craftine-veste-aneth.html\">veste Aneth<\/a><\/strong> promet une allure inspirante et sophistiqu\u00e9e. Parfaite pour rester au chaud, on la porterait bien toute la journ\u00e9e !<\/p>\n\n\n\n<figure class=\"wp-block-image\"><img loading=\"lazy\" decoding=\"async\" width=\"1024\" height=\"820\" src=\"https:\/\/www.craftine.com\/blog\/wp-content\/uploads\/2022\/10\/202210_VISUELS_MODELES-03-1024x820.jpg\" alt=\"\" class=\"wp-image-5146\" srcset=\"https:\/\/wp.craftine.cargo-webproject.com\/wp-content\/uploads\/2022\/10\/202210_VISUELS_MODELES-03-1024x820.jpg 1024w, https:\/\/wp.craftine.cargo-webproject.com\/wp-content\/uploads\/2022\/10\/202210_VISUELS_MODELES-03-300x240.jpg 300w, https:\/\/wp.craftine.cargo-webproject.com\/wp-content\/uploads\/2022\/10\/202210_VISUELS_MODELES-03-768x615.jpg 768w, https:\/\/wp.craftine.cargo-webproject.com\/wp-content\/uploads\/2022\/10\/202210_VISUELS_MODELES-03-696x557.jpg 696w, https:\/\/wp.craftine.cargo-webproject.com\/wp-content\/uploads\/2022\/10\/202210_VISUELS_MODELES-03-1068x855.jpg 1068w, https:\/\/wp.craftine.cargo-webproject.com\/wp-content\/uploads\/2022\/10\/202210_VISUELS_MODELES-03-525x420.jpg 525w, https:\/\/wp.craftine.cargo-webproject.com\/wp-content\/uploads\/2022\/10\/202210_VISUELS_MODELES-03-1920x1537.jpg 1920w\" sizes=\"auto, (max-width: 1024px) 100vw, 1024px\" \/><figcaption class=\"wp-element-caption\"> <em>La veste Aneth &#8211; Craftine Patrons   <\/em> <\/figcaption><\/figure>\n\n\n\n<p>Conseil style : Facile \u00e0 porter et \u00e0 associer, elle deviendra vite une pi\u00e8ce chouchou de votre garde-robe.<\/p>\n\n\n\n<h2 class=\"wp-block-heading\">En exclusivit\u00e9 : Tuto de la pochette t\u00e9l\u00e9phone Louisy<\/h2>\n\n\n\n<div class=\"wp-block-media-text has-media-on-the-right\"><div class=\"wp-block-media-text__content\">\n<p class=\"has-regular-font-size\">Le tuto accessoire de la Craftine box d&rsquo;automne permet de r\u00e9aliser un joli accessoire mode : la <strong>pochette t\u00e9l\u00e9phone Louisy<\/strong>. Pratique et styl\u00e9e, cette pochette pour t\u00e9l\u00e9phone s\u2019accroche \u00e0 la ceinture pour un maximum de libert\u00e9 et de praticit\u00e9. Votre t\u00e9l\u00e9phone sera prot\u00e9g\u00e9 en beaut\u00e9 et toujours \u00e0 port\u00e9e de main !<\/p>\n<\/div><figure class=\"wp-block-media-text__media\"><img loading=\"lazy\" decoding=\"async\" width=\"683\" height=\"1024\" src=\"https:\/\/www.craftine.com\/blog\/wp-content\/uploads\/2022\/10\/AMB_202206_PHOTO-4237_CRAFTINE1240_taille_petit-683x1024.jpg\" alt=\"\" class=\"wp-image-5152 size-full\" srcset=\"https:\/\/wp.craftine.cargo-webproject.com\/wp-content\/uploads\/2022\/10\/AMB_202206_PHOTO-4237_CRAFTINE1240_taille_petit-683x1024.jpg 683w, https:\/\/wp.craftine.cargo-webproject.com\/wp-content\/uploads\/2022\/10\/AMB_202206_PHOTO-4237_CRAFTINE1240_taille_petit-200x300.jpg 200w, https:\/\/wp.craftine.cargo-webproject.com\/wp-content\/uploads\/2022\/10\/AMB_202206_PHOTO-4237_CRAFTINE1240_taille_petit-768x1152.jpg 768w, https:\/\/wp.craftine.cargo-webproject.com\/wp-content\/uploads\/2022\/10\/AMB_202206_PHOTO-4237_CRAFTINE1240_taille_petit-696x1044.jpg 696w, https:\/\/wp.craftine.cargo-webproject.com\/wp-content\/uploads\/2022\/10\/AMB_202206_PHOTO-4237_CRAFTINE1240_taille_petit-280x420.jpg 280w, https:\/\/wp.craftine.cargo-webproject.com\/wp-content\/uploads\/2022\/10\/AMB_202206_PHOTO-4237_CRAFTINE1240_taille_petit.jpg 1000w\" sizes=\"auto, (max-width: 683px) 100vw, 683px\" \/><\/figure><\/div>\n\n\n\n<h2 class=\"wp-block-heading\">Mes avantages fid\u00e9lit\u00e9 abonn\u00e9e box <\/h2>\n\n\n\n<figure class=\"wp-block-image\"><img loading=\"lazy\" decoding=\"async\" width=\"1024\" height=\"736\" src=\"https:\/\/www.craftine.com\/blog\/wp-content\/uploads\/2022\/10\/FLYER_RECTO_OCTOBRE_2022_PLUS_TISSUS-1024x736.jpg\" alt=\"\" class=\"wp-image-5149\" srcset=\"https:\/\/wp.craftine.cargo-webproject.com\/wp-content\/uploads\/2022\/10\/FLYER_RECTO_OCTOBRE_2022_PLUS_TISSUS-1024x736.jpg 1024w, https:\/\/wp.craftine.cargo-webproject.com\/wp-content\/uploads\/2022\/10\/FLYER_RECTO_OCTOBRE_2022_PLUS_TISSUS-300x215.jpg 300w, https:\/\/wp.craftine.cargo-webproject.com\/wp-content\/uploads\/2022\/10\/FLYER_RECTO_OCTOBRE_2022_PLUS_TISSUS-768x552.jpg 768w, https:\/\/wp.craftine.cargo-webproject.com\/wp-content\/uploads\/2022\/10\/FLYER_RECTO_OCTOBRE_2022_PLUS_TISSUS-696x500.jpg 696w, https:\/\/wp.craftine.cargo-webproject.com\/wp-content\/uploads\/2022\/10\/FLYER_RECTO_OCTOBRE_2022_PLUS_TISSUS-1068x767.jpg 1068w, https:\/\/wp.craftine.cargo-webproject.com\/wp-content\/uploads\/2022\/10\/FLYER_RECTO_OCTOBRE_2022_PLUS_TISSUS-585x420.jpg 585w, https:\/\/wp.craftine.cargo-webproject.com\/wp-content\/uploads\/2022\/10\/FLYER_RECTO_OCTOBRE_2022_PLUS_TISSUS-1920x1379.jpg 1920w\" sizes=\"auto, (max-width: 1024px) 100vw, 1024px\" \/><figcaption class=\"wp-element-caption\"> <em>Programme de fid\u00e9lit\u00e9 \u2013 Craftine Box   <\/em> <\/figcaption><\/figure>\n\n\n\n<h2 class=\"wp-block-heading\">Ma s\u00e9lection de tissus du mois \u00e0 -50%<\/h2>\n\n\n\n<p>Impossible de faire un choix entre les deux patrons ? Vous voulez coudre les 2 ? Ou les d\u00e9cliner dans d&rsquo;autres coloris ? Alors faites vous plaisir avec notre s\u00e9lection de tissus \u00e0 prix co\u00fbtant :  <a href=\"https:\/\/www.craftine.com\/vpbox\">https:\/\/www.craftine.com\/vpbox<\/a><br>Si votre abonnement est <strong>actif<\/strong> et que vous vous connectez avec votre compte Craftine, <strong>une remise de 50% va \u00eatre appliqu\u00e9e automatiquement<\/strong> \u00e0 tous les tissus de la s\u00e9lection.<\/p>\n\n\n\n<h2 class=\"wp-block-heading\">Rappel : O\u00f9 trouver les patrons et les cahiers des instructions ? <\/h2>\n\n\n\n<p>Nous vous rappelons que nos <strong>patrons<\/strong>&nbsp;sont disponibles de la taille&nbsp;<strong>34 \u00e0 48<\/strong>&nbsp;en<strong>&nbsp;version PDF<\/strong>&nbsp;et&nbsp;<strong>version papier<\/strong>&nbsp;inclus dans votre box si vous avez opt\u00e9 pour cette option.&nbsp;<br>Les&nbsp;<strong>instructions de montage<\/strong>&nbsp;ainsi que les patrons PDF sont disponibles via le lien de t\u00e9l\u00e9chargement qui se trouve sur le flyer gliss\u00e9 dans votre box. Saisissez ce lien directement dans la barre d\u2019adresse de votre navigateur. Pour y acc\u00e9der plus facilement, vous pouvez \u00e9galement cliquer directement&nbsp;<a rel=\"noreferrer noopener\" href=\"https:\/\/www.craftine.com\/mon-patron\" target=\"_blank\">ici<\/a>. Il vous suffit ensuite de renseigner votre code confidentiel inscrit sur votre flyer. Vous pourrez alors r\u00e9cup\u00e9rer les fichiers.<\/p>\n\n\n\n<ul class=\"wp-block-list\">\n<li>Patrons PDF ou papier<\/li>\n\n\n\n<li>Gammes de montage d\u00e9taill\u00e9es<\/li>\n<\/ul>\n\n\n\n<h2 class=\"wp-block-heading\">Vous souhaitez vous aussi rejoindre notre communaut\u00e9 d\u2019abonn\u00e9es et profiter d&rsquo;avantages fid\u00e9lit\u00e9 ?<\/h2>\n\n\n\n<p>Pour recevoir la <strong>Craftine Box<\/strong>, inscrivez-vous :&nbsp;<strong><a href=\"https:\/\/www.craftine.com\/box-couture.html\">ici<\/a><\/strong>.<br>Pour d\u00e9couvrir nos tissus, rubans, mercerie, patrons couture, visitez notre&nbsp;<strong><a href=\"https:\/\/www.craftine.com\/\">mercerie en ligne<\/a><\/strong>.<\/p>\n","protected":false},"excerpt":{"rendered":"<p>Cette nouvelle box d&rsquo;automne est une box in\u00e9dite et innovante pour coudre soi-m\u00eame un v\u00eatement impactant. Cette box renferme une belle mati\u00e8re pile dans la tendance matelass\u00e9e et m\u00e9tallis\u00e9e. Elle vous propose ainsi de coudre une mati\u00e8re que vous n&rsquo;avez s\u00fbrement pas souvent eu l&rsquo;occasion de travailler et qui vous permet ainsi s&rsquo;apprendre de nouvelles [&hellip;]<\/p>\n","protected":false},"author":5,"featured_media":5148,"comment_status":"open","ping_status":"open","sticky":false,"template":"","format":"standard","meta":{"footnotes":""},"categories":[17],"tags":[],"class_list":{"0":"post-5145","1":"post","2":"type-post","3":"status-publish","4":"format-standard","5":"has-post-thumbnail","7":"category-box"},"_links":{"self":[{"href":"https:\/\/wp.craftine.cargo-webproject.com\/wp-json\/wp\/v2\/posts\/5145","targetHints":{"allow":["GET"]}}],"collection":[{"href":"https:\/\/wp.craftine.cargo-webproject.com\/wp-json\/wp\/v2\/posts"}],"about":[{"href":"https:\/\/wp.craftine.cargo-webproject.com\/wp-json\/wp\/v2\/types\/post"}],"author":[{"embeddable":true,"href":"https:\/\/wp.craftine.cargo-webproject.com\/wp-json\/wp\/v2\/users\/5"}],"replies":[{"embeddable":true,"href":"https:\/\/wp.craftine.cargo-webproject.com\/wp-json\/wp\/v2\/comments?post=5145"}],"version-history":[{"count":14,"href":"https:\/\/wp.craftine.cargo-webproject.com\/wp-json\/wp\/v2\/posts\/5145\/revisions"}],"predecessor-version":[{"id":6458,"href":"https:\/\/wp.craftine.cargo-webproject.com\/wp-json\/wp\/v2\/posts\/5145\/revisions\/6458"}],"wp:featuredmedia":[{"embeddable":true,"href":"https:\/\/wp.craftine.cargo-webproject.com\/wp-json\/wp\/v2\/media\/5148"}],"wp:attachment":[{"href":"https:\/\/wp.craftine.cargo-webproject.com\/wp-json\/wp\/v2\/media?parent=5145"}],"wp:term":[{"taxonomy":"category","embeddable":true,"href":"https:\/\/wp.craftine.cargo-webproject.com\/wp-json\/wp\/v2\/categories?post=5145"},{"taxonomy":"post_tag","embeddable":true,"href":"https:\/\/wp.craftine.cargo-webproject.com\/wp-json\/wp\/v2\/tags?post=5145"}],"curies":[{"name":"wp","href":"https:\/\/api.w.org\/{rel}","templated":true}]}}