{"id":5864,"date":"2023-10-25T10:25:36","date_gmt":"2023-10-25T08:25:36","guid":{"rendered":"https:\/\/www.craftine.com\/blog\/?p=5864"},"modified":"2025-01-29T12:30:09","modified_gmt":"2025-01-29T11:30:09","slug":"craftine-box-la-box-automne-est-arrivee","status":"publish","type":"post","link":"https:\/\/wp.craftine.cargo-webproject.com\/craftine-box-la-box-automne-est-arrivee\/","title":{"rendered":"Craftine box : la box d\u2019automne est arriv\u00e9e !"},"content":{"rendered":"\n<p><strong>L\u2019automne est l\u00e0<\/strong>, le dressing d\u2019hiver ressort petit \u00e0 petit du placard.&nbsp;Dans <a href=\"https:\/\/www.craftine.com\/box\" target=\"_blank\" rel=\"noreferrer noopener\"><strong>cette nouvelle box<\/strong><\/a>, on vous propose de vous&nbsp;approprier un <strong>classique de la couture<\/strong> avec un tissu plein de surprises pour des <strong>pi\u00e8ces chics et urbaines<\/strong> que vous n\u2019allez plus quitter !<\/p>\n\n\n\n<h2 class=\"wp-block-heading\">Voici le contenu de votre box couture surprise :<\/h2>\n\n\n<div class=\"wp-block-image\">\n<figure class=\"aligncenter size-full is-resized\"><img loading=\"lazy\" decoding=\"async\" width=\"595\" height=\"420\" src=\"https:\/\/www.craftine.com\/blog\/wp-content\/uploads\/2023\/10\/202310_VISUELS_Blog_2.jpg\" alt=\"\" class=\"wp-image-5867\" style=\"width:664px;height:468px\" srcset=\"https:\/\/wp.craftine.cargo-webproject.com\/wp-content\/uploads\/2023\/10\/202310_VISUELS_Blog_2.jpg 595w, https:\/\/wp.craftine.cargo-webproject.com\/wp-content\/uploads\/2023\/10\/202310_VISUELS_Blog_2-300x212.jpg 300w, https:\/\/wp.craftine.cargo-webproject.com\/wp-content\/uploads\/2023\/10\/202310_VISUELS_Blog_2-100x70.jpg 100w, https:\/\/wp.craftine.cargo-webproject.com\/wp-content\/uploads\/2023\/10\/202310_VISUELS_Blog_2-200x140.jpg 200w\" sizes=\"auto, (max-width: 595px) 100vw, 595px\" \/><\/figure>\n<\/div>\n\n<div class=\"wp-block-image\">\n<figure class=\"alignleft size-thumbnail\"><a href=\"https:\/\/www.craftine.com\/tissu-jacquard-craftine-graphik-reversible-par-10cm.html\" target=\"_blank\" rel=\"noopener\"><img loading=\"lazy\" decoding=\"async\" width=\"150\" height=\"150\" src=\"https:\/\/www.craftine.com\/blog\/wp-content\/uploads\/2023\/10\/tissu-jacquard-lurex-150x150.jpg\" alt=\"tissu jacquard lurex\" class=\"wp-image-5877\" srcset=\"https:\/\/wp.craftine.cargo-webproject.com\/wp-content\/uploads\/2023\/10\/tissu-jacquard-lurex-150x150.jpg 150w, https:\/\/wp.craftine.cargo-webproject.com\/wp-content\/uploads\/2023\/10\/tissu-jacquard-lurex-300x300.jpg 300w, https:\/\/wp.craftine.cargo-webproject.com\/wp-content\/uploads\/2023\/10\/tissu-jacquard-lurex-420x420.jpg 420w, https:\/\/wp.craftine.cargo-webproject.com\/wp-content\/uploads\/2023\/10\/tissu-jacquard-lurex.jpg 595w\" sizes=\"auto, (max-width: 150px) 100vw, 150px\" \/><\/a><\/figure>\n<\/div>\n\n\n<p>La Craftine box d\u2019automne renferme un <a href=\"https:\/\/www.craftine.com\/tissus\/mode\/jacquard-2587.html\" target=\"_blank\" rel=\"noreferrer noopener\">magnifique<strong> jacquard<\/strong><\/a> extensible, son motif <strong>pied de poule<\/strong> en noir et blanc le rend <strong>intemporel<\/strong>. Il est agr\u00e9ment\u00e9 de quelques<strong> pointes de couleurs<\/strong> pour la modernit\u00e9 et de<strong> reflets dor\u00e9s<\/strong> pour une allure chic.&nbsp;<\/p>\n\n\n\n<p><em>Petit plus : Le tissu est r\u00e9versible, \u00e0 vous de choisir comment vous voulez vos touches de couleurs, effet plumetis ou rayures.&nbsp;<\/em><\/p>\n\n\n\n<h2 class=\"wp-block-heading\">Nos propositions avec ce contenu<\/h2>\n\n\n\n<p>Ce mois-ci, d\u00e9couvrez en exclusivit\u00e9 nos deux nouveaux patrons couture mode femme : <strong>La veste Urba<\/strong> et le <strong>short Citiz<\/strong>.<\/p>\n\n\n<div class=\"wp-block-image\">\n<figure class=\"aligncenter size-full is-resized\"><img loading=\"lazy\" decoding=\"async\" width=\"595\" height=\"420\" src=\"https:\/\/www.craftine.com\/blog\/wp-content\/uploads\/2023\/10\/202310_VISUELS_Blog_3.jpg\" alt=\"\" class=\"wp-image-5868\" style=\"width:643px;height:454px\" srcset=\"https:\/\/wp.craftine.cargo-webproject.com\/wp-content\/uploads\/2023\/10\/202310_VISUELS_Blog_3.jpg 595w, https:\/\/wp.craftine.cargo-webproject.com\/wp-content\/uploads\/2023\/10\/202310_VISUELS_Blog_3-300x212.jpg 300w, https:\/\/wp.craftine.cargo-webproject.com\/wp-content\/uploads\/2023\/10\/202310_VISUELS_Blog_3-100x70.jpg 100w, https:\/\/wp.craftine.cargo-webproject.com\/wp-content\/uploads\/2023\/10\/202310_VISUELS_Blog_3-200x140.jpg 200w\" sizes=\"auto, (max-width: 595px) 100vw, 595px\" \/><\/figure>\n<\/div>\n\n\n<p>Sur le flyer de la box, vous avez la possibilit\u00e9 de <strong>d\u00e9couvrir les premi\u00e8res cr\u00e9ations d\u2019abonn\u00e9es<\/strong>. Cela vous permettra de vous projeter plus facilement ! Pour les d\u00e9couvrir, il suffit de scanner le QR Code ou de suivre ce lien : <a href=\"https:\/\/www.craftine.com\/vos-creations\">Vos cr\u00e9ations<\/a><\/p>\n\n\n\n<p>Vous avez \u00e9galement la possibilit\u00e9 de <strong>partager <\/strong>avec nous <a href=\"https:\/\/www.craftine.com\/vos-creations\" target=\"_blank\" rel=\"noreferrer noopener\"><strong>vos cr\u00e9ations<\/strong><\/a> dans ce nouvel espace communautaire !<\/p>\n\n\n\n<h3 class=\"wp-block-heading\">Suggestion #1 : Casual city<\/h3>\n\n\n\n<p>Ultra tendance, <strong>la veste Urba<\/strong> est \u00e0 la fois chic, ind\u00e9modable et d\u00e9contract\u00e9e.<\/p>\n\n\n\n<p>Sa coupe courte et carr\u00e9e, aux \u00e9paules l\u00e9g\u00e8rement tombantes lui donne une allure \u00e9l\u00e9gante et actuelle. Son col chemisier classique contraste avec ses maxi poches plaqu\u00e9es \u00e0 rabat et son <a href=\"https:\/\/www.craftine.com\/mercerie\/fermetures-eclair\/fermeture-metal.html\" target=\"_blank\" rel=\"noreferrer noopener\">zip apparent<\/a> ultra-moderne.<\/p>\n\n\n\n<p>Une pi\u00e8ce urbaine parfaite, \u00e0 mixer pour un look chic ou d\u00e9contract\u00e9.<\/p>\n\n\n\n<figure class=\"wp-block-image size-large\"><img loading=\"lazy\" decoding=\"async\" width=\"1024\" height=\"1024\" src=\"https:\/\/www.craftine.com\/blog\/wp-content\/uploads\/2023\/10\/202310_VISUELS_Blog_4-1024x1024.jpg\" alt=\"\" class=\"wp-image-5869\" srcset=\"https:\/\/wp.craftine.cargo-webproject.com\/wp-content\/uploads\/2023\/10\/202310_VISUELS_Blog_4-1024x1024.jpg 1024w, https:\/\/wp.craftine.cargo-webproject.com\/wp-content\/uploads\/2023\/10\/202310_VISUELS_Blog_4-300x300.jpg 300w, https:\/\/wp.craftine.cargo-webproject.com\/wp-content\/uploads\/2023\/10\/202310_VISUELS_Blog_4-150x150.jpg 150w, https:\/\/wp.craftine.cargo-webproject.com\/wp-content\/uploads\/2023\/10\/202310_VISUELS_Blog_4-768x768.jpg 768w, https:\/\/wp.craftine.cargo-webproject.com\/wp-content\/uploads\/2023\/10\/202310_VISUELS_Blog_4-696x696.jpg 696w, https:\/\/wp.craftine.cargo-webproject.com\/wp-content\/uploads\/2023\/10\/202310_VISUELS_Blog_4-1068x1068.jpg 1068w, https:\/\/wp.craftine.cargo-webproject.com\/wp-content\/uploads\/2023\/10\/202310_VISUELS_Blog_4-420x420.jpg 420w, https:\/\/wp.craftine.cargo-webproject.com\/wp-content\/uploads\/2023\/10\/202310_VISUELS_Blog_4.jpg 1251w\" sizes=\"auto, (max-width: 1024px) 100vw, 1024px\" \/><\/figure>\n\n\n\n<p><\/p>\n\n\n\n<p class=\"has-drop-cap\">Conseil style :\u00c0 porter avec un pantalon noir ou un <a href=\"https:\/\/www.craftine.com\/tissus\/mode\/jeans.html\" target=\"_blank\" rel=\"noreferrer noopener\">jean<\/a>, un pull de couleur uni et une paire de basket pour la touche sport : voici un look sporty chic qui vous accompagnera au quotidien !<\/p>\n\n\n\n<figure class=\"wp-block-image size-large\"><img loading=\"lazy\" decoding=\"async\" width=\"1024\" height=\"989\" src=\"https:\/\/www.craftine.com\/blog\/wp-content\/uploads\/2023\/10\/202310_VISUELS_Blog_5-1024x989.jpg\" alt=\"\" class=\"wp-image-5870\" srcset=\"https:\/\/wp.craftine.cargo-webproject.com\/wp-content\/uploads\/2023\/10\/202310_VISUELS_Blog_5-1024x989.jpg 1024w, https:\/\/wp.craftine.cargo-webproject.com\/wp-content\/uploads\/2023\/10\/202310_VISUELS_Blog_5-300x290.jpg 300w, https:\/\/wp.craftine.cargo-webproject.com\/wp-content\/uploads\/2023\/10\/202310_VISUELS_Blog_5-768x741.jpg 768w, https:\/\/wp.craftine.cargo-webproject.com\/wp-content\/uploads\/2023\/10\/202310_VISUELS_Blog_5-696x672.jpg 696w, https:\/\/wp.craftine.cargo-webproject.com\/wp-content\/uploads\/2023\/10\/202310_VISUELS_Blog_5-1068x1031.jpg 1068w, https:\/\/wp.craftine.cargo-webproject.com\/wp-content\/uploads\/2023\/10\/202310_VISUELS_Blog_5-435x420.jpg 435w, https:\/\/wp.craftine.cargo-webproject.com\/wp-content\/uploads\/2023\/10\/202310_VISUELS_Blog_5.jpg 1128w\" sizes=\"auto, (max-width: 1024px) 100vw, 1024px\" \/><\/figure>\n\n\n\n<h3 class=\"wp-block-heading\">Suggestion #2 : Working girl<\/h3>\n\n\n\n<p><strong>Le short Citiz<\/strong>&nbsp; sera votre alli\u00e9 style pour une allure classique chic, moderne et dynamique.<\/p>\n\n\n\n<p>Sa taille haute et sa forme trap\u00e8ze mettront vos jambes \u00e0 l\u2019honneur. Deux rabats de poche viennent embellir le dos. De larges passants ornent la ceinture et un zip apparent milieu devant confirme son style r\u00e9solument moderne. Quatre plis couch\u00e9s sur le devant lui apportent un joli volume.<\/p>\n\n\n\n<figure class=\"wp-block-image size-large\"><img loading=\"lazy\" decoding=\"async\" width=\"1024\" height=\"1024\" src=\"https:\/\/www.craftine.com\/blog\/wp-content\/uploads\/2023\/10\/202310_VISUELS_Blog_6-1024x1024.jpg\" alt=\"\" class=\"wp-image-5871\" srcset=\"https:\/\/wp.craftine.cargo-webproject.com\/wp-content\/uploads\/2023\/10\/202310_VISUELS_Blog_6-1024x1024.jpg 1024w, https:\/\/wp.craftine.cargo-webproject.com\/wp-content\/uploads\/2023\/10\/202310_VISUELS_Blog_6-300x300.jpg 300w, https:\/\/wp.craftine.cargo-webproject.com\/wp-content\/uploads\/2023\/10\/202310_VISUELS_Blog_6-150x150.jpg 150w, https:\/\/wp.craftine.cargo-webproject.com\/wp-content\/uploads\/2023\/10\/202310_VISUELS_Blog_6-768x768.jpg 768w, https:\/\/wp.craftine.cargo-webproject.com\/wp-content\/uploads\/2023\/10\/202310_VISUELS_Blog_6-696x696.jpg 696w, https:\/\/wp.craftine.cargo-webproject.com\/wp-content\/uploads\/2023\/10\/202310_VISUELS_Blog_6-1068x1068.jpg 1068w, https:\/\/wp.craftine.cargo-webproject.com\/wp-content\/uploads\/2023\/10\/202310_VISUELS_Blog_6-420x420.jpg 420w, https:\/\/wp.craftine.cargo-webproject.com\/wp-content\/uploads\/2023\/10\/202310_VISUELS_Blog_6.jpg 1250w\" sizes=\"auto, (max-width: 1024px) 100vw, 1024px\" \/><\/figure>\n\n\n\n<p><\/p>\n\n\n\n<p class=\"has-drop-cap\">Conseil style : \u00c0 porter avec des collants noirs, une paire de boots, un joli chemisier et un blazer, vous voil\u00e0 pr\u00eate pour conqu\u00e9rir cette nouvelle journ\u00e9e ! \u00c0 porter avec un chino et une jolie paire de sandales \u00e0 talons.<\/p>\n\n\n\n<figure class=\"wp-block-image size-large is-resized\"><img loading=\"lazy\" decoding=\"async\" width=\"1024\" height=\"989\" src=\"https:\/\/www.craftine.com\/blog\/wp-content\/uploads\/2023\/10\/202310_VISUELS_Blog_7-1024x989.jpg\" alt=\"\" class=\"wp-image-5872\" style=\"width:726px;height:auto\" srcset=\"https:\/\/wp.craftine.cargo-webproject.com\/wp-content\/uploads\/2023\/10\/202310_VISUELS_Blog_7-1024x989.jpg 1024w, https:\/\/wp.craftine.cargo-webproject.com\/wp-content\/uploads\/2023\/10\/202310_VISUELS_Blog_7-300x290.jpg 300w, https:\/\/wp.craftine.cargo-webproject.com\/wp-content\/uploads\/2023\/10\/202310_VISUELS_Blog_7-768x741.jpg 768w, https:\/\/wp.craftine.cargo-webproject.com\/wp-content\/uploads\/2023\/10\/202310_VISUELS_Blog_7-696x672.jpg 696w, https:\/\/wp.craftine.cargo-webproject.com\/wp-content\/uploads\/2023\/10\/202310_VISUELS_Blog_7-1068x1031.jpg 1068w, https:\/\/wp.craftine.cargo-webproject.com\/wp-content\/uploads\/2023\/10\/202310_VISUELS_Blog_7-435x420.jpg 435w, https:\/\/wp.craftine.cargo-webproject.com\/wp-content\/uploads\/2023\/10\/202310_VISUELS_Blog_7.jpg 1128w\" sizes=\"auto, (max-width: 1024px) 100vw, 1024px\" \/><\/figure>\n\n\n\n<p><\/p>\n\n\n\n<pre class=\"wp-block-code\"><code>>>> D\u00e9couvrez notre cat\u00e9gorie produits d\u00e9di\u00e9s aux <a href=\"https:\/\/www.craftine.com\/tissus\/shopby\/tissus-automne.html\">tissus automne-hiver<\/a><\/code><\/pre>\n\n\n\n<h2 class=\"wp-block-heading\">&nbsp;Mes avantages fid\u00e9lit\u00e9 abonn\u00e9e box<\/h2>\n\n\n<div class=\"wp-block-image\">\n<figure class=\"aligncenter size-full\"><img loading=\"lazy\" decoding=\"async\" width=\"595\" height=\"420\" src=\"https:\/\/www.craftine.com\/blog\/wp-content\/uploads\/2023\/10\/202310_VISUELS_Blog_8-1.jpg\" alt=\"\" class=\"wp-image-5882\" srcset=\"https:\/\/wp.craftine.cargo-webproject.com\/wp-content\/uploads\/2023\/10\/202310_VISUELS_Blog_8-1.jpg 595w, https:\/\/wp.craftine.cargo-webproject.com\/wp-content\/uploads\/2023\/10\/202310_VISUELS_Blog_8-1-300x212.jpg 300w, https:\/\/wp.craftine.cargo-webproject.com\/wp-content\/uploads\/2023\/10\/202310_VISUELS_Blog_8-1-100x70.jpg 100w, https:\/\/wp.craftine.cargo-webproject.com\/wp-content\/uploads\/2023\/10\/202310_VISUELS_Blog_8-1-200x140.jpg 200w\" sizes=\"auto, (max-width: 595px) 100vw, 595px\" \/><\/figure>\n<\/div>\n\n\n<h2 class=\"wp-block-heading\">Vos tissus pr\u00e9f\u00e9r\u00e9s du mois avec une remise de 50%<\/h2>\n\n\n\n<p>D\u00e9cider entre deux mod\u00e8les peut parfois \u00eatre un dilemme. Vous pourriez m\u00eame avoir l&rsquo;envie de les combiner ou de les ajuster dans une vari\u00e9t\u00e9 de nuances. C&rsquo;est l\u00e0 que notre <strong>collection exclusive de tissus<\/strong> entre en jeu, et le mieux dans tout \u00e7a ? Ces magnifiques tissus sont disponibles \u00e0 petit prix, vous permettant d&rsquo;explorer votre cr\u00e9ativit\u00e9 sans vous ruiner.<\/p>\n\n\n\n<p>Si vous \u00eates un abonn\u00e9 actif et que vous vous connectez \u00e0 votre compte Craftine, vous b\u00e9n\u00e9ficierez d&rsquo;une <strong>r\u00e9duction incroyable de 50%<\/strong> sur tous les tissus de notre collection. C&rsquo;est notre fa\u00e7on de r\u00e9compenser votre fid\u00e9lit\u00e9 et de vous encourager \u00e0 laisser libre cours \u00e0 votre cr\u00e9ativit\u00e9 sans vous soucier du co\u00fbt.<\/p>\n\n\n\n<p>Alors, pourquoi attendre ? Plongez dans notre collection de tissus en suivant ce lien : <a href=\"https:\/\/www.craftine.com\/vpbox\">https:\/\/www.craftine.com\/vpbox<\/a>. N&rsquo;oubliez pas, la cr\u00e9ativit\u00e9 n&rsquo;a pas de limites, surtout lorsque vous avez acc\u00e8s aux meilleures mati\u00e8res \u00e0 des prix imbattables. Profitez-en d\u00e8s maintenant et laissez votre cr\u00e9ativit\u00e9 s&rsquo;\u00e9panouir !<\/p>\n\n\n\n<h2 class=\"wp-block-heading\">Suivez ces \u00e9tapes pour trouver facilement les patrons et les cahiers des instructions<\/h2>\n\n\n\n<ol class=\"wp-block-list\">\n<li><strong>Tailles et Formats Disponibles<\/strong> : Nos mod\u00e8les sont disponibles de la taille 34 \u00e0 48, en format PDF ainsi qu&rsquo;en version papier, cette derni\u00e8re \u00e9tant incluse dans votre box si vous avez opt\u00e9 pour cette option.<\/li>\n\n\n\n<li><strong>Acc\u00e8s aux Directives et Mod\u00e8les<\/strong> : Les directives d&rsquo;assemblage et les mod\u00e8les au format PDF peuvent \u00eatre obtenus via le lien de t\u00e9l\u00e9chargement fourni dans le d\u00e9pliant inclus dans votre box. Vous pouvez y acc\u00e9der en cliquant directement <a href=\"https:\/\/www.craftine.com\/mon-patron\" target=\"_blank\" rel=\"noreferrer noopener\">ici<\/a>.<\/li>\n\n\n\n<li><strong>Saisie du Code Secret<\/strong> : Pour garantir votre acc\u00e8s exclusif, veuillez fournir le code secret mentionn\u00e9 sur le d\u00e9pliant. <\/li>\n\n\n\n<li><strong>T\u00e9l\u00e9charger vos fichiers<\/strong> : Patrons au format PDF et la gamme de montage d\u00e9taill\u00e9e.<\/li>\n<\/ol>\n\n\n\n<h2 class=\"wp-block-heading\">Souhaitez-vous \u00e9galement faire partie de notre communaut\u00e9 d&rsquo;abonn\u00e9s et b\u00e9n\u00e9ficier des avantages de fid\u00e9lit\u00e9 ?<\/h2>\n\n\n\n<p>Pour recevoir la Craftine Box, inscrivez-vous : <a href=\"https:\/\/www.craftine.com\/box-couture.html\">ici<\/a>. <\/p>\n\n\n\n<p>Pour explorer nos tissus, rubans, mercerie, mod\u00e8les de couture, <a href=\"https:\/\/www.craftine.com\/tissus-pas-cher\" target=\"_blank\" rel=\"noreferrer noopener\">tissu pas cher<\/a>, visitez notre <a href=\"https:\/\/www.craftine.com\/\" target=\"_blank\" rel=\"noreferrer noopener\">boutique en ligne<\/a>.<\/p>\n","protected":false},"excerpt":{"rendered":"<p>L\u2019automne est l\u00e0, le dressing d\u2019hiver ressort petit \u00e0 petit du placard.&nbsp;Dans cette nouvelle box, on vous propose de vous&nbsp;approprier un classique de la couture avec un tissu plein de surprises pour des pi\u00e8ces chics et urbaines que vous n\u2019allez plus quitter ! Voici le contenu de votre box couture surprise : La Craftine box [&hellip;]<\/p>\n","protected":false},"author":6,"featured_media":5866,"comment_status":"open","ping_status":"open","sticky":false,"template":"","format":"standard","meta":{"footnotes":""},"categories":[17],"tags":[],"class_list":{"0":"post-5864","1":"post","2":"type-post","3":"status-publish","4":"format-standard","5":"has-post-thumbnail","7":"category-box"},"_links":{"self":[{"href":"https:\/\/wp.craftine.cargo-webproject.com\/wp-json\/wp\/v2\/posts\/5864","targetHints":{"allow":["GET"]}}],"collection":[{"href":"https:\/\/wp.craftine.cargo-webproject.com\/wp-json\/wp\/v2\/posts"}],"about":[{"href":"https:\/\/wp.craftine.cargo-webproject.com\/wp-json\/wp\/v2\/types\/post"}],"author":[{"embeddable":true,"href":"https:\/\/wp.craftine.cargo-webproject.com\/wp-json\/wp\/v2\/users\/6"}],"replies":[{"embeddable":true,"href":"https:\/\/wp.craftine.cargo-webproject.com\/wp-json\/wp\/v2\/comments?post=5864"}],"version-history":[{"count":17,"href":"https:\/\/wp.craftine.cargo-webproject.com\/wp-json\/wp\/v2\/posts\/5864\/revisions"}],"predecessor-version":[{"id":6633,"href":"https:\/\/wp.craftine.cargo-webproject.com\/wp-json\/wp\/v2\/posts\/5864\/revisions\/6633"}],"wp:featuredmedia":[{"embeddable":true,"href":"https:\/\/wp.craftine.cargo-webproject.com\/wp-json\/wp\/v2\/media\/5866"}],"wp:attachment":[{"href":"https:\/\/wp.craftine.cargo-webproject.com\/wp-json\/wp\/v2\/media?parent=5864"}],"wp:term":[{"taxonomy":"category","embeddable":true,"href":"https:\/\/wp.craftine.cargo-webproject.com\/wp-json\/wp\/v2\/categories?post=5864"},{"taxonomy":"post_tag","embeddable":true,"href":"https:\/\/wp.craftine.cargo-webproject.com\/wp-json\/wp\/v2\/tags?post=5864"}],"curies":[{"name":"wp","href":"https:\/\/api.w.org\/{rel}","templated":true}]}}