{"id":607,"date":"2015-09-29T16:13:14","date_gmt":"2015-09-29T15:13:14","guid":{"rendered":"http:\/\/blog.craftine.com\/?p=607"},"modified":"2025-10-08T11:37:06","modified_gmt":"2025-10-08T09:37:06","slug":"idee-projet-robes-mere-fille","status":"publish","type":"post","link":"https:\/\/wp.craftine.cargo-webproject.com\/idee-projet-robes-mere-fille\/","title":{"rendered":"Id\u00e9e projet : Robes m\u00e8re &#8211; fille"},"content":{"rendered":"<p>Le projet d&rsquo;un duo de robes m\u00e8re &#8211; fille a \u00e9merg\u00e9 chez Craftine avec la sortie surprise du patron de la robe Ar\u00e9li de R\u00e9publique du Chiffon !<\/p>\n<p>Gros coup de c\u0153ur pour ce patron original avec le plastron sur le devant, qui permet de jouer avec les couleurs et les mati\u00e8res, et enfin qui agr\u00e9ment\u00e9 d&rsquo;une ceinture donne un rendu d\u00e9contract\u00e9 chic.<\/p>\n<p>Merci \u00e0 R\u00e9publique du Chiffon pour ce joli patron de derni\u00e8re minute qui plus est se coud assez facilement et rapidement.<!--more--><\/p>\n<p>L&rsquo;id\u00e9e est ensuite venue de coudre une robe fillette assortie pour un joli duo m\u00e8re-fille. Nous avons choisi de r\u00e9aliser le mod\u00e8le Jill de la Maison Victor paru dans le magazine en mars\/avril.<\/p>\n<p>Pour r\u00e9aliser ces robes, nous avons choisi\u00a0de marier deux tissus, un superbe <a href=\"http:\/\/www.craftine.com\/tissu-art-gallery-fabrics-indelible-floret-stains-mulberry-x10cm-tdidl2224.html\">tissu coton de Art Gallery\u00a0Indelible Floret Stains Mulberry<\/a> avec un <a href=\"http:\/\/www.craftine.com\/tissu-viscose-gris-anthracite-x10cm-tas7290945.html\">tissu viscose gris anthracite<\/a> relativement \u00e9pais qui a une belle tenue.<\/p>\n<p><a href=\"https:\/\/www.craftine.com\/blog\/wp-content\/uploads\/2015\/08\/visuel21-1.jpg\"><img loading=\"lazy\" decoding=\"async\" class=\"alignnone size-large wp-image-613\" src=\"https:\/\/www.craftine.com\/blog\/wp-content\/uploads\/2015\/08\/visuel21-1-1024x812.jpg\" alt=\"visuel2\" width=\"1024\" height=\"812\" srcset=\"https:\/\/wp.craftine.cargo-webproject.com\/wp-content\/uploads\/2015\/08\/visuel21-1-1024x812.jpg 1024w, https:\/\/wp.craftine.cargo-webproject.com\/wp-content\/uploads\/2015\/08\/visuel21-1-300x238.jpg 300w, https:\/\/wp.craftine.cargo-webproject.com\/wp-content\/uploads\/2015\/08\/visuel21-1-768x609.jpg 768w, https:\/\/wp.craftine.cargo-webproject.com\/wp-content\/uploads\/2015\/08\/visuel21-1-696x552.jpg 696w, https:\/\/wp.craftine.cargo-webproject.com\/wp-content\/uploads\/2015\/08\/visuel21-1-1068x847.jpg 1068w, https:\/\/wp.craftine.cargo-webproject.com\/wp-content\/uploads\/2015\/08\/visuel21-1-530x420.jpg 530w, https:\/\/wp.craftine.cargo-webproject.com\/wp-content\/uploads\/2015\/08\/visuel21-1.jpg 1273w\" sizes=\"auto, (max-width: 1024px) 100vw, 1024px\" \/><\/a><\/p>\n<p>Initialement, ces robes sont \u00e0 porter l&rsquo;\u00e9t\u00e9, mais au vu de l&rsquo;\u00e9paisseur des tissus et des coloris, elles pourront \u00e9galement autant l&rsquo;une que l&rsquo;autre \u00eatre mise \u00e0 la mi-saison ou m\u00eame en hiver avec des collants et un sous-pull assorti.<\/p>\n<p><a href=\"https:\/\/www.craftine.com\/blog\/wp-content\/uploads\/2015\/08\/visuel31-1.jpg\"><img loading=\"lazy\" decoding=\"async\" class=\"alignnone size-large wp-image-620\" src=\"https:\/\/www.craftine.com\/blog\/wp-content\/uploads\/2015\/08\/visuel31-1-1024x768.jpg\" alt=\"visuel3\" width=\"1024\" height=\"768\" srcset=\"https:\/\/wp.craftine.cargo-webproject.com\/wp-content\/uploads\/2015\/08\/visuel31-1-1024x768.jpg 1024w, https:\/\/wp.craftine.cargo-webproject.com\/wp-content\/uploads\/2015\/08\/visuel31-1-300x225.jpg 300w, https:\/\/wp.craftine.cargo-webproject.com\/wp-content\/uploads\/2015\/08\/visuel31-1-768x576.jpg 768w, https:\/\/wp.craftine.cargo-webproject.com\/wp-content\/uploads\/2015\/08\/visuel31-1-80x60.jpg 80w, https:\/\/wp.craftine.cargo-webproject.com\/wp-content\/uploads\/2015\/08\/visuel31-1-265x198.jpg 265w, https:\/\/wp.craftine.cargo-webproject.com\/wp-content\/uploads\/2015\/08\/visuel31-1-696x522.jpg 696w, https:\/\/wp.craftine.cargo-webproject.com\/wp-content\/uploads\/2015\/08\/visuel31-1-1068x801.jpg 1068w, https:\/\/wp.craftine.cargo-webproject.com\/wp-content\/uploads\/2015\/08\/visuel31-1-560x420.jpg 560w, https:\/\/wp.craftine.cargo-webproject.com\/wp-content\/uploads\/2015\/08\/visuel31-1.jpg 1500w\" sizes=\"auto, (max-width: 1024px) 100vw, 1024px\" \/><\/a><\/p>\n<p>Ce duo m\u00e8re-fille vous tente-t-il ?<\/p>\n<p>Belles coutures \u00e0 vous et bonne journ\u00e9e.<\/p>\n<p>Pour d&rsquo;autres id\u00e9es de patrons couture, vous pouvez <a href=\"https:\/\/www.craftine.com\/patrons-de-couture.html\">cliquer\u00a0ici<\/a>.<\/p>\n","protected":false},"excerpt":{"rendered":"<p>Le projet d&rsquo;un duo de robes m\u00e8re &#8211; fille a \u00e9merg\u00e9 chez Craftine avec la sortie surprise du patron de la robe Ar\u00e9li de R\u00e9publique du Chiffon ! Gros coup de c\u0153ur pour ce patron original avec le plastron sur le devant, qui permet de jouer avec les couleurs et les mati\u00e8res, et enfin qui [&hellip;]<\/p>\n","protected":false},"author":1,"featured_media":615,"comment_status":"open","ping_status":"open","sticky":false,"template":"","format":"standard","meta":{"footnotes":""},"categories":[21],"tags":[],"class_list":{"0":"post-607","1":"post","2":"type-post","3":"status-publish","4":"format-standard","5":"has-post-thumbnail","7":"category-idees-projets"},"_links":{"self":[{"href":"https:\/\/wp.craftine.cargo-webproject.com\/wp-json\/wp\/v2\/posts\/607","targetHints":{"allow":["GET"]}}],"collection":[{"href":"https:\/\/wp.craftine.cargo-webproject.com\/wp-json\/wp\/v2\/posts"}],"about":[{"href":"https:\/\/wp.craftine.cargo-webproject.com\/wp-json\/wp\/v2\/types\/post"}],"author":[{"embeddable":true,"href":"https:\/\/wp.craftine.cargo-webproject.com\/wp-json\/wp\/v2\/users\/1"}],"replies":[{"embeddable":true,"href":"https:\/\/wp.craftine.cargo-webproject.com\/wp-json\/wp\/v2\/comments?post=607"}],"version-history":[{"count":8,"href":"https:\/\/wp.craftine.cargo-webproject.com\/wp-json\/wp\/v2\/posts\/607\/revisions"}],"predecessor-version":[{"id":6850,"href":"https:\/\/wp.craftine.cargo-webproject.com\/wp-json\/wp\/v2\/posts\/607\/revisions\/6850"}],"wp:featuredmedia":[{"embeddable":true,"href":"https:\/\/wp.craftine.cargo-webproject.com\/wp-json\/wp\/v2\/media\/615"}],"wp:attachment":[{"href":"https:\/\/wp.craftine.cargo-webproject.com\/wp-json\/wp\/v2\/media?parent=607"}],"wp:term":[{"taxonomy":"category","embeddable":true,"href":"https:\/\/wp.craftine.cargo-webproject.com\/wp-json\/wp\/v2\/categories?post=607"},{"taxonomy":"post_tag","embeddable":true,"href":"https:\/\/wp.craftine.cargo-webproject.com\/wp-json\/wp\/v2\/tags?post=607"}],"curies":[{"name":"wp","href":"https:\/\/api.w.org\/{rel}","templated":true}]}}