{"id":639,"date":"2015-10-21T12:15:30","date_gmt":"2015-10-21T11:15:30","guid":{"rendered":"http:\/\/blog.craftine.com\/?p=639"},"modified":"2025-01-29T13:40:34","modified_gmt":"2025-01-29T12:40:34","slug":"craftine-box-la-box-du-mois-d-octobre-est-arrivee","status":"publish","type":"post","link":"https:\/\/wp.craftine.cargo-webproject.com\/craftine-box-la-box-du-mois-d-octobre-est-arrivee\/","title":{"rendered":"Craftine Box : La box du mois d&rsquo;octobre est arriv\u00e9e"},"content":{"rendered":"<p>La voici\u00a0la voil\u00e0, la box du mois d&rsquo;octobre vous a \u00e9t\u00e9 envoy\u00e9e !<\/p>\n<p>Comme tous les mois, l&rsquo;\u00e9quipe de Craftine a travaill\u00e9 pour vous, toujours\u00a0autour du m\u00eame concept :<\/p>\n<blockquote><p>Un concentr\u00e9 de plaisir, de surprises pour faire parler votre cr\u00e9ativit\u00e9 !<\/p><\/blockquote>\n<p>Nous avions h\u00e2te de vous pr\u00e9senter son contenu !<!--more--><br \/>\nVoici ce que vous avez d\u00e9couvert ce mois-ci dans votre <strong>jolie boite couture<\/strong>, qui pourra vous resservir pour y ranger vos chutes de tissus, <strong><a href=\"https:\/\/www.craftine.com\/mercerie\/rubanerie.html\">rubans<\/a><\/strong>, <strong><a href=\"https:\/\/www.craftine.com\/mercerie.html\">mercerie<\/a><\/strong>&#8230;<\/p>\n<p><img loading=\"lazy\" decoding=\"async\" class=\"alignnone size-large wp-image-720\" src=\"https:\/\/www.craftine.com\/blog\/wp-content\/uploads\/2015\/10\/visuel-contenu-box-octobre-1-1024x768.jpg\" alt=\"Contenu Box Octobre 2015\" width=\"1024\" height=\"768\" srcset=\"https:\/\/wp.craftine.cargo-webproject.com\/wp-content\/uploads\/2015\/10\/visuel-contenu-box-octobre-1-1024x768.jpg 1024w, https:\/\/wp.craftine.cargo-webproject.com\/wp-content\/uploads\/2015\/10\/visuel-contenu-box-octobre-1-300x225.jpg 300w, https:\/\/wp.craftine.cargo-webproject.com\/wp-content\/uploads\/2015\/10\/visuel-contenu-box-octobre-1-768x576.jpg 768w, https:\/\/wp.craftine.cargo-webproject.com\/wp-content\/uploads\/2015\/10\/visuel-contenu-box-octobre-1-80x60.jpg 80w, https:\/\/wp.craftine.cargo-webproject.com\/wp-content\/uploads\/2015\/10\/visuel-contenu-box-octobre-1-265x198.jpg 265w, https:\/\/wp.craftine.cargo-webproject.com\/wp-content\/uploads\/2015\/10\/visuel-contenu-box-octobre-1-696x522.jpg 696w, https:\/\/wp.craftine.cargo-webproject.com\/wp-content\/uploads\/2015\/10\/visuel-contenu-box-octobre-1-1068x801.jpg 1068w, https:\/\/wp.craftine.cargo-webproject.com\/wp-content\/uploads\/2015\/10\/visuel-contenu-box-octobre-1-560x420.jpg 560w, https:\/\/wp.craftine.cargo-webproject.com\/wp-content\/uploads\/2015\/10\/visuel-contenu-box-octobre-1.jpg 1500w\" sizes=\"auto, (max-width: 1024px) 100vw, 1024px\" \/><\/p>\n<p>La tendance de cet automne est aux imprim\u00e9s graphiques noir et blanc, mais aussi \u00e0 la couleur jaune moutarde, nous avons ainsi gliss\u00e9 dans la boite :<\/p>\n<p>&#8211; Tissu Jacquard Jersey Black &amp; White : 130\u00d7145 cm\u00a0(poids 350g\/ml)<\/p>\n<p>&#8211; Doublure Satin Jaune moutarde : 110\u00d7150 cm<\/p>\n<p>&#8211; <a href=\"https:\/\/www.craftine.com\/tissus\/les-essentiels\/entoilage-vlieseline\/entoilages-thermocollants-pour-vetements.html\">Entoilage\u00a0thermocollant<\/a> : 70\u00d790 cm<\/p>\n<p>&#8211; <a href=\"https:\/\/www.craftine.com\/mercerie\/boutons-attaches-et-oeillets\/boutons-de-couture.html\">Boutons<\/a> 12 mm : 8<\/p>\n<p>Avec le contenu de cette box, l&rsquo;\u00e9quipe de Craftine a r\u00e9alis\u00e9 la veste Coco de <a href=\"http:\/\/schnittchen.com\/?lang=en\" target=\"_blank\" rel=\"noopener\">Schnittchen pattern<\/a>. C&rsquo;est une jolie veste doubl\u00e9e de demi-saison que l&rsquo;on peut \u00e9galement porter l&rsquo;hiver sous un manteau. La coupe est ajust\u00e9e, l\u00e9g\u00e8rement \u00e9vas\u00e9e sur le bas avec des coins arrondis et manches 3\/4.<\/p>\n<p><a href=\"https:\/\/www.craftine.com\/blog\/wp-content\/uploads\/2015\/10\/carte_recto-1.png\"><img loading=\"lazy\" decoding=\"async\" class=\"alignnone size-large wp-image-696\" src=\"https:\/\/www.craftine.com\/blog\/wp-content\/uploads\/2015\/10\/carte_recto-1-1024x682.png\" alt=\"carte_recto\" width=\"1024\" height=\"682\" srcset=\"https:\/\/wp.craftine.cargo-webproject.com\/wp-content\/uploads\/2015\/10\/carte_recto-1-1024x682.png 1024w, https:\/\/wp.craftine.cargo-webproject.com\/wp-content\/uploads\/2015\/10\/carte_recto-1-300x200.png 300w, https:\/\/wp.craftine.cargo-webproject.com\/wp-content\/uploads\/2015\/10\/carte_recto-1-768x512.png 768w, https:\/\/wp.craftine.cargo-webproject.com\/wp-content\/uploads\/2015\/10\/carte_recto-1-696x464.png 696w, https:\/\/wp.craftine.cargo-webproject.com\/wp-content\/uploads\/2015\/10\/carte_recto-1-1068x712.png 1068w, https:\/\/wp.craftine.cargo-webproject.com\/wp-content\/uploads\/2015\/10\/carte_recto-1-630x420.png 630w, https:\/\/wp.craftine.cargo-webproject.com\/wp-content\/uploads\/2015\/10\/carte_recto-1.png 1772w\" sizes=\"auto, (max-width: 1024px) 100vw, 1024px\" \/><\/a><\/p>\n<p>Vous trouverez le <span style=\"color: #ff0000;\"><strong><span style=\"color: #000000;\">patron disponible en patron pochette et t\u00e9l\u00e9chargeable en PDF sur le site de la marque<\/span><\/strong><\/span>. Pour l&rsquo;occasion, la cr\u00e9atrice vous propose un tarif pr\u00e9f\u00e9rentiel\u00a0sur le patron avec le code mentionn\u00e9 sur la carte postale que vous avez re\u00e7ue\u00a0dans votre box. Le patron vous reviendra ainsi \u00e0 seulement 4.50 euros.<\/p>\n<p>Ce patron est en anglais, nous vous proposons la traduction ainsi que quelques indications suppl\u00e9mentaires (tutoriel photo et technique d&rsquo;utilisation de l&rsquo;entoilage thermocollant) <a href=\"https:\/\/craftine.com\/blog\/?p=642&amp;preview=true\">ici<\/a>.<\/p>\n<p><a href=\"https:\/\/www.craftine.com\/blog\/wp-content\/uploads\/2015\/10\/visuel-veste-schnittchen-1.jpg\"><img loading=\"lazy\" decoding=\"async\" class=\"alignnone size-large wp-image-737\" src=\"https:\/\/www.craftine.com\/blog\/wp-content\/uploads\/2015\/10\/visuel-veste-schnittchen-1-1024x806.jpg\" alt=\"Veste Schnittchen Coco\" width=\"1024\" height=\"806\" srcset=\"https:\/\/wp.craftine.cargo-webproject.com\/wp-content\/uploads\/2015\/10\/visuel-veste-schnittchen-1-1024x806.jpg 1024w, https:\/\/wp.craftine.cargo-webproject.com\/wp-content\/uploads\/2015\/10\/visuel-veste-schnittchen-1-300x236.jpg 300w, https:\/\/wp.craftine.cargo-webproject.com\/wp-content\/uploads\/2015\/10\/visuel-veste-schnittchen-1-768x605.jpg 768w, https:\/\/wp.craftine.cargo-webproject.com\/wp-content\/uploads\/2015\/10\/visuel-veste-schnittchen-1-696x548.jpg 696w, https:\/\/wp.craftine.cargo-webproject.com\/wp-content\/uploads\/2015\/10\/visuel-veste-schnittchen-1-1068x841.jpg 1068w, https:\/\/wp.craftine.cargo-webproject.com\/wp-content\/uploads\/2015\/10\/visuel-veste-schnittchen-1-533x420.jpg 533w, https:\/\/wp.craftine.cargo-webproject.com\/wp-content\/uploads\/2015\/10\/visuel-veste-schnittchen-1.jpg 1429w\" sizes=\"auto, (max-width: 1024px) 100vw, 1024px\" \/><\/a><\/p>\n<p>Avec les chutes, nous avons aussi r\u00e9alis\u00e9 un chapeau assorti. Nous vous avons mis \u00e0 disposition le tuto gratuit <a href=\"https:\/\/craftine.com\/blog\/?p=646&amp;preview=true\">ici<\/a>.<\/p>\n<p><img loading=\"lazy\" decoding=\"async\" class=\"alignnone wp-image-687 size-large\" src=\"https:\/\/www.craftine.com\/blog\/wp-content\/uploads\/2015\/10\/visuel21-1-1024x768.png\" alt=\"Visuel Chapeau Box Octobre\" width=\"1024\" height=\"768\" srcset=\"https:\/\/wp.craftine.cargo-webproject.com\/wp-content\/uploads\/2015\/10\/visuel21-1-1024x768.png 1024w, https:\/\/wp.craftine.cargo-webproject.com\/wp-content\/uploads\/2015\/10\/visuel21-1-300x225.png 300w, https:\/\/wp.craftine.cargo-webproject.com\/wp-content\/uploads\/2015\/10\/visuel21-1-768x576.png 768w, https:\/\/wp.craftine.cargo-webproject.com\/wp-content\/uploads\/2015\/10\/visuel21-1-80x60.png 80w, https:\/\/wp.craftine.cargo-webproject.com\/wp-content\/uploads\/2015\/10\/visuel21-1-265x198.png 265w, https:\/\/wp.craftine.cargo-webproject.com\/wp-content\/uploads\/2015\/10\/visuel21-1-696x522.png 696w, https:\/\/wp.craftine.cargo-webproject.com\/wp-content\/uploads\/2015\/10\/visuel21-1-1068x801.png 1068w, https:\/\/wp.craftine.cargo-webproject.com\/wp-content\/uploads\/2015\/10\/visuel21-1-560x420.png 560w, https:\/\/wp.craftine.cargo-webproject.com\/wp-content\/uploads\/2015\/10\/visuel21-1.png 1672w\" sizes=\"auto, (max-width: 1024px) 100vw, 1024px\" \/><\/p>\n<p>Et vous qu\u2019allez-vous choisir de r\u00e9aliser ? <a href=\"https:\/\/www.craftine.com\/patron-craftine-perfecto-coco.html\">La veste Coco<\/a> ou une toute autre cr\u00e9ation ?<\/p>\n<p>Nous attendons avec impatience les photos de vos r\u00e9alisations\u00a0que vous pouvez poster sur notre <a href=\"https:\/\/www.facebook.com\/craftine\" target=\"_blank\" rel=\"noopener\">page Facebook<\/a>.<\/p>\n<p>Si vous souhaitez vous inscrire pour recevoir la prochaine box, c\u2019est par <a href=\"https:\/\/www.craftine.com\/box-couture.html\">ici<\/a>.<\/p>\n<p>Si vous souhaitez d\u00e9couvrir d\u2019autres tissus dans notre boutique en ligne, c\u2019est par\u00a0<a href=\"https:\/\/www.craftine.com\">ici<\/a>.<\/p>\n<p>Nous esp\u00e9rons que cette nouvelle box vous donne enti\u00e8re satisfaction et nous vous souhaitons de tr\u00e8s belles cr\u00e9ations.<\/p>\n<p>\u00c0 tr\u00e8s bient\u00f4t.<\/p>\n","protected":false},"excerpt":{"rendered":"<p>La voici\u00a0la voil\u00e0, la box du mois d&rsquo;octobre vous a \u00e9t\u00e9 envoy\u00e9e ! Comme tous les mois, l&rsquo;\u00e9quipe de Craftine a travaill\u00e9 pour vous, toujours\u00a0autour du m\u00eame concept : Un concentr\u00e9 de plaisir, de surprises pour faire parler votre cr\u00e9ativit\u00e9 ! Nous avions h\u00e2te de vous pr\u00e9senter son contenu !<\/p>\n","protected":false},"author":1,"featured_media":718,"comment_status":"open","ping_status":"open","sticky":false,"template":"","format":"standard","meta":{"footnotes":""},"categories":[17],"tags":[],"class_list":{"0":"post-639","1":"post","2":"type-post","3":"status-publish","4":"format-standard","5":"has-post-thumbnail","7":"category-box"},"_links":{"self":[{"href":"https:\/\/wp.craftine.cargo-webproject.com\/wp-json\/wp\/v2\/posts\/639","targetHints":{"allow":["GET"]}}],"collection":[{"href":"https:\/\/wp.craftine.cargo-webproject.com\/wp-json\/wp\/v2\/posts"}],"about":[{"href":"https:\/\/wp.craftine.cargo-webproject.com\/wp-json\/wp\/v2\/types\/post"}],"author":[{"embeddable":true,"href":"https:\/\/wp.craftine.cargo-webproject.com\/wp-json\/wp\/v2\/users\/1"}],"replies":[{"embeddable":true,"href":"https:\/\/wp.craftine.cargo-webproject.com\/wp-json\/wp\/v2\/comments?post=639"}],"version-history":[{"count":11,"href":"https:\/\/wp.craftine.cargo-webproject.com\/wp-json\/wp\/v2\/posts\/639\/revisions"}],"predecessor-version":[{"id":6651,"href":"https:\/\/wp.craftine.cargo-webproject.com\/wp-json\/wp\/v2\/posts\/639\/revisions\/6651"}],"wp:featuredmedia":[{"embeddable":true,"href":"https:\/\/wp.craftine.cargo-webproject.com\/wp-json\/wp\/v2\/media\/718"}],"wp:attachment":[{"href":"https:\/\/wp.craftine.cargo-webproject.com\/wp-json\/wp\/v2\/media?parent=639"}],"wp:term":[{"taxonomy":"category","embeddable":true,"href":"https:\/\/wp.craftine.cargo-webproject.com\/wp-json\/wp\/v2\/categories?post=639"},{"taxonomy":"post_tag","embeddable":true,"href":"https:\/\/wp.craftine.cargo-webproject.com\/wp-json\/wp\/v2\/tags?post=639"}],"curies":[{"name":"wp","href":"https:\/\/api.w.org\/{rel}","templated":true}]}}