{"id":660,"date":"2015-10-28T14:51:28","date_gmt":"2015-10-28T13:51:28","guid":{"rendered":"http:\/\/blog.craftine.com\/?p=660"},"modified":"2019-02-18T16:56:50","modified_gmt":"2019-02-18T15:56:50","slug":"actualite-craftine-a-l-honneur-sur-simply-moderne","status":"publish","type":"post","link":"https:\/\/wp.craftine.cargo-webproject.com\/actualite-craftine-a-l-honneur-sur-simply-moderne\/","title":{"rendered":"Actualit\u00e9 : Craftine \u00e0 l&rsquo;honneur sur Simply Moderne"},"content":{"rendered":"<p>Rappelez vous, il y a quelques temps, nous vous avions pr\u00e9sent\u00e9 <a href=\"http:\/\/blog.craftine.com\/coup-de-coeur-le-magazine-simply-moderne\/\">ici<\/a> un nouveau magazine de patchwork moderne \u00e9dit\u00e9 par Quiltmania pour lequel nous avions eu un coup de coeur : <a href=\"http:\/\/www.quiltmania.com\/simply-moderne-magazine.html\" target=\"_blank\" rel=\"noopener\">Simply Moderne<\/a>.<\/p>\n<p>Nous vous avions \u00e9galement propos\u00e9 <a href=\"http:\/\/blog.craftine.com\/cousons-ensemble-tuto-tote-bag-vol-doie\/\">ici<\/a> le tuto du tote bag utilisant la technique du Vol d&rsquo;oie propos\u00e9e dans le num\u00e9ro 1 du magazine.<!--more--><\/p>\n<p>Le num\u00e9ro 2 est en ce moment dans les kiosques\u00a0et met \u00e0 l&rsquo;honneur Craftine au travers d&rsquo;un joli reportage. Le magazine nous a \u00e9galement permis de vous proposer le tuto du maxi sac cabas r\u00e9alis\u00e9 dans un joli tissu Art Gallery.<\/p>\n<p><img loading=\"lazy\" decoding=\"async\" class=\"alignnone size-large wp-image-772\" src=\"https:\/\/www.craftine.com\/wp\/wp-content\/uploads\/2015\/10\/presentation-craftine-simply-moderne-1-1024x768.jpg\" alt=\"Pr\u00e9sentation Craftine par Simply Moderne\" width=\"1024\" height=\"768\" srcset=\"https:\/\/wp.craftine.cargo-webproject.com\/wp-content\/uploads\/2015\/10\/presentation-craftine-simply-moderne-1.jpg 1024w, https:\/\/wp.craftine.cargo-webproject.com\/wp-content\/uploads\/2015\/10\/presentation-craftine-simply-moderne-1-300x225.jpg 300w, https:\/\/wp.craftine.cargo-webproject.com\/wp-content\/uploads\/2015\/10\/presentation-craftine-simply-moderne-1-768x576.jpg 768w, https:\/\/wp.craftine.cargo-webproject.com\/wp-content\/uploads\/2015\/10\/presentation-craftine-simply-moderne-1-80x60.jpg 80w, https:\/\/wp.craftine.cargo-webproject.com\/wp-content\/uploads\/2015\/10\/presentation-craftine-simply-moderne-1-265x198.jpg 265w, https:\/\/wp.craftine.cargo-webproject.com\/wp-content\/uploads\/2015\/10\/presentation-craftine-simply-moderne-1-696x522.jpg 696w, https:\/\/wp.craftine.cargo-webproject.com\/wp-content\/uploads\/2015\/10\/presentation-craftine-simply-moderne-1-560x420.jpg 560w\" sizes=\"auto, (max-width: 1024px) 100vw, 1024px\" \/>\u00a0<img loading=\"lazy\" decoding=\"async\" class=\"alignnone size-large wp-image-773\" src=\"https:\/\/www.craftine.com\/wp\/wp-content\/uploads\/2015\/10\/tuto-sac-cabas-1-1024x768.jpg\" alt=\"Tuto sac cabas\" width=\"1024\" height=\"768\" srcset=\"https:\/\/wp.craftine.cargo-webproject.com\/wp-content\/uploads\/2015\/10\/tuto-sac-cabas-1-1024x768.jpg 1024w, https:\/\/wp.craftine.cargo-webproject.com\/wp-content\/uploads\/2015\/10\/tuto-sac-cabas-1-300x225.jpg 300w, https:\/\/wp.craftine.cargo-webproject.com\/wp-content\/uploads\/2015\/10\/tuto-sac-cabas-1-768x576.jpg 768w, https:\/\/wp.craftine.cargo-webproject.com\/wp-content\/uploads\/2015\/10\/tuto-sac-cabas-1-80x60.jpg 80w, https:\/\/wp.craftine.cargo-webproject.com\/wp-content\/uploads\/2015\/10\/tuto-sac-cabas-1-265x198.jpg 265w, https:\/\/wp.craftine.cargo-webproject.com\/wp-content\/uploads\/2015\/10\/tuto-sac-cabas-1-696x522.jpg 696w, https:\/\/wp.craftine.cargo-webproject.com\/wp-content\/uploads\/2015\/10\/tuto-sac-cabas-1-560x420.jpg 560w, https:\/\/wp.craftine.cargo-webproject.com\/wp-content\/uploads\/2015\/10\/tuto-sac-cabas-1.jpg 1067w\" sizes=\"auto, (max-width: 1024px) 100vw, 1024px\" \/><\/p>\n<p>Ce num\u00e9ro 2 \u00e0 l&rsquo;identique du num\u00e9ro 1 est un tr\u00e8s beau magazine de belle qualit\u00e9 proposant des id\u00e9es de r\u00e9alisations modernes, gaies et color\u00e9es. Nous avons eu deux vrais coups de c\u0153ur dans ce num\u00e9ro (pour n&rsquo;en citer que deux).\u00a0Le Stag Nation de Rana Heredia qui est d&rsquo;ailleurs pr\u00e9sent\u00e9 en couverture et les Fen\u00eatres V\u00e9nitiennes de Nanette Holmberg.<\/p>\n<p>Alors n&rsquo;h\u00e9sitez plus, rendez-vous chez votre buraliste pour vous faire plaisir avec ce nouveau num\u00e9ro.<\/p>\n<p>\u00c0 tr\u00e8s bient\u00f4t.<\/p>\n","protected":false},"excerpt":{"rendered":"<p>Rappelez vous, il y a quelques temps, nous vous avions pr\u00e9sent\u00e9 ici un nouveau magazine de patchwork moderne \u00e9dit\u00e9 par Quiltmania pour lequel nous avions eu un coup de coeur : Simply Moderne. Nous vous avions \u00e9galement propos\u00e9 ici le tuto du tote bag utilisant la technique du Vol d&rsquo;oie propos\u00e9e dans le num\u00e9ro 1 [&hellip;]<\/p>\n","protected":false},"author":1,"featured_media":771,"comment_status":"open","ping_status":"open","sticky":false,"template":"","format":"standard","meta":{"footnotes":""},"categories":[15],"tags":[],"class_list":{"0":"post-660","1":"post","2":"type-post","3":"status-publish","4":"format-standard","5":"has-post-thumbnail","7":"category-actus"},"_links":{"self":[{"href":"https:\/\/wp.craftine.cargo-webproject.com\/wp-json\/wp\/v2\/posts\/660","targetHints":{"allow":["GET"]}}],"collection":[{"href":"https:\/\/wp.craftine.cargo-webproject.com\/wp-json\/wp\/v2\/posts"}],"about":[{"href":"https:\/\/wp.craftine.cargo-webproject.com\/wp-json\/wp\/v2\/types\/post"}],"author":[{"embeddable":true,"href":"https:\/\/wp.craftine.cargo-webproject.com\/wp-json\/wp\/v2\/users\/1"}],"replies":[{"embeddable":true,"href":"https:\/\/wp.craftine.cargo-webproject.com\/wp-json\/wp\/v2\/comments?post=660"}],"version-history":[{"count":1,"href":"https:\/\/wp.craftine.cargo-webproject.com\/wp-json\/wp\/v2\/posts\/660\/revisions"}],"predecessor-version":[{"id":2839,"href":"https:\/\/wp.craftine.cargo-webproject.com\/wp-json\/wp\/v2\/posts\/660\/revisions\/2839"}],"wp:featuredmedia":[{"embeddable":true,"href":"https:\/\/wp.craftine.cargo-webproject.com\/wp-json\/wp\/v2\/media\/771"}],"wp:attachment":[{"href":"https:\/\/wp.craftine.cargo-webproject.com\/wp-json\/wp\/v2\/media?parent=660"}],"wp:term":[{"taxonomy":"category","embeddable":true,"href":"https:\/\/wp.craftine.cargo-webproject.com\/wp-json\/wp\/v2\/categories?post=660"},{"taxonomy":"post_tag","embeddable":true,"href":"https:\/\/wp.craftine.cargo-webproject.com\/wp-json\/wp\/v2\/tags?post=660"}],"curies":[{"name":"wp","href":"https:\/\/api.w.org\/{rel}","templated":true}]}}