{"id":6734,"date":"2025-04-23T18:15:35","date_gmt":"2025-04-23T16:15:35","guid":{"rendered":"https:\/\/www.craftine.com\/blog\/?p=6734"},"modified":"2025-04-28T14:42:14","modified_gmt":"2025-04-28T12:42:14","slug":"nouvelle-box-couture-vegetal-dots","status":"publish","type":"post","link":"https:\/\/wp.craftine.cargo-webproject.com\/nouvelle-box-couture-vegetal-dots\/","title":{"rendered":"D\u00e9couvrez la nouvelle Box V\u00e9g\u00e9tal Dots !"},"content":{"rendered":"\n<p>\ud83d\udc40 &nbsp;D\u00e9couvrez notre Box Couture V\u00e9g\u00e9tal Dots ! &nbsp;: <a href=\"https:\/\/www.craftine.com\/box\"><strong>La Craftine Box<\/strong><\/a><\/p>\n\n\n\n<p>Comme on sait que vous avez besoin de douceur en ces mois d\u2019hiver !&nbsp;<\/p>\n\n\n\n<p>Pr\u00e9parez-vous \u00e0 accueillir notre nouvelle box couture,&nbsp;<\/p>\n\n\n\n<p>\ud83c\udfa8 Quand la couture rencontre la nature, une histoire prend vie\u2026&nbsp;&nbsp;<\/p>\n\n\n\n<p>Un clin d\u2019\u0153il \u00e0 la simplicit\u00e9, audacieuse et chic !<\/p>\n\n\n\n<p>Vous allez craquer pour les patrons Eden et Rozy, le mix parfait entre confort et style. Vous allez craquer pour sa mati\u00e8re qui fait son grand retour cet hiver ! &nbsp;<a href=\"https:\/\/www.craftine.com\/box\">box couture<\/a> !<\/p>\n\n\n\n<p>Ce mois-ci, on vous propose une box casual pour \u00eatre chic lors d\u2019une c\u00e9r\u00e9monie ou styl\u00e9e au quotidien !<\/p>\n\n\n\n<h2 class=\"wp-block-heading\">\u2b50 Au programme de cette nouvelle Box Couture Craftine<br><\/h2>\n\n\n\n<figure class=\"wp-block-image\"><img decoding=\"async\" src=\"https:\/\/lh7-rt.googleusercontent.com\/docsz\/AD_4nXdNPvBpjGSI1Cf1mb6yyUijnT-9xYE_rntKZYoOgq9a1_m3pKYWKrrOKnBK_CApMWQTnODAYY6EUpuhyxwx70FSTQLXxKULClvpgIUOglMVPdAY4wGYtk-AX9Tj9VTxl4mKyNdvbQ?key=bICMuZzythhfexPnI42b3D5k\" alt=\"\"\/><\/figure>\n\n\n\n<p class=\"has-text-align-center\">\ud83d\udc49 <a href=\"https:\/\/www.craftine.com\/box\"><strong>Je d\u00e9couvre la box<\/strong><\/a><\/p>\n\n\n\n<figure class=\"wp-block-image\"><img decoding=\"async\" src=\"https:\/\/lh7-rt.googleusercontent.com\/docsz\/AD_4nXd92_fCiuB7Kr38EdL3QP8UmrcBOaATJaAvOx7FUuyvAIzZ3aoUT_PoAgkuAab9k0PnTxnoi1vxJXGkPo0CPWYOPcvJ_t68nZTRhRoZaJSMiIHPtf7b6FW_Vl7xwlYHgSfXnROdDQ?key=bICMuZzythhfexPnI42b3D5k\" alt=\"\"\/><\/figure>\n\n\n\n<h2 class=\"wp-block-heading\">\ud83d\udc8c Ce qui vous attend dans cette box exclusive<\/h2>\n\n\n\n<ul class=\"wp-block-list\">\n<li>Une belle mati\u00e8re aux couleurs naturelles et un motif \u00e0 la modernit\u00e9 assum\u00e9e ! Nous avons choisi un tissu \u00e0 la tenue parfaite.<\/li>\n<\/ul>\n\n\n\n<p>On a choisi des petits boutons nacr\u00e9s pour se coordonner parfaitement avec.<\/p>\n\n\n\n<ul class=\"wp-block-list\">\n<li>Pour les mod\u00e8les, nous vous avons concoct\u00e9 deux p\u00e9pites : les patrons \u00c9den et Rozy. Deux pi\u00e8ces faciles \u00e0 porter. Nous avons h\u00e2te de vous voir les adopter ! \ud83c\udf1e<br><\/li>\n\n\n\n<li>Comme toujours, des explications hyper d\u00e9taill\u00e9es pour vous guider pas \u00e0 pas, que vous soyez d\u00e9butante ou couturi\u00e8re exp\u00e9riment\u00e9e !<\/li>\n<\/ul>\n\n\n<div class=\"wp-block-image\">\n<figure class=\"aligncenter\"><img decoding=\"async\" src=\"https:\/\/lh7-rt.googleusercontent.com\/docsz\/AD_4nXfFTBDGUEli3UrxkpgwCa0UQK7qRrp8URqlyjp3EFudxP0CupXcNuGYKCgJv0LT7M_yNzsubPLys9qMuhliKpGzHWpYUKEyrzHFEbJuBHMDN5TutZt2tQb2syHKy4DoI_TnF3w4?key=bICMuZzythhfexPnI42b3D5k\" alt=\"\"\/><\/figure>\n<\/div>\n\n\n<p>Qu\u2019y a-t-il dans notre magnifique box couture ?<\/p>\n\n\n\n<p>On vous propose 2 nouveaux patrons couture in\u00e9dits : <strong>La chemisette Eden et la combishort Rosy.<\/strong><\/p>\n\n\n\n<figure class=\"wp-block-image\"><img decoding=\"async\" src=\"https:\/\/lh7-rt.googleusercontent.com\/docsz\/AD_4nXcZNXQAtr8vXBh1719gI6h7R83Y93G7JBSFM-odjmjPB-BupCOX8yZnBEFpd51eherwNcN-9kcNEr0hfGy3XugBRt_3tOu5aGPyoKL02uPAD-zrFUbiWjuKyYu2WCExV3U_F4iR0Q?key=bICMuZzythhfexPnI42b3D5k\" alt=\"\"\/><\/figure>\n\n\n\n<p>Sur le flyer de la box, vous avez la possibilit\u00e9 de d\u00e9couvrir les premi\u00e8res cr\u00e9ations d\u2019abonn\u00e9es. Cela vous permettra de vous projeter plus facilement !&nbsp;<\/p>\n\n\n\n<p><strong>Pour les d\u00e9couvrir, il suffit de scanner le QR Code ou de <\/strong><a href=\"https:\/\/www.craftine.com\/vos-creations\"><strong>suivre ce lien.\u00a0<\/strong><\/a><\/p>\n\n\n\n<p>Vous avez \u00e9galement la possibilit\u00e9 de partager avec nous vos cr\u00e9ations dans ce nouvel espace communautaire !<\/p>\n\n\n\n<h3 class=\"wp-block-heading\">Suggestion #1 : La chemisette Eden<\/h3>\n\n\n\n<p>\ud83e\uddf5 Envie d\u2019un <strong>look casual <\/strong>et styl\u00e9 ? Cette chemisette <strong>ample et l\u00e9g\u00e8re <\/strong>est parfaite pour les beaux jours avec ses <strong>manches courtes<\/strong> ultra confort. Son col tailleur ajoute une touche chic avec son<strong> joli d\u00e9collet\u00e9<\/strong>, ferm\u00e9 par de<strong> petits boutons nacr\u00e9s<\/strong>. Son fit loose et ses <strong>emmanchures tombantes<\/strong> lui donnent une vibe moderne et tendance. En plus, son tissu beige <strong>imprim\u00e9 v\u00e9g\u00e9tal<\/strong> en pointillisme apporte la petite touche styl\u00e9e qui fait la diff\u00e9rence !<\/p>\n\n\n\n<figure class=\"wp-block-image\"><img decoding=\"async\" src=\"https:\/\/lh7-rt.googleusercontent.com\/docsz\/AD_4nXeXJP9ks9tHECKiCYNWBEKzINJNfxwvqvM1G5iPKjl0MKLVpwM3wGMmx-PQrnuJ4u0x1UUCijR0oLbqxR-3WGEftn9AT6NQnW6WRcN4qYovvVc2s1D1KhiVgsxJF181TylOw2WzJg?key=bICMuZzythhfexPnI42b3D5k\" alt=\"\"\/><\/figure>\n\n\n<div class=\"wp-block-image\">\n<figure class=\"aligncenter size-full is-resized\"><img loading=\"lazy\" decoding=\"async\" width=\"609\" height=\"409\" src=\"https:\/\/www.craftine.com\/blog\/wp-content\/uploads\/2025\/04\/News_Devoilage_Avril_2025_Visu04.jpg\" alt=\"\" class=\"wp-image-6738\" style=\"width:1068px;height:auto\" srcset=\"https:\/\/wp.craftine.cargo-webproject.com\/wp-content\/uploads\/2025\/04\/News_Devoilage_Avril_2025_Visu04.jpg 609w, https:\/\/wp.craftine.cargo-webproject.com\/wp-content\/uploads\/2025\/04\/News_Devoilage_Avril_2025_Visu04-300x201.jpg 300w\" sizes=\"auto, (max-width: 609px) 100vw, 609px\" \/><\/figure>\n<\/div>\n\n\n<p>\ud83d\udcf7 Conseil style : Portez-la avec un pantalon noir et des chaussures en mati\u00e8res naturelles pour un look au top. Et pour encore plus de style, d\u00e9boutonnez les deux derniers boutons et nouez-la \u00e0 la taille !<\/p>\n\n\n\n<h3 class=\"wp-block-heading\">Suggestion #2 : La combishort Rosy<\/h3>\n\n\n\n<p>\ud83e\uddf5 La pi\u00e8ce parfaite qui fait tout le job toute seule ! <strong>Un mix entre la robe et la combishort<\/strong>, ce mod\u00e8le sans manches est juste id\u00e9al pour les journ\u00e9es ensoleill\u00e9es. Sa <strong>coupe ample trap\u00e8ze<\/strong> se cintre avec une large ceinture \u00e0 nouer sur le devant pour une touche styl\u00e9e.<\/p>\n\n\n\n<p><strong>Pratique et cool<\/strong>, les trois petits boutons \u00e0 l\u2019\u00e9paule permettent de d\u00e9boutonner une bretelle pour un enfilage facile. Avec son <strong>d\u00e9collet\u00e9 en V<\/strong> et ses <strong>grandes emmanchures.<\/strong><\/p>\n\n\n\n<figure class=\"wp-block-image\"><img decoding=\"async\" src=\"https:\/\/lh7-rt.googleusercontent.com\/docsz\/AD_4nXcoPV-1EhomjIdLnXJ_rOSPbh_3MaiX_lhik5Qn0b6NmMhHC938nTdljhXnwAYgix-GupOE7-7ObKbUFM2RhKGAdC9srebDlUQ2FHr3ps0_GsYqgpZOGu_O3ZVCMmasLyHCnHO-?key=bICMuZzythhfexPnI42b3D5k\" alt=\"\"\/><\/figure>\n\n\n<div class=\"wp-block-image\">\n<figure class=\"aligncenter size-full is-resized\"><img loading=\"lazy\" decoding=\"async\" width=\"609\" height=\"409\" src=\"https:\/\/www.craftine.com\/blog\/wp-content\/uploads\/2025\/04\/News_Devoilage_Avril_2025_Visu03-1.jpg\" alt=\"\" class=\"wp-image-6739\" style=\"width:1068px;height:auto\" srcset=\"https:\/\/wp.craftine.cargo-webproject.com\/wp-content\/uploads\/2025\/04\/News_Devoilage_Avril_2025_Visu03-1.jpg 609w, https:\/\/wp.craftine.cargo-webproject.com\/wp-content\/uploads\/2025\/04\/News_Devoilage_Avril_2025_Visu03-1-300x201.jpg 300w\" sizes=\"auto, (max-width: 609px) 100vw, 609px\" \/><\/figure>\n<\/div>\n\n\n<p>\ud83d\udcf7 Conseil style : Ajoutez une veste noire si besoin et enfilez une paire de baskets en toile pour <strong>un style casual<\/strong> <strong>et ultra tendance !<\/strong><\/p>\n\n\n\n<p class=\"has-text-align-center\"><img loading=\"lazy\" decoding=\"async\" src=\"https:\/\/lh7-rt.googleusercontent.com\/docsz\/AD_4nXdw7Ss5L8EzsxhB8seONS-PokCe53nyXgqq3PcnxO4Es0pj212vjLkVR0U3fuRHrGXC0mLexVrUTA7niqgera1F5K5KFULVXjZvhBsuBr7qjs6s8TWzWOSnXjr-Ua9xKlU0tCld?key=bICMuZzythhfexPnI42b3D5k\" width=\"602\" height=\"156\"><\/p>\n\n\n\n<figure class=\"wp-block-image\"><img decoding=\"async\" src=\"https:\/\/lh7-rt.googleusercontent.com\/docsz\/AD_4nXeetztSSmuIbVtWsN-5CDeS1hrSQ6sRoTfMOTf-X_ZuMOyjcGpSu8V-QV9xvCxIkWJ7EQ96O6UKzJUifdgJyjDG-efI6ah072W-LPn3lSitULUvqU3rv_hnp-0rPBq7ngtfZBGl?key=bICMuZzythhfexPnI42b3D5k\" alt=\"\"\/><\/figure>\n\n\n\n<p><\/p>\n","protected":false},"excerpt":{"rendered":"<p>\ud83d\udc40 &nbsp;D\u00e9couvrez notre Box Couture V\u00e9g\u00e9tal Dots ! &nbsp;: La Craftine Box Comme on sait que vous avez besoin de douceur en ces mois d\u2019hiver !&nbsp; Pr\u00e9parez-vous \u00e0 accueillir notre nouvelle box couture,&nbsp; \ud83c\udfa8 Quand la couture rencontre la nature, une histoire prend vie\u2026&nbsp;&nbsp; Un clin d\u2019\u0153il \u00e0 la simplicit\u00e9, audacieuse et chic ! Vous [&hellip;]<\/p>\n","protected":false},"author":6,"featured_media":6744,"comment_status":"open","ping_status":"open","sticky":false,"template":"","format":"standard","meta":{"footnotes":""},"categories":[17],"tags":[],"class_list":{"0":"post-6734","1":"post","2":"type-post","3":"status-publish","4":"format-standard","5":"has-post-thumbnail","7":"category-box"},"_links":{"self":[{"href":"https:\/\/wp.craftine.cargo-webproject.com\/wp-json\/wp\/v2\/posts\/6734","targetHints":{"allow":["GET"]}}],"collection":[{"href":"https:\/\/wp.craftine.cargo-webproject.com\/wp-json\/wp\/v2\/posts"}],"about":[{"href":"https:\/\/wp.craftine.cargo-webproject.com\/wp-json\/wp\/v2\/types\/post"}],"author":[{"embeddable":true,"href":"https:\/\/wp.craftine.cargo-webproject.com\/wp-json\/wp\/v2\/users\/6"}],"replies":[{"embeddable":true,"href":"https:\/\/wp.craftine.cargo-webproject.com\/wp-json\/wp\/v2\/comments?post=6734"}],"version-history":[{"count":2,"href":"https:\/\/wp.craftine.cargo-webproject.com\/wp-json\/wp\/v2\/posts\/6734\/revisions"}],"predecessor-version":[{"id":6741,"href":"https:\/\/wp.craftine.cargo-webproject.com\/wp-json\/wp\/v2\/posts\/6734\/revisions\/6741"}],"wp:featuredmedia":[{"embeddable":true,"href":"https:\/\/wp.craftine.cargo-webproject.com\/wp-json\/wp\/v2\/media\/6744"}],"wp:attachment":[{"href":"https:\/\/wp.craftine.cargo-webproject.com\/wp-json\/wp\/v2\/media?parent=6734"}],"wp:term":[{"taxonomy":"category","embeddable":true,"href":"https:\/\/wp.craftine.cargo-webproject.com\/wp-json\/wp\/v2\/categories?post=6734"},{"taxonomy":"post_tag","embeddable":true,"href":"https:\/\/wp.craftine.cargo-webproject.com\/wp-json\/wp\/v2\/tags?post=6734"}],"curies":[{"name":"wp","href":"https:\/\/api.w.org\/{rel}","templated":true}]}}