{"id":752,"date":"2016-01-20T17:26:26","date_gmt":"2016-01-20T16:26:26","guid":{"rendered":"http:\/\/blog.craftine.com\/?p=752"},"modified":"2019-02-18T16:43:27","modified_gmt":"2019-02-18T15:43:27","slug":"idee-projet-veste-cheri","status":"publish","type":"post","link":"https:\/\/wp.craftine.cargo-webproject.com\/idee-projet-veste-cheri\/","title":{"rendered":"Id\u00e9e projet : Veste Cheri"},"content":{"rendered":"<p>Le temps se rafra\u00eechit, il est temps de ressortir vestes et manteaux.<\/p>\n<p>Nous vous proposons de r\u00e9aliser vous m\u00eame votre\u00a0veste, celle qui vous correspond. Nous avons utilis\u00e9 le patron de la <a href=\"http:\/\/www.lamaisonvictor.com\/fr\/magazine\" target=\"_blank\" rel=\"noopener\">veste Cheri de La Maison Victor<\/a> (magazine sept-oct 2015). C&rsquo;est une jolie veste \u00e0 porter ouverte ou ferm\u00e9e par une ceinture.<!--more--><\/p>\n<p>En fonction de vos envies, vous pourrez utiliser plusieurs types de tissus :<\/p>\n<p><img loading=\"lazy\" decoding=\"async\" class=\"alignnone size-large wp-image-907\" src=\"https:\/\/www.craftine.com\/wp\/wp-content\/uploads\/2015\/10\/tissus-jacquard-1-1024x563.jpg\" alt=\"Tissus Jacquard\" width=\"1024\" height=\"563\" srcset=\"https:\/\/wp.craftine.cargo-webproject.com\/wp-content\/uploads\/2015\/10\/tissus-jacquard-1.jpg 1024w, https:\/\/wp.craftine.cargo-webproject.com\/wp-content\/uploads\/2015\/10\/tissus-jacquard-1-300x165.jpg 300w, https:\/\/wp.craftine.cargo-webproject.com\/wp-content\/uploads\/2015\/10\/tissus-jacquard-1-768x422.jpg 768w, https:\/\/wp.craftine.cargo-webproject.com\/wp-content\/uploads\/2015\/10\/tissus-jacquard-1-696x383.jpg 696w, https:\/\/wp.craftine.cargo-webproject.com\/wp-content\/uploads\/2015\/10\/tissus-jacquard-1-764x420.jpg 764w\" sizes=\"auto, (max-width: 1024px) 100vw, 1024px\" \/><\/p>\n<p>Les <a href=\"http:\/\/www.craftine.com\/tissus\/mode\/jacquard.html\">tissus jacquard<\/a> \u00e0 motif sont tr\u00e8s tendance cette saison. Vous pourrez \u00e9galement\u00a0utiliser un joli <a href=\"http:\/\/www.craftine.com\/tissus\/mode\/lainage.html\">lainage<\/a> ou une <a href=\"http:\/\/www.craftine.com\/tissus\/mode\/fausse-fourrure.html\">fausse fourrure<\/a> branch\u00e9e.<\/p>\n<p>Vous pouvez r\u00e9aliser l&rsquo;ext\u00e9rieur de la veste et la parementure dans le m\u00eame tissu ou bien utiliser deux\u00a0tissus diff\u00e9rents comme dans notre version de la veste Cheri. Nous avons utilis\u00e9 un lainage pour l&rsquo;ext\u00e9rieur et une fausse fourrure pour la parementure.<\/p>\n<p>Pleins de possibilit\u00e9s s&rsquo;offrent \u00e0 vous !<\/p>\n<p>Quelle version allez-vous r\u00e9aliser ? N&rsquo;h\u00e9sitez pas \u00e0 partager les photos de vos r\u00e9alisations sur <a href=\"https:\/\/www.facebook.com\/craftine\" target=\"_blank\" rel=\"noopener\">notre page facebook<\/a>.<\/p>\n<p>A bient\u00f4t.<\/p>\n","protected":false},"excerpt":{"rendered":"<p>Le temps se rafra\u00eechit, il est temps de ressortir vestes et manteaux. Nous vous proposons de r\u00e9aliser vous m\u00eame votre\u00a0veste, celle qui vous correspond. Nous avons utilis\u00e9 le patron de la veste Cheri de La Maison Victor (magazine sept-oct 2015). C&rsquo;est une jolie veste \u00e0 porter ouverte ou ferm\u00e9e par une ceinture.<\/p>\n","protected":false},"author":1,"featured_media":906,"comment_status":"open","ping_status":"open","sticky":false,"template":"","format":"standard","meta":{"footnotes":""},"categories":[21],"tags":[],"class_list":{"0":"post-752","1":"post","2":"type-post","3":"status-publish","4":"format-standard","5":"has-post-thumbnail","7":"category-idees-projets"},"_links":{"self":[{"href":"https:\/\/wp.craftine.cargo-webproject.com\/wp-json\/wp\/v2\/posts\/752","targetHints":{"allow":["GET"]}}],"collection":[{"href":"https:\/\/wp.craftine.cargo-webproject.com\/wp-json\/wp\/v2\/posts"}],"about":[{"href":"https:\/\/wp.craftine.cargo-webproject.com\/wp-json\/wp\/v2\/types\/post"}],"author":[{"embeddable":true,"href":"https:\/\/wp.craftine.cargo-webproject.com\/wp-json\/wp\/v2\/users\/1"}],"replies":[{"embeddable":true,"href":"https:\/\/wp.craftine.cargo-webproject.com\/wp-json\/wp\/v2\/comments?post=752"}],"version-history":[{"count":1,"href":"https:\/\/wp.craftine.cargo-webproject.com\/wp-json\/wp\/v2\/posts\/752\/revisions"}],"predecessor-version":[{"id":2825,"href":"https:\/\/wp.craftine.cargo-webproject.com\/wp-json\/wp\/v2\/posts\/752\/revisions\/2825"}],"wp:featuredmedia":[{"embeddable":true,"href":"https:\/\/wp.craftine.cargo-webproject.com\/wp-json\/wp\/v2\/media\/906"}],"wp:attachment":[{"href":"https:\/\/wp.craftine.cargo-webproject.com\/wp-json\/wp\/v2\/media?parent=752"}],"wp:term":[{"taxonomy":"category","embeddable":true,"href":"https:\/\/wp.craftine.cargo-webproject.com\/wp-json\/wp\/v2\/categories?post=752"},{"taxonomy":"post_tag","embeddable":true,"href":"https:\/\/wp.craftine.cargo-webproject.com\/wp-json\/wp\/v2\/tags?post=752"}],"curies":[{"name":"wp","href":"https:\/\/api.w.org\/{rel}","templated":true}]}}