{"id":788,"date":"2015-11-25T14:46:00","date_gmt":"2015-11-25T13:46:00","guid":{"rendered":"http:\/\/blog.craftine.com\/?p=788"},"modified":"2019-02-18T16:51:36","modified_gmt":"2019-02-18T15:51:36","slug":"cousons-ensemble-tuto-calendrier-de-l-avent","status":"publish","type":"post","link":"https:\/\/wp.craftine.cargo-webproject.com\/cousons-ensemble-tuto-calendrier-de-l-avent\/","title":{"rendered":"Cousons ensemble : Tuto Calendrier de l&rsquo;Avent"},"content":{"rendered":"<p>Le calendrier de l&rsquo;Avent, un bonheur \u00e0 partager en famille qui \u00e9merveille les jeunes comme les grands enfants.<br \/>\nIl vous reste quelques jours pour le r\u00e9aliser.<!--more--><\/p>\n<p><a href=\"https:\/\/www.craftine.com\/wp\/wp-content\/uploads\/2015\/11\/visuel2-1.png\"><img loading=\"lazy\" decoding=\"async\" class=\"alignnone size-large wp-image-806\" src=\"https:\/\/www.craftine.com\/wp\/wp-content\/uploads\/2015\/11\/calendrier-de-l-avant-laine-bouillie-2-1-1024x768.jpg\" alt=\"Calendrier de l'Avent\" width=\"1024\" height=\"768\" srcset=\"https:\/\/wp.craftine.cargo-webproject.com\/wp-content\/uploads\/2015\/11\/calendrier-de-l-avant-laine-bouillie-2-1-1024x768.jpg 1024w, https:\/\/wp.craftine.cargo-webproject.com\/wp-content\/uploads\/2015\/11\/calendrier-de-l-avant-laine-bouillie-2-1-300x225.jpg 300w, https:\/\/wp.craftine.cargo-webproject.com\/wp-content\/uploads\/2015\/11\/calendrier-de-l-avant-laine-bouillie-2-1-768x576.jpg 768w, https:\/\/wp.craftine.cargo-webproject.com\/wp-content\/uploads\/2015\/11\/calendrier-de-l-avant-laine-bouillie-2-1-80x60.jpg 80w, https:\/\/wp.craftine.cargo-webproject.com\/wp-content\/uploads\/2015\/11\/calendrier-de-l-avant-laine-bouillie-2-1-265x198.jpg 265w, https:\/\/wp.craftine.cargo-webproject.com\/wp-content\/uploads\/2015\/11\/calendrier-de-l-avant-laine-bouillie-2-1-696x522.jpg 696w, https:\/\/wp.craftine.cargo-webproject.com\/wp-content\/uploads\/2015\/11\/calendrier-de-l-avant-laine-bouillie-2-1-1068x801.jpg 1068w, https:\/\/wp.craftine.cargo-webproject.com\/wp-content\/uploads\/2015\/11\/calendrier-de-l-avant-laine-bouillie-2-1-560x420.jpg 560w, https:\/\/wp.craftine.cargo-webproject.com\/wp-content\/uploads\/2015\/11\/calendrier-de-l-avant-laine-bouillie-2-1.jpg 1425w\" sizes=\"auto, (max-width: 1024px) 100vw, 1024px\" \/><\/a><\/p>\n<p>Nous vous proposons une id\u00e9e de r\u00e9alisation simple qui \u00e9gayera votre int\u00e9rieur et vous donnera un joli avant go\u00fbt de No\u00ebl.<\/p>\n<h3>Les fournitures dont vous avez besoin :<\/h3>\n<ul>\n<li><a href=\"http:\/\/www.craftine.com\/laine-bouillie-gris-clair-x10cm-tj411928.html\" target=\"_blank\" rel=\"noopener\">Laine bouillie Gris clair<\/a> : 30\u00d7140 cm<\/li>\n<li><a href=\"http:\/\/www.craftine.com\/laine-bouillie-rouge-brique-x10cm-tj411916.html\" target=\"_blank\" rel=\"noopener\">Laine bouillie Rouge brique<\/a> : 30\u00d7140 cm<\/li>\n<li><a href=\"http:\/\/www.craftine.com\/laine-bouillie-vert-x10cm-tj411914.html\" target=\"_blank\" rel=\"noopener\">Laine bouillie Vert<\/a> : 30\u00d7140 cm<\/li>\n<li><a href=\"http:\/\/www.craftine.com\/tissu-laine-fuschia-avec-fils-d-argent-x10cm-tj143703-5538.html\" target=\"_blank\" rel=\"noopener\">Tissu Tweed Fuschia avec fils d&rsquo;argent<\/a> : 10\u00d7150 cm<\/li>\n<li><a href=\"http:\/\/www.craftine.com\/tissu-feutrine-blanc-x10cm-tj505410.html\" target=\"_blank\" rel=\"noopener\">Tissu Feutrine Blanc<\/a> : 20\u00d790<\/li>\n<li><a href=\"http:\/\/www.craftine.com\/rubans\/galons\/surpiques.html\" target=\"_blank\" rel=\"noopener\">Rubans surpiqu\u00e9s<\/a><\/li>\n<li>Petites pinces \u00e0 linge\u00a0en bois<\/li>\n<\/ul>\n<h3>La r\u00e9alisation pas \u00e0 pas :<\/h3>\n<p><a href=\"https:\/\/www.craftine.com\/wp\/wp-content\/uploads\/2015\/11\/tuto-1.png\"><img loading=\"lazy\" decoding=\"async\" class=\"alignnone size-full wp-image-790\" src=\"https:\/\/www.craftine.com\/wp\/wp-content\/uploads\/2015\/11\/tuto-1.png\" alt=\"tuto\" width=\"2103\" height=\"1094\" srcset=\"https:\/\/wp.craftine.cargo-webproject.com\/wp-content\/uploads\/2015\/11\/tuto-1.png 2103w, https:\/\/wp.craftine.cargo-webproject.com\/wp-content\/uploads\/2015\/11\/tuto-1-300x156.png 300w, https:\/\/wp.craftine.cargo-webproject.com\/wp-content\/uploads\/2015\/11\/tuto-1-768x400.png 768w, https:\/\/wp.craftine.cargo-webproject.com\/wp-content\/uploads\/2015\/11\/tuto-1-1024x533.png 1024w, https:\/\/wp.craftine.cargo-webproject.com\/wp-content\/uploads\/2015\/11\/tuto-1-696x362.png 696w, https:\/\/wp.craftine.cargo-webproject.com\/wp-content\/uploads\/2015\/11\/tuto-1-1068x556.png 1068w, https:\/\/wp.craftine.cargo-webproject.com\/wp-content\/uploads\/2015\/11\/tuto-1-807x420.png 807w, https:\/\/wp.craftine.cargo-webproject.com\/wp-content\/uploads\/2015\/11\/tuto-1-1920x999.png 1920w\" sizes=\"auto, (max-width: 2103px) 100vw, 2103px\" \/><\/a>1. D\u00e9coupez 24 rectangles de laine bouillie de 12\u00d730 cm dans les 3 coloris diff\u00e9rents (8 gris, 8 rouge et 8 vert). Ces rectangles seront ensuite repli\u00e9s en 3 comme sur le sch\u00e9ma selon les lignes pointill\u00e9es pour obtenir de petites pochettes. Les chiffres doivent donc \u00eatre positionn\u00e9s dans la partie centrale du coupon rectangulaire.<\/p>\n<p>2. D\u00e9coupez dans la feutrine blanche les chiffres dont vous aurez besoin :<br \/>\n2 z\u00e9ro, 13 un, 8 deux, 3 trois, 3 quatre, 2 cinq, 2 six, 2 sept, 2 huit et 2 neuf.<\/p>\n<p>3. D\u00e9coupez 8\u00a0petits coupons carr\u00e9s de Tweed Fuschia avec fils d&rsquo;argent afin de\u00a0les coudre sur\u00a0certains coupons de laine bouillie \u00e0 l&#8217;emplacement des chiffres.<\/p>\n<p>4. Cousez les chiffres sur les diff\u00e9rents coupons rectangulaires pour former les nombres de 1 \u00e0 24.<\/p>\n<p>5. Repliez ensuite les coupons sur une hauteur de 12 cm et\u00a0cousez les bords\u00a0de part et d&rsquo;autre\u00a0\u00e0 quelques millim\u00e8tres du bord.<\/p>\n<p>Voil\u00e0 vos pochettes termin\u00e9es. Il vous suffit\u00a0maintenant de les suspendre \u00e0 plusieurs rang\u00e9es de rubans pour former des \u00ab\u00a0guirlandes\u00a0\u00bb. \u00a0Maintenez les pochettes \u00e0\u00a0l&rsquo;aide de petites pinces \u00e0 linge\u00a0en bois. Vous pouvez ensuite d\u00e9corer les guirlandes obtenues avec des petits n\u0153uds de rubans, des feuilles de laurier sauce, des petits sapins en feutrine (le tout maintenu avec un peu de p\u00e2te \u00e0 fixer), des pommes de pins&#8230; Vous pouvez laisser parler votre imagination.<\/p>\n<p>Il ne vous reste plus qu&rsquo;\u00e0 garnir vos jolies pochettes de petites surprises.<\/p>\n<p>Belles r\u00e9alisations !<\/p>\n","protected":false},"excerpt":{"rendered":"<p>Le calendrier de l&rsquo;Avent, un bonheur \u00e0 partager en famille qui \u00e9merveille les jeunes comme les grands enfants. Il vous reste quelques jours pour le r\u00e9aliser.<\/p>\n","protected":false},"author":1,"featured_media":805,"comment_status":"open","ping_status":"open","sticky":false,"template":"","format":"standard","meta":{"footnotes":""},"categories":[20],"tags":[],"class_list":{"0":"post-788","1":"post","2":"type-post","3":"status-publish","4":"format-standard","5":"has-post-thumbnail","7":"category-tutos"},"_links":{"self":[{"href":"https:\/\/wp.craftine.cargo-webproject.com\/wp-json\/wp\/v2\/posts\/788","targetHints":{"allow":["GET"]}}],"collection":[{"href":"https:\/\/wp.craftine.cargo-webproject.com\/wp-json\/wp\/v2\/posts"}],"about":[{"href":"https:\/\/wp.craftine.cargo-webproject.com\/wp-json\/wp\/v2\/types\/post"}],"author":[{"embeddable":true,"href":"https:\/\/wp.craftine.cargo-webproject.com\/wp-json\/wp\/v2\/users\/1"}],"replies":[{"embeddable":true,"href":"https:\/\/wp.craftine.cargo-webproject.com\/wp-json\/wp\/v2\/comments?post=788"}],"version-history":[{"count":2,"href":"https:\/\/wp.craftine.cargo-webproject.com\/wp-json\/wp\/v2\/posts\/788\/revisions"}],"predecessor-version":[{"id":2833,"href":"https:\/\/wp.craftine.cargo-webproject.com\/wp-json\/wp\/v2\/posts\/788\/revisions\/2833"}],"wp:featuredmedia":[{"embeddable":true,"href":"https:\/\/wp.craftine.cargo-webproject.com\/wp-json\/wp\/v2\/media\/805"}],"wp:attachment":[{"href":"https:\/\/wp.craftine.cargo-webproject.com\/wp-json\/wp\/v2\/media?parent=788"}],"wp:term":[{"taxonomy":"category","embeddable":true,"href":"https:\/\/wp.craftine.cargo-webproject.com\/wp-json\/wp\/v2\/categories?post=788"},{"taxonomy":"post_tag","embeddable":true,"href":"https:\/\/wp.craftine.cargo-webproject.com\/wp-json\/wp\/v2\/tags?post=788"}],"curies":[{"name":"wp","href":"https:\/\/api.w.org\/{rel}","templated":true}]}}