{"id":811,"date":"2015-12-16T22:25:55","date_gmt":"2015-12-16T21:25:55","guid":{"rendered":"http:\/\/blog.craftine.com\/?p=811"},"modified":"2025-10-08T11:38:30","modified_gmt":"2025-10-08T09:38:30","slug":"craftine-box-la-box-du-mois-de-decembre-est-arrivee","status":"publish","type":"post","link":"https:\/\/wp.craftine.cargo-webproject.com\/craftine-box-la-box-du-mois-de-decembre-est-arrivee\/","title":{"rendered":"Craftine Box : La box du mois de d\u00e9cembre est arriv\u00e9e"},"content":{"rendered":"<p>Apr\u00e8s plusieurs semaines de pr\u00e9paration, nous sommes heureux de vous pr\u00e9senter <strong>la box du mois de d\u00e9cembre<\/strong>.<br \/>\nLes envois ont commenc\u00e9 en avance ce mois-ci en pr\u00e9vision des f\u00eates de fin d&rsquo;ann\u00e9e.<\/p>\n<p>Le concept reste le m\u00eame :<\/p>\n<blockquote><p>Un concentr\u00e9 de plaisir, de surprises pour faire parler votre cr\u00e9ativit\u00e9 !<\/p><\/blockquote>\n<p>Quel est le contenu de la\u00a0jolie bo\u00eete couture que vous pourrez utiliser pour ranger tissus\u00a0et\u00a0mercerie ou\u00a0pourquoi pas\u00a0comme\u00a0<strong><a href=\"https:\/\/www.craftine.com\/box-couture.html\">bo\u00eete cadeau<\/a><\/strong> pour No\u00ebl ?<!--more--><\/p>\n<p><img loading=\"lazy\" decoding=\"async\" class=\"alignnone size-large wp-image-871\" src=\"https:\/\/www.craftine.com\/blog\/wp-content\/uploads\/2015\/12\/box-decembre-2015-contenu-1-1024x774.jpg\" alt=\"Contenu Box D\u00e9cembre 2015\" width=\"1024\" height=\"774\" srcset=\"https:\/\/wp.craftine.cargo-webproject.com\/wp-content\/uploads\/2015\/12\/box-decembre-2015-contenu-1-1024x774.jpg 1024w, https:\/\/wp.craftine.cargo-webproject.com\/wp-content\/uploads\/2015\/12\/box-decembre-2015-contenu-1-300x227.jpg 300w, https:\/\/wp.craftine.cargo-webproject.com\/wp-content\/uploads\/2015\/12\/box-decembre-2015-contenu-1-768x580.jpg 768w, https:\/\/wp.craftine.cargo-webproject.com\/wp-content\/uploads\/2015\/12\/box-decembre-2015-contenu-1-80x60.jpg 80w, https:\/\/wp.craftine.cargo-webproject.com\/wp-content\/uploads\/2015\/12\/box-decembre-2015-contenu-1-696x526.jpg 696w, https:\/\/wp.craftine.cargo-webproject.com\/wp-content\/uploads\/2015\/12\/box-decembre-2015-contenu-1-556x420.jpg 556w, https:\/\/wp.craftine.cargo-webproject.com\/wp-content\/uploads\/2015\/12\/box-decembre-2015-contenu-1.jpg 1059w\" sizes=\"auto, (max-width: 1024px) 100vw, 1024px\" \/><\/p>\n<p>C&rsquo;est un contenu\u00a0qui brille de mille\u00a0feux car la tendance de cette fin d&rsquo;ann\u00e9e est au noir et au m\u00e9tallis\u00e9 ! Nous avons donc gliss\u00e9 :<\/p>\n<p>&#8211; <strong>Tissu Milano Noir<\/strong> : 140\u00d7150 cm<br \/>\n&#8211; <strong>Tissu Jersey Paillet\u00e9<\/strong> : 70\u00d7145 cm<br \/>\n&#8211; <strong>Biais lurex dor\u00e9<\/strong> : 100 cm<br \/>\n&#8211;<strong> Bobine de fil G\u00fctermann\u00a0100 m<\/strong> : 1<\/p>\n<p>Avec ce contenu, nous avons r\u00e9alis\u00e9 chez Craftine la <strong>robe de soir\u00e9e Vanessa<\/strong> de <strong>R\u00e9publique du Chiffon<\/strong>. C&rsquo;est une robe \u00e0 empi\u00e8cement tr\u00e8s simple de r\u00e9alisation qui permet de jouer sur les mati\u00e8res et les couleurs. Elle pourra \u00eatre la robe parfaite pour vos f\u00eates de fin d&rsquo;ann\u00e9e : chic, charme, mais aussi confort.<\/p>\n<p><img loading=\"lazy\" decoding=\"async\" class=\"alignnone size-large wp-image-872\" src=\"https:\/\/www.craftine.com\/blog\/wp-content\/uploads\/2015\/12\/carte_postale_box_d\u00e9c15_recto_V3-1-1024x727.jpg\" alt=\"Carte postale Box D\u00e9cembre 2015 - Recto\" width=\"1024\" height=\"727\" srcset=\"https:\/\/wp.craftine.cargo-webproject.com\/wp-content\/uploads\/2015\/12\/carte_postale_box_d\u00e9c15_recto_V3-1-1024x727.jpg 1024w, https:\/\/wp.craftine.cargo-webproject.com\/wp-content\/uploads\/2015\/12\/carte_postale_box_d\u00e9c15_recto_V3-1-300x213.jpg 300w, https:\/\/wp.craftine.cargo-webproject.com\/wp-content\/uploads\/2015\/12\/carte_postale_box_d\u00e9c15_recto_V3-1-768x545.jpg 768w, https:\/\/wp.craftine.cargo-webproject.com\/wp-content\/uploads\/2015\/12\/carte_postale_box_d\u00e9c15_recto_V3-1-100x70.jpg 100w, https:\/\/wp.craftine.cargo-webproject.com\/wp-content\/uploads\/2015\/12\/carte_postale_box_d\u00e9c15_recto_V3-1-696x494.jpg 696w, https:\/\/wp.craftine.cargo-webproject.com\/wp-content\/uploads\/2015\/12\/carte_postale_box_d\u00e9c15_recto_V3-1-1068x758.jpg 1068w, https:\/\/wp.craftine.cargo-webproject.com\/wp-content\/uploads\/2015\/12\/carte_postale_box_d\u00e9c15_recto_V3-1-592x420.jpg 592w, https:\/\/wp.craftine.cargo-webproject.com\/wp-content\/uploads\/2015\/12\/carte_postale_box_d\u00e9c15_recto_V3-1.jpg 1127w\" sizes=\"auto, (max-width: 1024px) 100vw, 1024px\" \/><\/p>\n<p>Le <a href=\"https:\/\/www.craftine.com\/patrons-de-couture\/patrons-craftine.html\"><strong>patron PDF<\/strong><\/a> est disponible sur la boutique de <strong>R\u00e9publique du Chiffon<\/strong>. Pour l&rsquo;occasion, R\u00e9publique du Chiffon offre\u00a0aux abonn\u00e9es de la box un tarif pr\u00e9f\u00e9rentiel de 7\u20ac sur ce patron en utilisant le <strong>code de remise<\/strong> mentionn\u00e9 sur la carte postale qui a \u00e9t\u00e9 gliss\u00e9e dans votre box.<br \/>\nUne fois le patron achet\u00e9, R\u00e9publique du Chiffon vous l&rsquo;envoie directement sur votre boite mail, vous l&rsquo;imprimez, vous assemblez les pages et votre patron est pr\u00eat \u00e0 \u00eatre utilis\u00e9 ! Rapidit\u00e9 et efficacit\u00e9, vous pouvez d\u00e9j\u00e0 vous lancer dans la r\u00e9alisation de votre robe sans plus attendre !<\/p>\n<p><img loading=\"lazy\" decoding=\"async\" class=\"alignnone size-full wp-image-873\" src=\"https:\/\/www.craftine.com\/blog\/wp-content\/uploads\/2015\/12\/robe-republique-du-chiffon-1.jpg\" alt=\"Robe R\u00e9publique du Chiffon\" width=\"884\" height=\"800\" srcset=\"https:\/\/wp.craftine.cargo-webproject.com\/wp-content\/uploads\/2015\/12\/robe-republique-du-chiffon-1.jpg 884w, https:\/\/wp.craftine.cargo-webproject.com\/wp-content\/uploads\/2015\/12\/robe-republique-du-chiffon-1-300x271.jpg 300w, https:\/\/wp.craftine.cargo-webproject.com\/wp-content\/uploads\/2015\/12\/robe-republique-du-chiffon-1-768x695.jpg 768w, https:\/\/wp.craftine.cargo-webproject.com\/wp-content\/uploads\/2015\/12\/robe-republique-du-chiffon-1-696x630.jpg 696w, https:\/\/wp.craftine.cargo-webproject.com\/wp-content\/uploads\/2015\/12\/robe-republique-du-chiffon-1-464x420.jpg 464w\" sizes=\"auto, (max-width: 884px) 100vw, 884px\" \/><\/p>\n<p>Pour agr\u00e9menter votre robe, nous vous proposons de cr\u00e9er une <strong>ceinture<\/strong> assortie tr\u00e8s simple \u00e0 faire. Vous trouverez le tuto gratuit <a href=\"https:\/\/craftine.com\/blog\/?p=812&amp;preview=true\" target=\"_blank\" rel=\"noopener\">ici<\/a> ainsi que des informations compl\u00e9mentaires pour vous aider \u00e0 r\u00e9aliser votre robe (mieux connaitre le <a href=\"https:\/\/www.craftine.com\/tissus\/mode\/jersey.html?cat=2041\">tissu Milano<\/a>, empi\u00e8cements de la robe, longueur).<\/p>\n<p>Pour vous tenir chaud, nous avons cr\u00e9\u00e9 un <strong>cache \u00e9paules<\/strong>\u00a0que vous pourrez r\u00e9aliser vous aussi\u00a0en suivant le tuto gratuit disponible <a href=\"https:\/\/craftine.com\/blog\/?p=822&amp;preview=true\" target=\"_blank\" rel=\"noopener\">ici<\/a>.<\/p>\n<p><a href=\"https:\/\/www.craftine.com\/blog\/wp-content\/uploads\/2015\/12\/visuel_V2-1.png\"><img loading=\"lazy\" decoding=\"async\" class=\"alignnone size-large wp-image-874\" src=\"https:\/\/www.craftine.com\/blog\/wp-content\/uploads\/2015\/12\/cache-epaule-1-1024x629.jpg\" alt=\"Cache \u00e9paule\" width=\"1024\" height=\"629\" srcset=\"https:\/\/wp.craftine.cargo-webproject.com\/wp-content\/uploads\/2015\/12\/cache-epaule-1-1024x629.jpg 1024w, https:\/\/wp.craftine.cargo-webproject.com\/wp-content\/uploads\/2015\/12\/cache-epaule-1-300x184.jpg 300w, https:\/\/wp.craftine.cargo-webproject.com\/wp-content\/uploads\/2015\/12\/cache-epaule-1-768x472.jpg 768w, https:\/\/wp.craftine.cargo-webproject.com\/wp-content\/uploads\/2015\/12\/cache-epaule-1-356x220.jpg 356w, https:\/\/wp.craftine.cargo-webproject.com\/wp-content\/uploads\/2015\/12\/cache-epaule-1-696x427.jpg 696w, https:\/\/wp.craftine.cargo-webproject.com\/wp-content\/uploads\/2015\/12\/cache-epaule-1-1068x656.jpg 1068w, https:\/\/wp.craftine.cargo-webproject.com\/wp-content\/uploads\/2015\/12\/cache-epaule-1-684x420.jpg 684w, https:\/\/wp.craftine.cargo-webproject.com\/wp-content\/uploads\/2015\/12\/cache-epaule-1.jpg 1303w\" sizes=\"auto, (max-width: 1024px) 100vw, 1024px\" \/><\/a><\/p>\n<p>Et vous, quelles sont vos envies couture avec cette nouvelle box ? Allez-vous r\u00e9aliser la robe Vanessa ou pr\u00e9f\u00e9rerez-vous cr\u00e9er une toute autre pi\u00e8ce ?<\/p>\n<p>N&rsquo;h\u00e9sitez pas \u00e0 partager\u00a0les photos de vos cr\u00e9ations sur notre <a href=\"https:\/\/www.facebook.com\/craftine\" target=\"_blank\" rel=\"noopener\">page facebook<\/a> !<\/p>\n<p>Si vous souhaitez vous inscrire pour recevoir la prochaine box, c\u2019est par <a href=\"https:\/\/www.craftine.com\/box-couture.html\">ici<\/a>.<\/p>\n<p>Si vous souhaitez d\u00e9couvrir d\u2019autres tissus dans notre boutique en ligne, c\u2019est par\u00a0<a href=\"https:\/\/www.craftine.com\/\">ici<\/a>.<\/p>\n<p>Toute l&rsquo;\u00e9quipe de Craftine esp\u00e8re que cette box vous procure\u00a0beaucoup\u00a0de plaisir.<\/p>\n<p>A tr\u00e8s bient\u00f4t.<\/p>\n<p>&#8212;&#8212;&#8212;&#8212;&#8212;&#8212;&#8212;&#8212;&#8212;&#8212;&#8212;&#8212;&#8212;&#8212;&#8212;&#8212;&#8212;&#8212;&#8212;&#8212;&#8212;&#8212;&#8212;&#8212;&#8212;&#8212;&#8212;&#8212;&#8212;&#8212;&#8212;&#8212;&#8211;<\/p>\n<h4>R\u00e9capitulatif des liens pr\u00e9sents dans l&rsquo;article :<\/h4>\n<ul>\n<li>Acheter le patron de la robe Vanessa : <a href=\"http:\/\/republiqueduchiffon.com\/\" target=\"_blank\" rel=\"noopener\">ici<\/a><\/li>\n<li>Astuces\u00a0compl\u00e9mentaires pour la r\u00e9alisation de la robe : <a href=\"https:\/\/craftine.com\/blog\/astuces-couture-box-du-mois-de-decembre\/\" target=\"_blank\" rel=\"noopener\">ici<\/a><\/li>\n<li>Tuto du cache \u00e9paule : <a href=\"https:\/\/craftine.com\/blog\/cousons-ensemble-tuto-cache-epaules\/\" target=\"_blank\" rel=\"noopener\">ici<\/a><\/li>\n<li>Mieux conna\u00eetre le tissu Milano : <a href=\"https:\/\/www.craftine.com\/blog\/astuces-couture-le-tissu-milano\/\" target=\"_blank\" rel=\"noopener\">ici<\/a><\/li>\n<\/ul>\n<p>&#8212;&#8212;&#8212;&#8212;&#8212;&#8212;&#8212;&#8212;&#8212;&#8212;&#8212;&#8212;&#8212;&#8212;&#8212;&#8212;&#8212;&#8212;&#8212;&#8212;&#8212;&#8212;&#8212;&#8212;&#8212;&#8212;&#8212;&#8212;&#8212;&#8212;&#8212;&#8212;&#8211;<\/p>\n","protected":false},"excerpt":{"rendered":"<p>Apr\u00e8s plusieurs semaines de pr\u00e9paration, nous sommes heureux de vous pr\u00e9senter la box du mois de d\u00e9cembre. Les envois ont commenc\u00e9 en avance ce mois-ci en pr\u00e9vision des f\u00eates de fin d&rsquo;ann\u00e9e. Le concept reste le m\u00eame : Un concentr\u00e9 de plaisir, de surprises pour faire parler votre cr\u00e9ativit\u00e9 ! Quel est le contenu de [&hellip;]<\/p>\n","protected":false},"author":1,"featured_media":891,"comment_status":"open","ping_status":"open","sticky":false,"template":"","format":"standard","meta":{"footnotes":""},"categories":[17],"tags":[],"class_list":{"0":"post-811","1":"post","2":"type-post","3":"status-publish","4":"format-standard","5":"has-post-thumbnail","7":"category-box"},"_links":{"self":[{"href":"https:\/\/wp.craftine.cargo-webproject.com\/wp-json\/wp\/v2\/posts\/811","targetHints":{"allow":["GET"]}}],"collection":[{"href":"https:\/\/wp.craftine.cargo-webproject.com\/wp-json\/wp\/v2\/posts"}],"about":[{"href":"https:\/\/wp.craftine.cargo-webproject.com\/wp-json\/wp\/v2\/types\/post"}],"author":[{"embeddable":true,"href":"https:\/\/wp.craftine.cargo-webproject.com\/wp-json\/wp\/v2\/users\/1"}],"replies":[{"embeddable":true,"href":"https:\/\/wp.craftine.cargo-webproject.com\/wp-json\/wp\/v2\/comments?post=811"}],"version-history":[{"count":13,"href":"https:\/\/wp.craftine.cargo-webproject.com\/wp-json\/wp\/v2\/posts\/811\/revisions"}],"predecessor-version":[{"id":6851,"href":"https:\/\/wp.craftine.cargo-webproject.com\/wp-json\/wp\/v2\/posts\/811\/revisions\/6851"}],"wp:featuredmedia":[{"embeddable":true,"href":"https:\/\/wp.craftine.cargo-webproject.com\/wp-json\/wp\/v2\/media\/891"}],"wp:attachment":[{"href":"https:\/\/wp.craftine.cargo-webproject.com\/wp-json\/wp\/v2\/media?parent=811"}],"wp:term":[{"taxonomy":"category","embeddable":true,"href":"https:\/\/wp.craftine.cargo-webproject.com\/wp-json\/wp\/v2\/categories?post=811"},{"taxonomy":"post_tag","embeddable":true,"href":"https:\/\/wp.craftine.cargo-webproject.com\/wp-json\/wp\/v2\/tags?post=811"}],"curies":[{"name":"wp","href":"https:\/\/api.w.org\/{rel}","templated":true}]}}